{"id":122104,"date":"2024-08-02T21:34:52","date_gmt":"2024-08-03T00:34:52","guid":{"rendered":"https:\/\/cdnoticias.com\/?p=122104"},"modified":"2024-08-02T21:34:54","modified_gmt":"2024-08-03T00:34:54","slug":"marta-aurora-antonio-q-e-p-d","status":"publish","type":"post","link":"https:\/\/cdnoticias.com\/index.php\/2024\/08\/02\/marta-aurora-antonio-q-e-p-d\/","title":{"rendered":"Marta Aurora Antonio (Q.E.P.D.)"},"content":{"rendered":"<p>Falleci\u00f3 en Olavarr\u00eda el d\u00eda 2 de agosto de 2024 a los 68 a\u00f1os de edad.<\/p>\n<p>Sus hijas: Laura y Alejandra Paparo. Sus hermanas: Mirta y Graciela Antonio. Su mama Elva y dem\u00e1s familiares participan su fallecimiento.<\/p>\n<p>Velatorio: Espa\u00f1a 2942 departamento &#8220;C&#8221;. Finaliza 00hs. Reabre a las 8 hs del 3\/08\/24. Responso: Capilla Ardiente. Inhumaci\u00f3n: Cementerio Loma de Paz, s\u00e1bado 3 de agosto a las 13:30. Servicio adherido a Coopelectric.<\/p>\n<p>Barrio en el que viv\u00eda: Microcentro<\/p>\n<p>Lugar de nacimiento: Olavarr\u00eda<\/p>\n<p>Actividad que desarrollaba: Jubilada.<\/p>\n","protected":false},"excerpt":{"rendered":"<p>Falleci\u00f3 en Olavarr\u00eda el d\u00eda 2 de agosto de 2024 a los 68 a\u00f1os de edad. Sus hijas: Laura y<\/p>\n","protected":false},"author":4,"featured_media":51544,"comment_status":"closed","ping_status":"closed","sticky":false,"template":"","format":"standard","meta":{"_jetpack_memberships_contains_paid_content":false,"footnotes":""},"categories":[10],"tags":[],"class_list":["post-122104","post","type-post","status-publish","format-standard","has-post-thumbnail","hentry","category-necrologicas"],"jetpack_featured_media_url":"https:\/\/i0.wp.com\/cdnoticias.com\/wp-content\/uploads\/2022\/04\/necrologicas-390-x-240.jpg?fit=390%2C240&ssl=1","jetpack_sharing_enabled":true,"_links":{"self":[{"href":"https:\/\/cdnoticias.com\/index.php\/wp-json\/wp\/v2\/posts\/122104","targetHints":{"allow":["GET"]}}],"collection":[{"href":"https:\/\/cdnoticias.com\/index.php\/wp-json\/wp\/v2\/posts"}],"about":[{"href":"https:\/\/cdnoticias.com\/index.php\/wp-json\/wp\/v2\/types\/post"}],"author":[{"embeddable":true,"href":"https:\/\/cdnoticias.com\/index.php\/wp-json\/wp\/v2\/users\/4"}],"replies":[{"embeddable":true,"href":"https:\/\/cdnoticias.com\/index.php\/wp-json\/wp\/v2\/comments?post=122104"}],"version-history":[{"count":0,"href":"https:\/\/cdnoticias.com\/index.php\/wp-json\/wp\/v2\/posts\/122104\/revisions"}],"wp:featuredmedia":[{"embeddable":true,"href":"https:\/\/cdnoticias.com\/index.php\/wp-json\/wp\/v2\/media\/51544"}],"wp:attachment":[{"href":"https:\/\/cdnoticias.com\/index.php\/wp-json\/wp\/v2\/media?parent=122104"}],"wp:term":[{"taxonomy":"category","embeddable":true,"href":"https:\/\/cdnoticias.com\/index.php\/wp-json\/wp\/v2\/categories?post=122104"},{"taxonomy":"post_tag","embeddable":true,"href":"https:\/\/cdnoticias.com\/index.php\/wp-json\/wp\/v2\/tags?post=122104"}],"curies":[{"name":"wp","href":"https:\/\/api.w.org\/{rel}","templated":true}]}}