{"id":12207,"date":"2021-01-25T12:55:45","date_gmt":"2021-01-25T15:55:45","guid":{"rendered":"http:\/\/www.centraldenoticias.com.ar\/?p=12207"},"modified":"2021-01-25T12:58:46","modified_gmt":"2021-01-25T15:58:46","slug":"unos-30-camiones-estan-en-la-protesta-de-ruta-226-en-olavarria","status":"publish","type":"post","link":"https:\/\/cdnoticias.com\/index.php\/2021\/01\/25\/unos-30-camiones-estan-en-la-protesta-de-ruta-226-en-olavarria\/","title":{"rendered":"Unos 30 camiones est\u00e1n en la protesta de ruta 226 en Olavarr\u00eda"},"content":{"rendered":"<p>La manifestaci\u00f3n de transportistas comenz\u00f3 durante la ma\u00f1ana. No realizan corte de ruta.<!--more--><\/p>\n<hr \/>\n<p>Tal como se adelant\u00f3, <a href=\"https:\/\/cdnoticias.com\/index.php\/2021\/01\/25\/camioneros-se-manifiestan-en-el-cruce-de-rutas-226-y-51\/\" target=\"_blank\" rel=\"noopener\">Olavarr\u00eda se sum\u00f3 a las protestas de transportistas<\/a> que se realizan en al menos seis provincias del pa\u00eds en reclamo de mejora en la rentabilidad.<\/p>\n<p>Desde la ma\u00f1ana de este lunes,<strong> los propietarios de entre uno y dos camiones se manifiestan en el cruce de las rutas 226 y 51<\/strong>. Los autoconvocados son transportistas de cereal.<\/p>\n<p><img data-recalc-dims=\"1\" loading=\"lazy\" decoding=\"async\" class=\"aligncenter wp-image-12200 size-full\" src=\"https:\/\/i0.wp.com\/cdnoticias.com\/wp-content\/uploads\/2021\/01\/protesta-de-camioneros05.jpg?resize=800%2C466&#038;ssl=1\" alt=\"\" width=\"800\" height=\"466\" srcset=\"https:\/\/i0.wp.com\/cdnoticias.com\/wp-content\/uploads\/2021\/01\/protesta-de-camioneros05.jpg?w=800&amp;ssl=1 800w, https:\/\/i0.wp.com\/cdnoticias.com\/wp-content\/uploads\/2021\/01\/protesta-de-camioneros05.jpg?resize=300%2C175&amp;ssl=1 300w, https:\/\/i0.wp.com\/cdnoticias.com\/wp-content\/uploads\/2021\/01\/protesta-de-camioneros05.jpg?resize=768%2C447&amp;ssl=1 768w\" sizes=\"auto, (max-width: 800px) 100vw, 800px\" \/><\/p>\n<blockquote><p>Hasta poco antes del mediod\u00eda se hab\u00edan convocado unos 50 transportistas con alrededor de 30 camiones que ubicaron sobre la rotonda y en sus alrededores, adem\u00e1s prendieron una fogata para visibilizar el reclamo.<\/p><\/blockquote>\n<p>Los manifestantes\u00a0<strong>no llevan a cabo corte del tr\u00e1nsito<\/strong> en este sector de Olavarr\u00eda.<\/p>\n<p><img data-recalc-dims=\"1\" loading=\"lazy\" decoding=\"async\" class=\"aligncenter wp-image-12199 size-full\" src=\"https:\/\/i0.wp.com\/cdnoticias.com\/wp-content\/uploads\/2021\/01\/protesta-de-camioneros04.jpg?resize=800%2C449&#038;ssl=1\" alt=\"\" width=\"800\" height=\"449\" srcset=\"https:\/\/i0.wp.com\/cdnoticias.com\/wp-content\/uploads\/2021\/01\/protesta-de-camioneros04.jpg?w=800&amp;ssl=1 800w, https:\/\/i0.wp.com\/cdnoticias.com\/wp-content\/uploads\/2021\/01\/protesta-de-camioneros04.jpg?resize=300%2C168&amp;ssl=1 300w, https:\/\/i0.wp.com\/cdnoticias.com\/wp-content\/uploads\/2021\/01\/protesta-de-camioneros04.jpg?resize=768%2C431&amp;ssl=1 768w\" sizes=\"auto, (max-width: 800px) 100vw, 800px\" \/><\/p>\n<p><img data-recalc-dims=\"1\" loading=\"lazy\" decoding=\"async\" class=\"aligncenter wp-image-12202 size-full\" src=\"https:\/\/i0.wp.com\/cdnoticias.com\/wp-content\/uploads\/2021\/01\/protesta-de-camioneros07.jpg?resize=800%2C443&#038;ssl=1\" alt=\"\" width=\"800\" height=\"443\" srcset=\"https:\/\/i0.wp.com\/cdnoticias.com\/wp-content\/uploads\/2021\/01\/protesta-de-camioneros07.jpg?w=800&amp;ssl=1 800w, https:\/\/i0.wp.com\/cdnoticias.com\/wp-content\/uploads\/2021\/01\/protesta-de-camioneros07.jpg?resize=300%2C166&amp;ssl=1 300w, https:\/\/i0.wp.com\/cdnoticias.com\/wp-content\/uploads\/2021\/01\/protesta-de-camioneros07.jpg?resize=768%2C425&amp;ssl=1 768w\" sizes=\"auto, (max-width: 800px) 100vw, 800px\" \/><\/p>\n<p><img data-recalc-dims=\"1\" loading=\"lazy\" decoding=\"async\" class=\"aligncenter wp-image-12198 size-full\" src=\"https:\/\/i0.wp.com\/cdnoticias.com\/wp-content\/uploads\/2021\/01\/protesta-de-camioneros03.jpg?resize=800%2C445&#038;ssl=1\" alt=\"\" width=\"800\" height=\"445\" srcset=\"https:\/\/i0.wp.com\/cdnoticias.com\/wp-content\/uploads\/2021\/01\/protesta-de-camioneros03.jpg?w=800&amp;ssl=1 800w, https:\/\/i0.wp.com\/cdnoticias.com\/wp-content\/uploads\/2021\/01\/protesta-de-camioneros03.jpg?resize=300%2C167&amp;ssl=1 300w, https:\/\/i0.wp.com\/cdnoticias.com\/wp-content\/uploads\/2021\/01\/protesta-de-camioneros03.jpg?resize=768%2C427&amp;ssl=1 768w\" sizes=\"auto, (max-width: 800px) 100vw, 800px\" \/><\/p>\n<p><img data-recalc-dims=\"1\" loading=\"lazy\" decoding=\"async\" class=\"aligncenter wp-image-12196 size-full\" src=\"https:\/\/i0.wp.com\/cdnoticias.com\/wp-content\/uploads\/2021\/01\/protesta-de-camioneros01.jpg?resize=800%2C444&#038;ssl=1\" alt=\"\" width=\"800\" height=\"444\" srcset=\"https:\/\/i0.wp.com\/cdnoticias.com\/wp-content\/uploads\/2021\/01\/protesta-de-camioneros01.jpg?w=800&amp;ssl=1 800w, https:\/\/i0.wp.com\/cdnoticias.com\/wp-content\/uploads\/2021\/01\/protesta-de-camioneros01.jpg?resize=300%2C167&amp;ssl=1 300w, https:\/\/i0.wp.com\/cdnoticias.com\/wp-content\/uploads\/2021\/01\/protesta-de-camioneros01.jpg?resize=768%2C426&amp;ssl=1 768w\" sizes=\"auto, (max-width: 800px) 100vw, 800px\" \/><\/p>\n","protected":false},"excerpt":{"rendered":"<p>La manifestaci\u00f3n de transportistas comenz\u00f3 durante la ma\u00f1ana. No realizan corte de ruta.<\/p>\n","protected":false},"author":4,"featured_media":12197,"comment_status":"closed","ping_status":"closed","sticky":false,"template":"","format":"standard","meta":{"_jetpack_memberships_contains_paid_content":false,"footnotes":""},"categories":[5,1],"tags":[],"class_list":["post-12207","post","type-post","status-publish","format-standard","has-post-thumbnail","hentry","category-informacion-general","category-portada"],"jetpack_featured_media_url":"https:\/\/i0.wp.com\/cdnoticias.com\/wp-content\/uploads\/2021\/01\/protesta-de-camioneros02.jpg?fit=800%2C444&ssl=1","jetpack_sharing_enabled":true,"_links":{"self":[{"href":"https:\/\/cdnoticias.com\/index.php\/wp-json\/wp\/v2\/posts\/12207","targetHints":{"allow":["GET"]}}],"collection":[{"href":"https:\/\/cdnoticias.com\/index.php\/wp-json\/wp\/v2\/posts"}],"about":[{"href":"https:\/\/cdnoticias.com\/index.php\/wp-json\/wp\/v2\/types\/post"}],"author":[{"embeddable":true,"href":"https:\/\/cdnoticias.com\/index.php\/wp-json\/wp\/v2\/users\/4"}],"replies":[{"embeddable":true,"href":"https:\/\/cdnoticias.com\/index.php\/wp-json\/wp\/v2\/comments?post=12207"}],"version-history":[{"count":0,"href":"https:\/\/cdnoticias.com\/index.php\/wp-json\/wp\/v2\/posts\/12207\/revisions"}],"wp:featuredmedia":[{"embeddable":true,"href":"https:\/\/cdnoticias.com\/index.php\/wp-json\/wp\/v2\/media\/12197"}],"wp:attachment":[{"href":"https:\/\/cdnoticias.com\/index.php\/wp-json\/wp\/v2\/media?parent=12207"}],"wp:term":[{"taxonomy":"category","embeddable":true,"href":"https:\/\/cdnoticias.com\/index.php\/wp-json\/wp\/v2\/categories?post=12207"},{"taxonomy":"post_tag","embeddable":true,"href":"https:\/\/cdnoticias.com\/index.php\/wp-json\/wp\/v2\/tags?post=12207"}],"curies":[{"name":"wp","href":"https:\/\/api.w.org\/{rel}","templated":true}]}}