{"id":122023,"date":"2024-08-03T20:30:49","date_gmt":"2024-08-03T23:30:49","guid":{"rendered":"https:\/\/cdnoticias.com\/?p=122023"},"modified":"2024-08-04T08:11:40","modified_gmt":"2024-08-04T11:11:40","slug":"sebastian-matrella-tenemos-que-empezar-a-salir-de-la-emergencia-en-el-transporte","status":"publish","type":"post","link":"https:\/\/cdnoticias.com\/index.php\/2024\/08\/03\/sebastian-matrella-tenemos-que-empezar-a-salir-de-la-emergencia-en-el-transporte\/","title":{"rendered":"Sebasti\u00e1n Matrella: \u201ctenemos que empezar a salir de la emergencia en el transporte\u201d"},"content":{"rendered":"<p>Lo plante\u00f3 el concejal quien adelant\u00f3 que se prev\u00e9 para la semana que viene una reuni\u00f3n de la Mesa. La UCR llevar\u00e1 el pedido de aumento de las frecuencias de los micros interurbanos.<!--more--><\/p>\n<hr \/>\n<p>El <strong>concejal Sebasti\u00e1n Matrella de UCR<\/strong> adelant\u00f3 que <strong>se prev\u00e9 para la semana pr\u00f3xima una reuni\u00f3n de la Mesa de Transporte de Olavarr\u00eda<\/strong> a donde llevar\u00e1 el planteo que expres\u00f3 d\u00edas pasados su bloque legislativo para que <a href=\"https:\/\/cdnoticias.com\/index.php\/2024\/07\/30\/transporte-interurbano-la-ucr-pidio-que-se-recuperen-las-frecuencias\/\" target=\"_blank\" rel=\"noopener\">el servicio interurbano aumente las frecuencias de los recorridos<\/a>.<\/p>\n<blockquote><p>En di\u00e1logo con <strong>Central de Noticias<\/strong>, el presidente del bloque radical inform\u00f3 que este jueves \u201cestuve hablando con el presidente del Concejo, Guillermo Santell\u00e1n, por este tema y le ped\u00ed una reuni\u00f3n. Me dijo que iba a organizarla para la semana que viene\u201d.<\/p><\/blockquote>\n<p>En su rol de presidente de bloque Matrella integra la Mesa de Transporte y record\u00f3 que se hab\u00eda planteado originalmente la intenci\u00f3n de mantener encuentros mensuales. En este caso, se\u00f1al\u00f3 que m\u00e1s all\u00e1 del tema propuesto por la UCR, tambi\u00e9n <strong>espera que se traten \u201cotros que por ah\u00ed pueden ir saliendo y ver qu\u00e9 respuesta puede llegar a venir de las empresas\u201d.<\/strong><\/p>\n<figure id=\"attachment_110686\" aria-describedby=\"caption-attachment-110686\" style=\"width: 900px\" class=\"wp-caption aligncenter\"><img data-recalc-dims=\"1\" loading=\"lazy\" decoding=\"async\" class=\"wp-image-110686 size-full\" src=\"https:\/\/i0.wp.com\/cdnoticias.com\/wp-content\/uploads\/2024\/03\/mesa-de-transporte-00.jpg?resize=800%2C445&#038;ssl=1\" alt=\"\" width=\"800\" height=\"445\" srcset=\"https:\/\/i0.wp.com\/cdnoticias.com\/wp-content\/uploads\/2024\/03\/mesa-de-transporte-00.jpg?w=900&amp;ssl=1 900w, https:\/\/i0.wp.com\/cdnoticias.com\/wp-content\/uploads\/2024\/03\/mesa-de-transporte-00.jpg?resize=300%2C167&amp;ssl=1 300w, https:\/\/i0.wp.com\/cdnoticias.com\/wp-content\/uploads\/2024\/03\/mesa-de-transporte-00.jpg?resize=768%2C428&amp;ssl=1 768w, https:\/\/i0.wp.com\/cdnoticias.com\/wp-content\/uploads\/2024\/03\/mesa-de-transporte-00.jpg?resize=800%2C445&amp;ssl=1 800w\" sizes=\"auto, (max-width: 800px) 100vw, 800px\" \/><figcaption id=\"caption-attachment-110686\" class=\"wp-caption-text\">La Mesa de Transporte se constituy\u00f3 con la declaraci\u00f3n de la emergencia.<\/figcaption><\/figure>\n<p>Tal como lo hab\u00edan planteado en el comunicado de los concejales radicales, Sebasti\u00e1n Matrella hizo hincapi\u00e9 en que<strong> \u201cla frecuencia (de los recorridos) ha afectado a los usuarios\u201d del servicio interurbano<\/strong> quienes necesitan salir y llegar de sus localidades. Apunt\u00f3 a que <strong>las posibilidades de acceder a otra forma de traslado son menores en desde las localidades.<\/strong><\/p>\n<blockquote><p>Asimismo, record\u00f3 que \u201cestamos en emergencia del transporte en Olavarr\u00eda, y en esas circunstancias es que tenemos que empezar a salir de esta emergencia. La emergencia se vence en diciembre, tenemos que tratar de llegar a diciembre de la mejor manera posible\u201d.<\/p><\/blockquote>\n<p>Consultado sobre el impacto de la <a href=\"https:\/\/cdnoticias.com\/index.php\/2024\/06\/24\/las-empresas-de-olavarria-incluidas-en-la-suba-de-subsidios-al-transporte-que-anuncio-kicillof\/\" target=\"_blank\" rel=\"noopener\">suba del subsidio que otorga la Provincia de Buenos Aires<\/a> al transporte p\u00fablico y la demora con que las empresas perciben los pagos, el concejal consider\u00f3 que <strong>debe ser uno de los puntos a consultar con las concesionarias<\/strong> locales en la Mesa. <strong>\u201cDe cu\u00e1nto estamos hablando del subsidio, c\u00f3mo les est\u00e1 llegando, cu\u00e1nto est\u00e1 poniendo la Municipalidad. <\/strong>Es para charlar esos temas y la idea es que <strong>en diciembre se pueda dejar atr\u00e1s la emergencia<\/strong>. Eso es lo que lo que queremos todos. Y que el transporte de Olavarr\u00eda est\u00e9 <strong>eficiente<\/strong> y vuelva a tener el recorrido que tiene que tener\u201d subray\u00f3.<\/p>\n<figure id=\"attachment_121774\" aria-describedby=\"caption-attachment-121774\" style=\"width: 800px\" class=\"wp-caption aligncenter\"><img data-recalc-dims=\"1\" loading=\"lazy\" decoding=\"async\" class=\"wp-image-121774 size-full\" src=\"https:\/\/i0.wp.com\/cdnoticias.com\/wp-content\/uploads\/2024\/07\/colectivo-boleto-las-sierras.jpg?resize=800%2C445&#038;ssl=1\" alt=\"\" width=\"800\" height=\"445\" srcset=\"https:\/\/i0.wp.com\/cdnoticias.com\/wp-content\/uploads\/2024\/07\/colectivo-boleto-las-sierras.jpg?w=800&amp;ssl=1 800w, https:\/\/i0.wp.com\/cdnoticias.com\/wp-content\/uploads\/2024\/07\/colectivo-boleto-las-sierras.jpg?resize=300%2C167&amp;ssl=1 300w, https:\/\/i0.wp.com\/cdnoticias.com\/wp-content\/uploads\/2024\/07\/colectivo-boleto-las-sierras.jpg?resize=768%2C427&amp;ssl=1 768w\" sizes=\"auto, (max-width: 800px) 100vw, 800px\" \/><figcaption id=\"caption-attachment-121774\" class=\"wp-caption-text\">La frecuencia del transporte interurbano, el reclamo de los usuarios que expuso la UCR.<\/figcaption><\/figure>\n<blockquote><p>\u00bfDejar atr\u00e1s la emergencia implica tambi\u00e9n que el Municipio deje de pagar el subsidio? El concejal respondi\u00f3 que \u201clo l\u00f3gico ser\u00eda que s\u00ed\u201d aunque inmediatamente se refiri\u00f3 a que \u201cno nos tenemos que olvidar del componente nacional que estaba en el subsidio y que no viene m\u00e1s. Con esa actualizaci\u00f3n o este aumento que tuvo la Provincia sobre subsidios en cierta manera aliviar\u00eda lo que estaba poniendo el Municipio\u201d. M\u00e1s adelante agreg\u00f3 como objetivo general \u201cque mejore la econom\u00eda para que tambi\u00e9n la gente tenga la posibilidad de poder pagar un boleto sin la necesidad de que el Estado tenga que subsidiar. La idea es que hoy el Estado se hace presente porque hay mucha gente que no puede afrontar lo que tiene que valer un boleto de colectivo\u201d.<\/p><\/blockquote>\n<p>En el cierre de la entrevista, el concejal radical manifest\u00f3 que \u201cvamos a estar expectantes de esta reuni\u00f3n que consideremos importante para ponernos al d\u00eda y ver c\u00f3mo se pueden ir solucionando los problemas.<strong> Ver si las empresas tienen alguna alternativa para sugerir<\/strong> y poder mejorar en este caso todos los reclamos que est\u00e1n teniendo los usuarios\u201d.<\/p>\n<blockquote class=\"wp-embedded-content\" data-secret=\"mZ9EdsDx4w\"><p><a href=\"https:\/\/cdnoticias.com\/index.php\/2024\/07\/30\/transporte-interurbano-la-ucr-pidio-que-se-recuperen-las-frecuencias\/\">Transporte interurbano: la UCR pidi\u00f3 que \u201cse recuperen\u201d las frecuencias<\/a><\/p><\/blockquote>\n<p><iframe loading=\"lazy\" class=\"wp-embedded-content\" sandbox=\"allow-scripts\" security=\"restricted\" style=\"position: absolute; visibility: hidden;\" title=\"&#8220;Transporte interurbano: la UCR pidi\u00f3 que \u201cse recuperen\u201d las frecuencias&#8221; &#8212; Central de Noticias | Olavarr\u00eda\" src=\"https:\/\/cdnoticias.com\/index.php\/2024\/07\/30\/transporte-interurbano-la-ucr-pidio-que-se-recuperen-las-frecuencias\/embed\/#?secret=w9pKDPHADg#?secret=mZ9EdsDx4w\" data-secret=\"mZ9EdsDx4w\" width=\"600\" height=\"338\" frameborder=\"0\" marginwidth=\"0\" marginheight=\"0\" scrolling=\"no\"><\/iframe><\/p>\n","protected":false},"excerpt":{"rendered":"<p>Lo plante\u00f3 el concejal quien adelant\u00f3 que se prev\u00e9 para la semana que viene una reuni\u00f3n de la Mesa. La<\/p>\n","protected":false},"author":4,"featured_media":119386,"comment_status":"closed","ping_status":"closed","sticky":false,"template":"","format":"standard","meta":{"_jetpack_memberships_contains_paid_content":false,"footnotes":""},"categories":[4,1],"tags":[],"class_list":["post-122023","post","type-post","status-publish","format-standard","has-post-thumbnail","hentry","category-politica","category-portada"],"jetpack_featured_media_url":"https:\/\/i0.wp.com\/cdnoticias.com\/wp-content\/uploads\/2024\/06\/HCD-sebastian-matrella-02.jpg?fit=1000%2C556&ssl=1","jetpack_sharing_enabled":true,"_links":{"self":[{"href":"https:\/\/cdnoticias.com\/index.php\/wp-json\/wp\/v2\/posts\/122023","targetHints":{"allow":["GET"]}}],"collection":[{"href":"https:\/\/cdnoticias.com\/index.php\/wp-json\/wp\/v2\/posts"}],"about":[{"href":"https:\/\/cdnoticias.com\/index.php\/wp-json\/wp\/v2\/types\/post"}],"author":[{"embeddable":true,"href":"https:\/\/cdnoticias.com\/index.php\/wp-json\/wp\/v2\/users\/4"}],"replies":[{"embeddable":true,"href":"https:\/\/cdnoticias.com\/index.php\/wp-json\/wp\/v2\/comments?post=122023"}],"version-history":[{"count":0,"href":"https:\/\/cdnoticias.com\/index.php\/wp-json\/wp\/v2\/posts\/122023\/revisions"}],"wp:featuredmedia":[{"embeddable":true,"href":"https:\/\/cdnoticias.com\/index.php\/wp-json\/wp\/v2\/media\/119386"}],"wp:attachment":[{"href":"https:\/\/cdnoticias.com\/index.php\/wp-json\/wp\/v2\/media?parent=122023"}],"wp:term":[{"taxonomy":"category","embeddable":true,"href":"https:\/\/cdnoticias.com\/index.php\/wp-json\/wp\/v2\/categories?post=122023"},{"taxonomy":"post_tag","embeddable":true,"href":"https:\/\/cdnoticias.com\/index.php\/wp-json\/wp\/v2\/tags?post=122023"}],"curies":[{"name":"wp","href":"https:\/\/api.w.org\/{rel}","templated":true}]}}