{"id":122012,"date":"2024-08-02T13:32:38","date_gmt":"2024-08-02T16:32:38","guid":{"rendered":"https:\/\/cdnoticias.com\/?p=122012"},"modified":"2024-08-02T17:20:31","modified_gmt":"2024-08-02T20:20:31","slug":"mesa-municipal-de-articulacion-de-salud-publica-y-privada-fueron-operadas-38-personas-en-el-primer-mes","status":"publish","type":"post","link":"https:\/\/cdnoticias.com\/index.php\/2024\/08\/02\/mesa-municipal-de-articulacion-de-salud-publica-y-privada-fueron-operadas-38-personas-en-el-primer-mes\/","title":{"rendered":"Mesa Municipal de articulaci\u00f3n de Salud P\u00fablica y Privada: fueron operadas 38 personas en el primer mes"},"content":{"rendered":"<p>El Programa se traduce en un trabajo conjunto entre salud p\u00fablico-privada para distribuir la lista de pacientes en espera de cirug\u00eda, seg\u00fan nivel de urgencia y especialidad quir\u00fargica.<!--more--><\/p>\n<hr \/>\n<p><strong>\u201cLa Mesa de articulaci\u00f3n de Salud P\u00fablica y Privada ya muestra resultados<\/strong>, los cuales fueron compartidos en una emotiva jornada encabezada por el intendente Maximiliano Wesner\u201d inform\u00f3 la Municipalidad.<\/p>\n<p>&nbsp;<\/p>\n<p>El <strong>Sal\u00f3n Rivadavia<\/strong> fue sede de un encuentro que consisti\u00f3 en &#8220;un <strong>desayuno compartido entre pacientes, personal m\u00e9dico y administrativo<\/strong> involucrado en esta<em> iniciativa hist\u00f3rica, que consiste en un acuerdo entre los efectores p\u00fablicos y privados para <a href=\"https:\/\/cdnoticias.com\/index.php\/2024\/06\/19\/acuerdo-de-cirugias-en-sistema-publico-privado-en-olavarria-se-planteo-algo-nuevo\/\" target=\"_blank\" rel=\"noopener\">descomprimir la lista de pacientes en espera de cirug\u00edas<\/a><\/em><a href=\"_wp_link_placeholder\"> programadas<\/a>&#8221; se defini\u00f3.<\/p>\n<p>&nbsp;<\/p>\n<p>La reuni\u00f3n cont\u00f3 con la participaci\u00f3n del<strong> intendente Wesner, la jefa de Gabinete Mercedes Land\u00edvar, el subsecretario de Direcci\u00f3n M\u00e9dica Fernando Al\u00ed, el titular de Pami local, Guillermo Lascano<\/strong>; referentes del <em>Hospital de Oncolog\u00eda y de efectores de salud del sector privado intervinientes en el programa: Instituto M\u00e9dico, Cl\u00ednica Mar\u00eda Auxiliadora, sanatorio CEMEDA; Diego Rautto, articulador entre el Hospital Municipal y entidades privadas<\/em>, dem\u00e1s <em>profesionales de salud del Municipio, pacientes y familiares<\/em>.<\/p>\n<p>&nbsp;<\/p>\n<blockquote><p>Se indic\u00f3 que \u201cel encuentro fue una oportunidad para que algunas de las 38 personas intervenidas quir\u00fargicamente durante el primer mes; compartieran su experiencia\u201d.<\/p><\/blockquote>\n<p>&nbsp;<\/p>\n<p><img data-recalc-dims=\"1\" loading=\"lazy\" decoding=\"async\" class=\"alignnone size-full wp-image-122019\" src=\"https:\/\/i0.wp.com\/cdnoticias.com\/wp-content\/uploads\/2024\/08\/mesa-publico-privada-6.jpeg?resize=800%2C445&#038;ssl=1\" alt=\"\" width=\"800\" height=\"445\" srcset=\"https:\/\/i0.wp.com\/cdnoticias.com\/wp-content\/uploads\/2024\/08\/mesa-publico-privada-6.jpeg?w=1000&amp;ssl=1 1000w, https:\/\/i0.wp.com\/cdnoticias.com\/wp-content\/uploads\/2024\/08\/mesa-publico-privada-6.jpeg?resize=300%2C167&amp;ssl=1 300w, https:\/\/i0.wp.com\/cdnoticias.com\/wp-content\/uploads\/2024\/08\/mesa-publico-privada-6.jpeg?resize=768%2C427&amp;ssl=1 768w, https:\/\/i0.wp.com\/cdnoticias.com\/wp-content\/uploads\/2024\/08\/mesa-publico-privada-6.jpeg?resize=800%2C445&amp;ssl=1 800w\" sizes=\"auto, (max-width: 800px) 100vw, 800px\" \/><\/p>\n<p>&nbsp;<\/p>\n<p><img data-recalc-dims=\"1\" loading=\"lazy\" decoding=\"async\" class=\"alignnone size-full wp-image-122015\" src=\"https:\/\/i0.wp.com\/cdnoticias.com\/wp-content\/uploads\/2024\/08\/mesa-publico-privada-1.jpeg?resize=800%2C445&#038;ssl=1\" alt=\"\" width=\"800\" height=\"445\" srcset=\"https:\/\/i0.wp.com\/cdnoticias.com\/wp-content\/uploads\/2024\/08\/mesa-publico-privada-1.jpeg?w=1000&amp;ssl=1 1000w, https:\/\/i0.wp.com\/cdnoticias.com\/wp-content\/uploads\/2024\/08\/mesa-publico-privada-1.jpeg?resize=300%2C167&amp;ssl=1 300w, https:\/\/i0.wp.com\/cdnoticias.com\/wp-content\/uploads\/2024\/08\/mesa-publico-privada-1.jpeg?resize=768%2C427&amp;ssl=1 768w, https:\/\/i0.wp.com\/cdnoticias.com\/wp-content\/uploads\/2024\/08\/mesa-publico-privada-1.jpeg?resize=800%2C445&amp;ssl=1 800w\" sizes=\"auto, (max-width: 800px) 100vw, 800px\" \/><\/p>\n<p>&nbsp;<\/p>\n<blockquote><p>\u201cLes quiero pedir perd\u00f3n en nombre del Estado por tantos a\u00f1os de espera\u201d resalt\u00f3 Maximiliano Wesner, al tiempo que daba cuenta de c\u00f3mo surgi\u00f3 la iniciativa y los resultados exitosos a la fecha.<\/p><\/blockquote>\n<p>&nbsp;<\/p>\n<p><strong>Fernando Al\u00ed<\/strong>, por su parte, subray\u00f3 el impacto de este programa en la vida cotidiana:<strong> \u201cLos programas se expresan en personas, en la modificaci\u00f3n de costumbres\u201d<\/strong>. Una persona que requiere una cirug\u00eda de ves\u00edcula, o que presenta una hernia, se encuentra imposibilitada de comer determinados alimentos; lo que repercute en su vida social, en juntadas con la familia o amigos, as\u00ed como tambi\u00e9n impacta en su vida diaria. <em>\u201cMuchas veces se normaliza esta situaci\u00f3n. Es importante que no nos acostumbremos al malestar\u201d<\/em>, destac\u00f3.<\/p>\n<p>&nbsp;<\/p>\n<p><strong>Miriam, una de las pacientes<\/strong>, cont\u00f3: <strong>\u201cfui operada en el Hospital Municipal; hace cuatro a\u00f1os esperaba esta operaci\u00f3n<\/strong> y gracias a este Programa fui convocada para operarme en una semana\u201d. Asimismo, resalt\u00f3 la calidez en la atenci\u00f3n del personal del Hospital. <strong>Beatriz<\/strong> fue otra de las personas que mediante este convenio p\u00fablico \u2013 privado <strong>pudo acceder, despu\u00e9s de cuatro a\u00f1os, a su cirug\u00eda<\/strong>. <em>\u201cA lo \u00faltimo me hab\u00eda cansado, me hab\u00eda hecho tres veces los pre \u2013 quir\u00fargicos y no pasaba nada. No pasaba nada, pas\u00f3 el tiempo. El otro d\u00eda cuando recib\u00ed la noticia que me llamaron para operarme no lo pod\u00eda creer\u201d<\/em> expres\u00f3 conmovida.<\/p>\n<p>&nbsp;<\/p>\n<p><img data-recalc-dims=\"1\" loading=\"lazy\" decoding=\"async\" class=\"alignnone size-full wp-image-122017\" src=\"https:\/\/i0.wp.com\/cdnoticias.com\/wp-content\/uploads\/2024\/08\/mesa-publico-privada-4.jpeg?resize=800%2C445&#038;ssl=1\" alt=\"\" width=\"800\" height=\"445\" srcset=\"https:\/\/i0.wp.com\/cdnoticias.com\/wp-content\/uploads\/2024\/08\/mesa-publico-privada-4.jpeg?w=1000&amp;ssl=1 1000w, https:\/\/i0.wp.com\/cdnoticias.com\/wp-content\/uploads\/2024\/08\/mesa-publico-privada-4.jpeg?resize=300%2C167&amp;ssl=1 300w, https:\/\/i0.wp.com\/cdnoticias.com\/wp-content\/uploads\/2024\/08\/mesa-publico-privada-4.jpeg?resize=768%2C427&amp;ssl=1 768w, https:\/\/i0.wp.com\/cdnoticias.com\/wp-content\/uploads\/2024\/08\/mesa-publico-privada-4.jpeg?resize=800%2C445&amp;ssl=1 800w\" sizes=\"auto, (max-width: 800px) 100vw, 800px\" \/><\/p>\n<p>&nbsp;<\/p>\n<p><img data-recalc-dims=\"1\" loading=\"lazy\" decoding=\"async\" class=\"alignnone size-full wp-image-122016\" src=\"https:\/\/i0.wp.com\/cdnoticias.com\/wp-content\/uploads\/2024\/08\/mesa-publico-privada-3.jpeg?resize=800%2C445&#038;ssl=1\" alt=\"\" width=\"800\" height=\"445\" srcset=\"https:\/\/i0.wp.com\/cdnoticias.com\/wp-content\/uploads\/2024\/08\/mesa-publico-privada-3.jpeg?w=1000&amp;ssl=1 1000w, https:\/\/i0.wp.com\/cdnoticias.com\/wp-content\/uploads\/2024\/08\/mesa-publico-privada-3.jpeg?resize=300%2C167&amp;ssl=1 300w, https:\/\/i0.wp.com\/cdnoticias.com\/wp-content\/uploads\/2024\/08\/mesa-publico-privada-3.jpeg?resize=768%2C427&amp;ssl=1 768w, https:\/\/i0.wp.com\/cdnoticias.com\/wp-content\/uploads\/2024\/08\/mesa-publico-privada-3.jpeg?resize=800%2C445&amp;ssl=1 800w\" sizes=\"auto, (max-width: 800px) 100vw, 800px\" \/><\/p>\n<p>&nbsp;<\/p>\n<p>Los <strong>referentes de efectores privados<\/strong> tambi\u00e9n conversaron durante el desayuno y narraron su experiencia. Todos ellos resaltaron la <strong>emoci\u00f3n de poder brindar soluciones a los y las pacientes luego de tanto tiempo de espera<\/strong>.<em> \u201cNo nos cre\u00edan, muchos no quer\u00edan hacerse los pre \u2013 quir\u00fargicos porque pensaban que otra vez iba a quedar todo en la nada\u201d<\/em>. Al momento de la intervenci\u00f3n quir\u00fargica, <em>\u201cla gente llega movilizada emocionalmente\u201d<\/em>.<\/p>\n<p>&nbsp;<\/p>\n<p><strong>Guillermo Lascano<\/strong> por su parte afirm\u00f3<strong> \u201cyo tambi\u00e9n quiero pedir perd\u00f3n en nombre del Estado\u201d, y destac\u00f3 la gesti\u00f3n de Maximiliano Wesner, de Fernando Al\u00ed y de todos los actores que intervienen en este programa<\/strong>.<\/p>\n<p>&nbsp;<\/p>\n<blockquote><p>En relaci\u00f3n a PAMI, Lascano subray\u00f3 que, de la totalidad de pacientes en lista de espera, el 60% corresponde a afiliados a la entidad previsional.<\/p><\/blockquote>\n<p>&nbsp;<\/p>\n<p><img data-recalc-dims=\"1\" loading=\"lazy\" decoding=\"async\" class=\"size-full wp-image-122018 aligncenter\" src=\"https:\/\/i0.wp.com\/cdnoticias.com\/wp-content\/uploads\/2024\/08\/mesa-publico-privada-5.jpeg?resize=800%2C445&#038;ssl=1\" alt=\"\" width=\"800\" height=\"445\" srcset=\"https:\/\/i0.wp.com\/cdnoticias.com\/wp-content\/uploads\/2024\/08\/mesa-publico-privada-5.jpeg?w=1000&amp;ssl=1 1000w, https:\/\/i0.wp.com\/cdnoticias.com\/wp-content\/uploads\/2024\/08\/mesa-publico-privada-5.jpeg?resize=300%2C167&amp;ssl=1 300w, https:\/\/i0.wp.com\/cdnoticias.com\/wp-content\/uploads\/2024\/08\/mesa-publico-privada-5.jpeg?resize=768%2C427&amp;ssl=1 768w, https:\/\/i0.wp.com\/cdnoticias.com\/wp-content\/uploads\/2024\/08\/mesa-publico-privada-5.jpeg?resize=800%2C445&amp;ssl=1 800w\" sizes=\"auto, (max-width: 800px) 100vw, 800px\" \/><\/p>\n<p>&nbsp;<\/p>\n<p>El Programa se traduce en <strong>un trabajo conjunto entre salud p\u00fablico-privada para distribuir la lista de pacientes en espera de cirug\u00eda<\/strong>, seg\u00fan nivel de urgencia y especialidad quir\u00fargica. El objetivo es descomprimir la lista de espera, ya que ingresa a dicha lista un promedio de cinco personas por semana; con lo cual<strong> la celeridad en la atenci\u00f3n es fundamental para evitar lo que los profesionales refieren como un \u201ccuello de botella\u201d<\/strong> que obstaculiza la prestaci\u00f3n del servicio.<\/p>\n<p>&nbsp;<\/p>\n<blockquote><p>\u201cHay un compromiso por parte de los profesionales de las distintas \u00e1reas y servicios tanto del sector p\u00fablico como privado para el desarrollo de este Programa; nosotros como Estado municipal motorizamos la iniciativa para que se lleve adelante. Invitamos a replicar esta iniciativa a ustedes, a los y las pacientes, que amplifiquen nuestra voz y den a conocer este Programa a todas aquellas personas que lo necesitan; que sepan que pueden acercarse martes y jueves al Hospital, por Rivadavia, y que all\u00ed los van a asesorar sobre los pasos a seguir. Para nosotros la salud es lo primero\u201d, concluy\u00f3 Wesner.<\/p><\/blockquote>\n<p>&nbsp;<\/p>\n","protected":false},"excerpt":{"rendered":"<p>El Programa se traduce en un trabajo conjunto entre salud p\u00fablico-privada para distribuir la lista de pacientes en espera de<\/p>\n","protected":false},"author":4,"featured_media":122014,"comment_status":"closed","ping_status":"closed","sticky":false,"template":"","format":"standard","meta":{"_jetpack_memberships_contains_paid_content":false,"footnotes":""},"categories":[5,1],"tags":[],"class_list":["post-122012","post","type-post","status-publish","format-standard","has-post-thumbnail","hentry","category-informacion-general","category-portada"],"jetpack_featured_media_url":"https:\/\/i0.wp.com\/cdnoticias.com\/wp-content\/uploads\/2024\/08\/mesa-publico-privada-2.jpeg?fit=1000%2C556&ssl=1","jetpack_sharing_enabled":true,"_links":{"self":[{"href":"https:\/\/cdnoticias.com\/index.php\/wp-json\/wp\/v2\/posts\/122012","targetHints":{"allow":["GET"]}}],"collection":[{"href":"https:\/\/cdnoticias.com\/index.php\/wp-json\/wp\/v2\/posts"}],"about":[{"href":"https:\/\/cdnoticias.com\/index.php\/wp-json\/wp\/v2\/types\/post"}],"author":[{"embeddable":true,"href":"https:\/\/cdnoticias.com\/index.php\/wp-json\/wp\/v2\/users\/4"}],"replies":[{"embeddable":true,"href":"https:\/\/cdnoticias.com\/index.php\/wp-json\/wp\/v2\/comments?post=122012"}],"version-history":[{"count":0,"href":"https:\/\/cdnoticias.com\/index.php\/wp-json\/wp\/v2\/posts\/122012\/revisions"}],"wp:featuredmedia":[{"embeddable":true,"href":"https:\/\/cdnoticias.com\/index.php\/wp-json\/wp\/v2\/media\/122014"}],"wp:attachment":[{"href":"https:\/\/cdnoticias.com\/index.php\/wp-json\/wp\/v2\/media?parent=122012"}],"wp:term":[{"taxonomy":"category","embeddable":true,"href":"https:\/\/cdnoticias.com\/index.php\/wp-json\/wp\/v2\/categories?post=122012"},{"taxonomy":"post_tag","embeddable":true,"href":"https:\/\/cdnoticias.com\/index.php\/wp-json\/wp\/v2\/tags?post=122012"}],"curies":[{"name":"wp","href":"https:\/\/api.w.org\/{rel}","templated":true}]}}