{"id":121997,"date":"2024-08-02T17:31:27","date_gmt":"2024-08-02T20:31:27","guid":{"rendered":"https:\/\/cdnoticias.com\/?p=121997"},"modified":"2024-08-02T17:31:30","modified_gmt":"2024-08-02T20:31:30","slug":"la-maestria-en-antropologia-social-de-facso-fue-acreditada-por-coneau-con-la-maxima-categoria","status":"publish","type":"post","link":"https:\/\/cdnoticias.com\/index.php\/2024\/08\/02\/la-maestria-en-antropologia-social-de-facso-fue-acreditada-por-coneau-con-la-maxima-categoria\/","title":{"rendered":"La Maestr\u00eda en Antropolog\u00eda Social de FACSO fue acreditada por CONEAU con la m\u00e1xima categor\u00eda"},"content":{"rendered":"\n<p>En la reciente evaluaci\u00f3n ante la Comisi\u00f3n Nacional de Evaluaci\u00f3n y Acreditaci\u00f3n Universitaria, la carrera de postgrado de la Facultad de Ciencias Sociales fue acreditada con la categor\u00eda A. La propuesta acad\u00e9mica se desarrolla desde hace 9 a\u00f1os.<\/p>\n\n\n\n<hr class=\"wp-block-separator has-alpha-channel-opacity\"\/>\n\n\n\n<p>La <strong>Comisi\u00f3n Nacional de Evaluaci\u00f3n y Acreditaci\u00f3n Universitaria (CONEAU), <\/strong>que integra la Secretar\u00eda de Educaci\u00f3n de la Naci\u00f3n,<strong> resolvi\u00f3 acreditar con la categor\u00eda \u201cA\u201d y por el plazo de 6 a\u00f1os a la Maestr\u00eda en Antropolog\u00eda Social de la Facultad de Ciencias Sociales,<\/strong> Universidad Nacional del Centro de la Provincia de Buenos Aires.<\/p>\n\n\n\n<p><\/p>\n\n\n\n<p>A trav\u00e9s de esta resoluci\u00f3n se reconoce la calidad de la propuesta que<strong> cuenta con m\u00e1s de 9 a\u00f1os de trayectoria <\/strong>a lo largo de los cuales se desarrollaron tres cohortes. Ya el a\u00f1o pasado la CONEAU hab\u00eda acreditado tambi\u00e9n con la m\u00e1xima categor\u00eda al Doctorado en Arqueolog\u00eda, primera carrera de postgrado de la FACSO.<\/p>\n\n\n\n<p><\/p>\n\n\n\n<p>La obtenci\u00f3n de la m\u00e1xima categor\u00eda, que <strong>acredita la propuesta como \u201cexcelente\u201d,<\/strong> legitima la labor acad\u00e9mica que desarrolla a diario la Maestr\u00eda en Antropolog\u00eda Social, que fue creada en 2013 (Res. N\u00ba 5055\/13 de Consejo Superior de UNICEN). Esta es la tercera acreditaci\u00f3n que atraviesa la carrera: en 2013 fue acreditada como proyecto de carrera, y en 2019 como carrera en funcionamiento con la categor\u00eda B. En un an\u00e1lisis comparativo con la acreditaci\u00f3n previa, <strong>la CONEAU destac\u00f3 que \u201cla carrera evidencia la consolidaci\u00f3n de sus condiciones de formaci\u00f3n\u201d.<\/strong><\/p>\n\n\n\n<p><\/p>\n\n\n\n<p>La Maestr\u00eda en Antropolog\u00eda Social ofrece una<strong> alternativa de calidad para la formaci\u00f3n de postgrado en el campo de la antropolog\u00eda y disciplinas afines con llegada a estudiantes de nuestro pa\u00eds. <\/strong>La carrera de postgrado cuenta con un plan de estudios semiestructurado, anclado al territorio en el que se dicta; con una oferta variada de cursos a cargo de especialistas de alto nivel acad\u00e9mico.<\/p>\n\n\n\n<p><\/p>\n\n\n\n<figure class=\"wp-block-image size-full\"><img data-recalc-dims=\"1\" loading=\"lazy\" decoding=\"async\" width=\"800\" height=\"445\" src=\"https:\/\/i0.wp.com\/cdnoticias.com\/wp-content\/uploads\/2024\/08\/Maestria-en-Antropologia-Social1.png?resize=800%2C445&#038;ssl=1\" alt=\"\" class=\"wp-image-121998\" srcset=\"https:\/\/i0.wp.com\/cdnoticias.com\/wp-content\/uploads\/2024\/08\/Maestria-en-Antropologia-Social1.png?w=800&amp;ssl=1 800w, https:\/\/i0.wp.com\/cdnoticias.com\/wp-content\/uploads\/2024\/08\/Maestria-en-Antropologia-Social1.png?resize=300%2C167&amp;ssl=1 300w, https:\/\/i0.wp.com\/cdnoticias.com\/wp-content\/uploads\/2024\/08\/Maestria-en-Antropologia-Social1.png?resize=768%2C427&amp;ssl=1 768w\" sizes=\"auto, (max-width: 800px) 100vw, 800px\" \/><\/figure>\n\n\n\n<p><\/p>\n\n\n\n<blockquote class=\"wp-block-quote is-layout-flow wp-block-quote-is-layout-flow\">\n<p>En la evaluaci\u00f3n de CONEAU se resalta la calidad de la formaci\u00f3n de la Maestr\u00eda de la FACSO, que incluye temas de inter\u00e9s para la antropolog\u00eda contempor\u00e1nea, al tiempo que se brinda una formaci\u00f3n integral, con especial atenci\u00f3n a los temas de relevancia para el desarrollo cultural de Olavarr\u00eda.<\/p>\n<\/blockquote>\n\n\n\n<p><\/p>\n\n\n\n<p>Asimismo, <strong>fue destacado el anclaje en territorio de su propuesta acad\u00e9mica como as\u00ed tambi\u00e9n el de sus actividades de investigaci\u00f3n<\/strong>, manifestando que las mismas &#8220;se encuentran articuladas a las necesidades y los programas de desarrollo cultural de Olavarr\u00eda. En tal sentido, se observa positivamente que la investigaci\u00f3n antropol\u00f3gica de docentes y estudiantes se vuelca al desarrollo de la comunidad local\u201d.<\/p>\n\n\n\n<p><\/p>\n\n\n\n<p>El objetivo de la Maestr\u00eda en Antropolog\u00eda Social es formar graduados\/as con un amplio conocimiento de la teor\u00eda y abordaje antropol\u00f3gico para utilizar las t\u00e9cnicas e instrumentos adecuados para la actualizaci\u00f3n y desarrollo de proyectos de investigaci\u00f3n y sociocomunitarios que permitan<strong> proponer soluciones espec\u00edficas a problemas sociales y culturales concretos.<\/strong><\/p>\n\n\n\n<p><\/p>\n\n\n\n<p><strong>La CONEAU es un organismo descentralizado encargado de realizar la acreditaci\u00f3n y evaluaci\u00f3n de las carreras de postgrado en el pa\u00eds. <\/strong>La escala de categorizaci\u00f3n que establece es la siguiente: &#8220;A&#8221; si se las considera excelentes, &#8220;B&#8221; si se las considera muy buenas, y &#8220;C&#8221; si se las considera buenas. Este organismo funciona en jurisdicci\u00f3n de la Secretar\u00eda de Educaci\u00f3n de la Naci\u00f3n, de acuerdo al art\u00edculo 46 de la Ley 24.521 de Educaci\u00f3n Superior y su finalidad es contribuir al mejoramiento de la educaci\u00f3n universitaria.<\/p>\n\n\n\n<p><\/p>\n\n\n\n<p>El <strong>Comit\u00e9 Acad\u00e9mico de la Maestr\u00eda en Antropolog\u00eda Social <\/strong>est\u00e1 conformado por el Dr. Marcelo Sarlingo en su direcci\u00f3n, la Dra. Alicia Villafa\u00f1e como codirectora y la Dra. Constanza Caffarelli en la Secretar\u00eda Acad\u00e9mica.<\/p>\n","protected":false},"excerpt":{"rendered":"<p>En la reciente evaluaci\u00f3n ante la Comisi\u00f3n Nacional de Evaluaci\u00f3n y Acreditaci\u00f3n Universitaria, la carrera de postgrado de la Facultad<\/p>\n","protected":false},"author":2,"featured_media":121999,"comment_status":"closed","ping_status":"closed","sticky":false,"template":"","format":"standard","meta":{"_jetpack_memberships_contains_paid_content":false,"footnotes":""},"categories":[5,1],"tags":[],"class_list":["post-121997","post","type-post","status-publish","format-standard","has-post-thumbnail","hentry","category-informacion-general","category-portada"],"jetpack_featured_media_url":"https:\/\/i0.wp.com\/cdnoticias.com\/wp-content\/uploads\/2024\/08\/Maestria-en-Antropologia-Social.png?fit=800%2C445&ssl=1","jetpack_sharing_enabled":true,"_links":{"self":[{"href":"https:\/\/cdnoticias.com\/index.php\/wp-json\/wp\/v2\/posts\/121997","targetHints":{"allow":["GET"]}}],"collection":[{"href":"https:\/\/cdnoticias.com\/index.php\/wp-json\/wp\/v2\/posts"}],"about":[{"href":"https:\/\/cdnoticias.com\/index.php\/wp-json\/wp\/v2\/types\/post"}],"author":[{"embeddable":true,"href":"https:\/\/cdnoticias.com\/index.php\/wp-json\/wp\/v2\/users\/2"}],"replies":[{"embeddable":true,"href":"https:\/\/cdnoticias.com\/index.php\/wp-json\/wp\/v2\/comments?post=121997"}],"version-history":[{"count":0,"href":"https:\/\/cdnoticias.com\/index.php\/wp-json\/wp\/v2\/posts\/121997\/revisions"}],"wp:featuredmedia":[{"embeddable":true,"href":"https:\/\/cdnoticias.com\/index.php\/wp-json\/wp\/v2\/media\/121999"}],"wp:attachment":[{"href":"https:\/\/cdnoticias.com\/index.php\/wp-json\/wp\/v2\/media?parent=121997"}],"wp:term":[{"taxonomy":"category","embeddable":true,"href":"https:\/\/cdnoticias.com\/index.php\/wp-json\/wp\/v2\/categories?post=121997"},{"taxonomy":"post_tag","embeddable":true,"href":"https:\/\/cdnoticias.com\/index.php\/wp-json\/wp\/v2\/tags?post=121997"}],"curies":[{"name":"wp","href":"https:\/\/api.w.org\/{rel}","templated":true}]}}