{"id":121975,"date":"2024-08-02T09:17:29","date_gmt":"2024-08-02T12:17:29","guid":{"rendered":"https:\/\/cdnoticias.com\/?p=121975"},"modified":"2024-08-02T11:40:46","modified_gmt":"2024-08-02T14:40:46","slug":"bolivar-un-hombre-fue-asesinado-a-balazos-e-intentaron-calcinar-su-cuerpo","status":"publish","type":"post","link":"https:\/\/cdnoticias.com\/index.php\/2024\/08\/02\/bolivar-un-hombre-fue-asesinado-a-balazos-e-intentaron-calcinar-su-cuerpo\/","title":{"rendered":"Bol\u00edvar: un hombre fue asesinado a balazos e intentaron calcinar su cuerpo"},"content":{"rendered":"<p>El caso se conoci\u00f3 este jueves. Hay dos detenidos, uno de ellos menor de edad. El cuerpo del hombre de 60 a\u00f1os fue encontrado en un basural.<!--more--><\/p>\n<hr \/>\n<p>El<strong> Bol\u00edvar<\/strong> se investiga un caso de<strong> \u201chomicidio en ocasi\u00f3n de robo agravado\u201d<\/strong> por el que <strong>hay dos personas detenidas<\/strong>. Las averiguaciones hab\u00edan comenzado con la <strong>denuncia de desaparici\u00f3n de un hombre de 60 a\u00f1os<\/strong>, trabajador rural, y llevaron al <strong>hallazgo de su cuerpo en un basural<\/strong>.<\/p>\n<p>La principal hip\u00f3tesis de los investigadores apunta a que<strong> la v\u00edctima, Ram\u00f3n Gin\u00e9s Cardoso, fue asesinado a balazos y que intentaron calcinar su cuerpo<\/strong> que fue abandonado tras intentar quemarlo. Personal de <strong>Polic\u00eda Cient\u00edfica de Olavarr\u00eda<\/strong> trabaj\u00f3 en la noche del jueves en el lugar donde fue encontrado el cuerpo.<\/p>\n<h3>La desaparici\u00f3n<\/h3>\n<p>Este jueves<strong> se hab\u00eda denunciado la desaparici\u00f3n del hombre<\/strong>. En la sede del Comando de Prevenci\u00f3n Rural de Bol\u00edvar, H\u00e9ctor Pando, el propietario del establecimiento rural &#8220;La In\u00e9s&#8221;, ubicado en el Cuartel I sobre el callej\u00f3n denominado Los Pioneros, denunci\u00f3 que el puestero se hab\u00eda retirado del campo y no hab\u00eda regresado.<\/p>\n<p>Pasado el mediod\u00eda del jueves<strong> se iniciaron tareas de rastrillaje para la b\u00fasqueda de Cardoso<\/strong>. Efectivos policiales y personal de Bomberos Voluntarios se desplegaron en el campo donde trabajaba y en las inmediaciones, adem\u00e1s de buscarlo con un drone.<\/p>\n<p><img data-recalc-dims=\"1\" loading=\"lazy\" decoding=\"async\" class=\"size-full wp-image-121979 aligncenter\" src=\"https:\/\/i0.wp.com\/cdnoticias.com\/wp-content\/uploads\/2024\/08\/diario-la-manana-caso-cardoso-02.jpg?resize=800%2C450&#038;ssl=1\" alt=\"\" width=\"800\" height=\"450\" srcset=\"https:\/\/i0.wp.com\/cdnoticias.com\/wp-content\/uploads\/2024\/08\/diario-la-manana-caso-cardoso-02.jpg?w=1000&amp;ssl=1 1000w, https:\/\/i0.wp.com\/cdnoticias.com\/wp-content\/uploads\/2024\/08\/diario-la-manana-caso-cardoso-02.jpg?resize=300%2C169&amp;ssl=1 300w, https:\/\/i0.wp.com\/cdnoticias.com\/wp-content\/uploads\/2024\/08\/diario-la-manana-caso-cardoso-02.jpg?resize=768%2C432&amp;ssl=1 768w\" sizes=\"auto, (max-width: 800px) 100vw, 800px\" \/><\/p>\n<p><strong>Encontraron un bat\u00e1n a bordo del cual presuntamente se trasladaba a unos 6 kil\u00f3metros<\/strong> de su lugar de residencia. All\u00ed hab\u00eda numerosas pertenencias del hombre, incluso un ternero maniatado.<\/p>\n<blockquote><p>En paralelo, los efectivos policiales estuvieron en la vivienda de Cardoso quienes constataron un gran desorden lo que introdujo la hip\u00f3tesis del robo y cambi\u00f3 definitivamente el enfoque del caso.<\/p><\/blockquote>\n<h3>Detenidos y hallazgo de un cuerpo<\/h3>\n<p>Las averiguaciones avanzaron hasta<strong> lograr la detenci\u00f3n de dos hombres, sospechados de ser autores del asesinato de Cardoso<\/strong>, y el hallazgo de evidencias de alto valor probatorio.<\/p>\n<blockquote><p>Uno de los imputados es menor de edad y el segundo fue identificado como Manuel Smith, quien cuenta con antecedentes por robo calificado.<\/p><\/blockquote>\n<p>En paralelo<strong> los investigadores se trasladaron al basurero municipal de Bol\u00edvar<\/strong> donde verificaron el <strong>hallazgo de cenizas en un tambor<\/strong> que, se sospech\u00f3, <strong>podr\u00edan corresponderse con restos humanos.<\/strong><\/p>\n<p><img data-recalc-dims=\"1\" loading=\"lazy\" decoding=\"async\" class=\"size-full wp-image-121980 aligncenter\" src=\"https:\/\/i0.wp.com\/cdnoticias.com\/wp-content\/uploads\/2024\/08\/diario-la-manana-caso-cardoso-00.jpg?resize=800%2C450&#038;ssl=1\" alt=\"\" width=\"800\" height=\"450\" srcset=\"https:\/\/i0.wp.com\/cdnoticias.com\/wp-content\/uploads\/2024\/08\/diario-la-manana-caso-cardoso-00.jpg?w=1000&amp;ssl=1 1000w, https:\/\/i0.wp.com\/cdnoticias.com\/wp-content\/uploads\/2024\/08\/diario-la-manana-caso-cardoso-00.jpg?resize=300%2C169&amp;ssl=1 300w, https:\/\/i0.wp.com\/cdnoticias.com\/wp-content\/uploads\/2024\/08\/diario-la-manana-caso-cardoso-00.jpg?resize=768%2C432&amp;ssl=1 768w\" sizes=\"auto, (max-width: 800px) 100vw, 800px\" \/><\/p>\n<p>Tras las detenciones, se supo que la <strong>UFI N\u00ba 15 a cargo de la fiscal Julia Mar\u00eda Sebasti\u00e1n<\/strong> caratul\u00f3 las actuaciones como<strong> \u201chomicidio en ocasi\u00f3n de robo agravado\u201d<\/strong>.<\/p>\n<p>Los <strong>elementos probatorios<\/strong> avalan la idea de que <strong>Ram\u00f3n Gin\u00e9s Cardoso fue asesinado a trav\u00e9s de la utilizaci\u00f3n de arma de fuego<\/strong> y <strong>posteriormente incinerado dentro de un tambor<\/strong> localizado en el predio del ex matadero municipal.<\/p>\n<blockquote><p>Se detall\u00f3 que la fiscal encabez\u00f3 en horas de la noche un procedimiento desarrollado en el campo La In\u00e9s, donde entre otras evidencias se recolectaron vainas servidas que se correlacionan con el arma con la cual habr\u00eda sido ultimado Cardoso.<\/p><\/blockquote>\n<p><img data-recalc-dims=\"1\" loading=\"lazy\" decoding=\"async\" class=\"size-full wp-image-121981 aligncenter\" src=\"https:\/\/i0.wp.com\/cdnoticias.com\/wp-content\/uploads\/2024\/08\/diario-la-manana-caso-cardoso-04.jpg?resize=800%2C450&#038;ssl=1\" alt=\"\" width=\"800\" height=\"450\" srcset=\"https:\/\/i0.wp.com\/cdnoticias.com\/wp-content\/uploads\/2024\/08\/diario-la-manana-caso-cardoso-04.jpg?w=1000&amp;ssl=1 1000w, https:\/\/i0.wp.com\/cdnoticias.com\/wp-content\/uploads\/2024\/08\/diario-la-manana-caso-cardoso-04.jpg?resize=300%2C169&amp;ssl=1 300w, https:\/\/i0.wp.com\/cdnoticias.com\/wp-content\/uploads\/2024\/08\/diario-la-manana-caso-cardoso-04.jpg?resize=768%2C432&amp;ssl=1 768w\" sizes=\"auto, (max-width: 800px) 100vw, 800px\" \/><\/p>\n<p>Mientras tanto, en el ex Matadero Municipal, <em>efectivos del CPR, de la Sub DDI local y del Grupo T\u00e9cnico Operativo de la Jefatura Distrital de Polic\u00eda con apoyatura de Bomberos Voluntarios<\/em> facilitaron las labores del<em> m\u00e9dico policial Ezequiel Terrera<\/em> quien examin\u00f3 los restos calcinados hallados aguard\u00e1ndose sus conclusiones. Los trabajos periciales fueron <em>encabezados por el jefe de la Subdelegaci\u00f3n de Polic\u00eda Cient\u00edfica de Olavarr\u00eda, licenciado Mayor Carlos Sotuy<\/em>o.<\/p>\n<p>Si bien <strong>se espera la confirmaci\u00f3n pericial oficial<\/strong>, todo hace presumir que, efectivamente, se trata de restos mortales de Ram\u00f3n Gin\u00e9s Cardoso.<\/p>\n<p>Fuente y fotos: <em>Diario La Ma\u00f1ana de Bol\u00edvar<\/em><\/p>\n","protected":false},"excerpt":{"rendered":"<p>El caso se conoci\u00f3 este jueves. Hay dos detenidos, uno de ellos menor de edad. El cuerpo del hombre de<\/p>\n","protected":false},"author":4,"featured_media":121978,"comment_status":"closed","ping_status":"closed","sticky":false,"template":"","format":"standard","meta":{"_jetpack_memberships_contains_paid_content":false,"footnotes":""},"categories":[6,1],"tags":[],"class_list":["post-121975","post","type-post","status-publish","format-standard","has-post-thumbnail","hentry","category-nacionales","category-portada"],"jetpack_featured_media_url":"https:\/\/i0.wp.com\/cdnoticias.com\/wp-content\/uploads\/2024\/08\/diario-la-manana-caso-cardoso-03.jpg?fit=1000%2C563&ssl=1","jetpack_sharing_enabled":true,"_links":{"self":[{"href":"https:\/\/cdnoticias.com\/index.php\/wp-json\/wp\/v2\/posts\/121975","targetHints":{"allow":["GET"]}}],"collection":[{"href":"https:\/\/cdnoticias.com\/index.php\/wp-json\/wp\/v2\/posts"}],"about":[{"href":"https:\/\/cdnoticias.com\/index.php\/wp-json\/wp\/v2\/types\/post"}],"author":[{"embeddable":true,"href":"https:\/\/cdnoticias.com\/index.php\/wp-json\/wp\/v2\/users\/4"}],"replies":[{"embeddable":true,"href":"https:\/\/cdnoticias.com\/index.php\/wp-json\/wp\/v2\/comments?post=121975"}],"version-history":[{"count":0,"href":"https:\/\/cdnoticias.com\/index.php\/wp-json\/wp\/v2\/posts\/121975\/revisions"}],"wp:featuredmedia":[{"embeddable":true,"href":"https:\/\/cdnoticias.com\/index.php\/wp-json\/wp\/v2\/media\/121978"}],"wp:attachment":[{"href":"https:\/\/cdnoticias.com\/index.php\/wp-json\/wp\/v2\/media?parent=121975"}],"wp:term":[{"taxonomy":"category","embeddable":true,"href":"https:\/\/cdnoticias.com\/index.php\/wp-json\/wp\/v2\/categories?post=121975"},{"taxonomy":"post_tag","embeddable":true,"href":"https:\/\/cdnoticias.com\/index.php\/wp-json\/wp\/v2\/tags?post=121975"}],"curies":[{"name":"wp","href":"https:\/\/api.w.org\/{rel}","templated":true}]}}