{"id":121960,"date":"2024-08-01T20:12:13","date_gmt":"2024-08-01T23:12:13","guid":{"rendered":"https:\/\/cdnoticias.com\/?p=121960"},"modified":"2024-08-01T20:12:15","modified_gmt":"2024-08-01T23:12:15","slug":"como-estara-el-tiempo-en-olavarria-para-este-viernes-2-de-agosto","status":"publish","type":"post","link":"https:\/\/cdnoticias.com\/index.php\/2024\/08\/01\/como-estara-el-tiempo-en-olavarria-para-este-viernes-2-de-agosto\/","title":{"rendered":"C\u00f3mo estar\u00e1 el tiempo en Olavarr\u00eda para este viernes 2 de agosto"},"content":{"rendered":"\n<p>Se experimentar\u00e1 un clima m\u00e1s propio del verano que del invierno, con temperaturas excepcionalmente altas para la \u00e9poca. Aqu\u00ed te dejamos el pron\u00f3stico del tiempo para que puedas planificar tu jornada.<\/p>\n\n\n\n<hr class=\"wp-block-separator aligncenter has-alpha-channel-opacity\"\/>\n\n\n\n<p>En la madrugada, el cielo estar\u00e1 nublado. L<strong>a temperatura ser\u00e1 sorprendentemente c\u00e1lida, alcanzando los 18\u00b0C.<\/strong> Los vientos soplar\u00e1n del norte (N) a una velocidad de entre 23 y 31 km\/h, proporcionando una noche relativamente templada.<\/p>\n\n\n\n<p>Durante la ma\u00f1ana, <strong>el cielo seguir\u00e1 nublado y la temperatura descender\u00e1 ligeramente a 16\u00b0C. Los vientos continuar\u00e1n provenientes del norte (N) con la misma intensidad, manteni\u00e9ndose en el rango de 23 a 31 km\/h. <\/strong>Aunque hay una baja probabilidad de lluvia (0 &#8211; 10%), el ambiente seguir\u00e1 siendo inusualmente c\u00e1lido para un d\u00eda de agosto.<\/p>\n\n\n\n<p>En la tarde,<strong> las condiciones cambiar\u00e1n con la aparici\u00f3n de tormentas aisladas. La temperatura alcanzar\u00e1 un m\u00e1ximo notable de 25\u00b0C, lo cual es muy inusual para esta \u00e9poca del a\u00f1o y m\u00e1s propio de un d\u00eda de verano. <\/strong>Los vientos disminuir\u00e1n su velocidad, soplando del noroeste (NO) entre 13 y 22 km\/h. Con el aumento de la temperatura vendr\u00e1n las lluvias, por lo que es importante estar preparado para posibles tormentas.<\/p>\n\n\n\n<p>Para la noche, <strong>las tormentas aisladas continuar\u00e1n, con una temperatura que descender\u00e1 a 18\u00b0C.<\/strong> Los vientos cambiar\u00e1n de direcci\u00f3n hacia el sur (S), aumentando nuevamente su velocidad a entre 23 y 31 km\/h. La noche ser\u00e1 c\u00e1lida y lluviosa, lo cual es raro para el mes de agosto.<\/p>\n\n\n\n<p><strong>Este viernes en Olavarr\u00eda ser\u00e1 notablemente c\u00e1lido para esta \u00e9poca del a\u00f1o, con temperaturas que alcanzar\u00e1n los 25\u00b0C en la tarde, m\u00e1s cercanas al verano que a la primavera.<\/strong> A pesar de la previsi\u00f3n de lluvias y tormentas aisladas, el calor inusual ser\u00e1 la caracter\u00edstica m\u00e1s destacada del d\u00eda. Es recomendable disfrutar del d\u00eda con precauci\u00f3n, especialmente durante las tormentas previstas en la tarde y noche.<\/p>\n","protected":false},"excerpt":{"rendered":"<p>Se experimentar\u00e1 un clima m\u00e1s propio del verano que del invierno, con temperaturas excepcionalmente altas para la \u00e9poca. Aqu\u00ed te<\/p>\n","protected":false},"author":2,"featured_media":118734,"comment_status":"closed","ping_status":"closed","sticky":false,"template":"","format":"standard","meta":{"_jetpack_memberships_contains_paid_content":false,"footnotes":""},"categories":[5],"tags":[],"class_list":["post-121960","post","type-post","status-publish","format-standard","has-post-thumbnail","hentry","category-informacion-general"],"jetpack_featured_media_url":"https:\/\/i0.wp.com\/cdnoticias.com\/wp-content\/uploads\/2024\/06\/olavarria-ciudad-clima-nublado-01.jpg?fit=1000%2C563&ssl=1","jetpack_sharing_enabled":true,"_links":{"self":[{"href":"https:\/\/cdnoticias.com\/index.php\/wp-json\/wp\/v2\/posts\/121960","targetHints":{"allow":["GET"]}}],"collection":[{"href":"https:\/\/cdnoticias.com\/index.php\/wp-json\/wp\/v2\/posts"}],"about":[{"href":"https:\/\/cdnoticias.com\/index.php\/wp-json\/wp\/v2\/types\/post"}],"author":[{"embeddable":true,"href":"https:\/\/cdnoticias.com\/index.php\/wp-json\/wp\/v2\/users\/2"}],"replies":[{"embeddable":true,"href":"https:\/\/cdnoticias.com\/index.php\/wp-json\/wp\/v2\/comments?post=121960"}],"version-history":[{"count":0,"href":"https:\/\/cdnoticias.com\/index.php\/wp-json\/wp\/v2\/posts\/121960\/revisions"}],"wp:featuredmedia":[{"embeddable":true,"href":"https:\/\/cdnoticias.com\/index.php\/wp-json\/wp\/v2\/media\/118734"}],"wp:attachment":[{"href":"https:\/\/cdnoticias.com\/index.php\/wp-json\/wp\/v2\/media?parent=121960"}],"wp:term":[{"taxonomy":"category","embeddable":true,"href":"https:\/\/cdnoticias.com\/index.php\/wp-json\/wp\/v2\/categories?post=121960"},{"taxonomy":"post_tag","embeddable":true,"href":"https:\/\/cdnoticias.com\/index.php\/wp-json\/wp\/v2\/tags?post=121960"}],"curies":[{"name":"wp","href":"https:\/\/api.w.org\/{rel}","templated":true}]}}