{"id":121922,"date":"2024-08-01T13:17:19","date_gmt":"2024-08-01T16:17:19","guid":{"rendered":"https:\/\/cdnoticias.com\/?p=121922"},"modified":"2024-08-01T18:10:02","modified_gmt":"2024-08-01T21:10:02","slug":"kicillof-firmo-el-acuerdo-con-unicen-para-la-ampliacion-de-la-facultad-de-salud","status":"publish","type":"post","link":"https:\/\/cdnoticias.com\/index.php\/2024\/08\/01\/kicillof-firmo-el-acuerdo-con-unicen-para-la-ampliacion-de-la-facultad-de-salud\/","title":{"rendered":"Kicillof firm\u00f3 el acuerdo con Unicen para la ampliaci\u00f3n de la Facultad de Salud"},"content":{"rendered":"<p>Fue en la visita a Tandil donde tambi\u00e9n estuvo el intendente Maximiliano Wesner. \u201cEs un orgullo ser parte de un gobierno provincial que invierte en educaci\u00f3n de calidad\u201d expres\u00f3 el jefe comunal.<!--more--><\/p>\n<hr \/>\n<p>Este mi\u00e9rcoles estuvo <strong>el gobernador Axel Kicillof en la ciudad de Tandil<\/strong> donde inaugur\u00f3 un complejo educativo, entreg\u00f3 viviendas y recorri\u00f3 avances de obras financiadas por la gesti\u00f3n provincial.<\/p>\n<p>&nbsp;<\/p>\n<p>En ese marco, el Gobernador <strong>firm\u00f3 un acuerdo con la Unicen<\/strong> para concretar distintos trabajos entre ellos, <strong>completar la ampliaci\u00f3n de la Facultad de Ciencias de la Salud en Olavarr\u00eda.<\/strong><\/p>\n<p>&nbsp;<\/p>\n<p><img data-recalc-dims=\"1\" loading=\"lazy\" decoding=\"async\" class=\"size-full wp-image-121925 aligncenter\" src=\"https:\/\/i0.wp.com\/cdnoticias.com\/wp-content\/uploads\/2024\/08\/kicillof-wesner.jpg?resize=800%2C446&#038;ssl=1\" alt=\"\" width=\"800\" height=\"446\" srcset=\"https:\/\/i0.wp.com\/cdnoticias.com\/wp-content\/uploads\/2024\/08\/kicillof-wesner.jpg?w=1000&amp;ssl=1 1000w, https:\/\/i0.wp.com\/cdnoticias.com\/wp-content\/uploads\/2024\/08\/kicillof-wesner.jpg?resize=300%2C167&amp;ssl=1 300w, https:\/\/i0.wp.com\/cdnoticias.com\/wp-content\/uploads\/2024\/08\/kicillof-wesner.jpg?resize=768%2C428&amp;ssl=1 768w, https:\/\/i0.wp.com\/cdnoticias.com\/wp-content\/uploads\/2024\/08\/kicillof-wesner.jpg?resize=800%2C445&amp;ssl=1 800w\" sizes=\"auto, (max-width: 800px) 100vw, 800px\" \/><\/p>\n<p>&nbsp;<\/p>\n<blockquote><p>El intendente Maximiliano Wesner acompa\u00f1\u00f3 la visita de Kicillof a Tandil. \u201cFirmamos el reinicio de la obra del edificio de Ciencias de la Salud, que ser\u00e1 financiado con recursos provinciales ante la decisi\u00f3n del gobierno nacional de suspenderla\u201d expres\u00f3 el jefe comunal.<\/p><\/blockquote>\n<p>&nbsp;<\/p>\n<p>Asimismo sostuvo en sus redes sociales que <em>\u201ces un orgullo ser parte de un gobierno provincial que invierte en educaci\u00f3n de calidad, en obra p\u00fablica y en el futuro de todos los bonaerenses\u201d.<\/em><\/p>\n<p>&nbsp;<\/p>\n<p>Desde la Gobernaci\u00f3n se inform\u00f3 que <strong>el ministro de Infraestructura y Servicios P\u00fablicos, Gabriel Katopodis<\/strong>, suscribi\u00f3 con el <strong>rector de la Universidad del Centro (UNICEN), Marcelo Aba<\/strong>, un acuerdo para la finalizaci\u00f3n de las obras de <strong>restauraci\u00f3n de la fachada de la sede central del Rectorado<\/strong> y de las<strong> aulas y talleres de la Facultad de Ciencia de la Salud de la sede Olavarr\u00eda.<\/strong><\/p>\n<p>&nbsp;<\/p>\n<p><img data-recalc-dims=\"1\" loading=\"lazy\" decoding=\"async\" class=\"aligncenter wp-image-104751\" src=\"https:\/\/i0.wp.com\/cdnoticias.com\/wp-content\/uploads\/2023\/12\/obra-facultad-de-salud3.jpg?resize=800%2C450&#038;ssl=1\" alt=\"\" width=\"800\" height=\"450\" srcset=\"https:\/\/i0.wp.com\/cdnoticias.com\/wp-content\/uploads\/2023\/12\/obra-facultad-de-salud3-scaled.jpg?resize=1024%2C576&amp;ssl=1 1024w, https:\/\/i0.wp.com\/cdnoticias.com\/wp-content\/uploads\/2023\/12\/obra-facultad-de-salud3-scaled.jpg?resize=300%2C169&amp;ssl=1 300w, https:\/\/i0.wp.com\/cdnoticias.com\/wp-content\/uploads\/2023\/12\/obra-facultad-de-salud3-scaled.jpg?resize=768%2C432&amp;ssl=1 768w, https:\/\/i0.wp.com\/cdnoticias.com\/wp-content\/uploads\/2023\/12\/obra-facultad-de-salud3-scaled.jpg?resize=1536%2C864&amp;ssl=1 1536w, https:\/\/i0.wp.com\/cdnoticias.com\/wp-content\/uploads\/2023\/12\/obra-facultad-de-salud3-scaled.jpg?resize=2048%2C1152&amp;ssl=1 2048w, https:\/\/i0.wp.com\/cdnoticias.com\/wp-content\/uploads\/2023\/12\/obra-facultad-de-salud3-scaled.jpg?w=1600&amp;ssl=1 1600w, https:\/\/i0.wp.com\/cdnoticias.com\/wp-content\/uploads\/2023\/12\/obra-facultad-de-salud3-scaled.jpg?w=2400&amp;ssl=1 2400w\" sizes=\"auto, (max-width: 800px) 100vw, 800px\" \/><\/p>\n<p>&nbsp;<\/p>\n<blockquote><p>Kicillof afirm\u00f3 que \u201cse trata de un acuerdo para que la provincia de Buenos Aires se haga cargo de proyectos de infraestructura que fueron abandonados por el Gobierno nacional\u201d.\u00a0\u201cEntre las mil obras que paralizaron en la provincia, se incluyen mejoras en universidades p\u00fablicas: aunque nos dejen sin recursos y nos quieran asfixiar, nosotros no estamos dispuestos a dar ni un paso para atr\u00e1s\u201d, remarc\u00f3 el mandatario bonaerense.<\/p><\/blockquote>\n<p>&nbsp;<\/p>\n<p>Entre los asistentes a la visita del gobernador Kicillof se cont\u00f3 el <strong>decano de la Facultad de Ciencias de la Salud, H\u00e9ctor Trebucq<\/strong>.<\/p>\n<p>&nbsp;<\/p>\n<p><a href=\"https:\/\/cdnoticias.com\/index.php\/2024\/05\/31\/la-provincia-financiara-la-obra-de-la-facultad-de-salud-paralizada-por-milei\/\" target=\"_blank\" rel=\"noopener\">A fines de mayo<\/a>, en el marco de una visita a Bol\u00edvar, <strong>el propio Kicillof se hab\u00eda comprometido a financiar la obra<\/strong> en la sede educativa de Olavarr\u00eda. \u201cEs una gran noticia para Olavarr\u00eda y la regi\u00f3n\u201d hab\u00eda expresado Wesner en esa oportunidad. <a href=\"https:\/\/cdnoticias.com\/index.php\/2024\/06\/18\/reactivacion-de-la-obra-de-la-facultad-de-salud-wesner-y-autoridades-de-la-unicen-se-reunieron-con-katopodis\/\" target=\"_blank\" rel=\"noopener\">El 18 de junio<\/a>, el ministro <strong>Katopodis recibi\u00f3 en La Plata a autoridades de la Unicen<\/strong> acompa\u00f1adas por el intendente de Olavarr\u00eda para reafirmar la decisi\u00f3n y definir distintos aspectos de la continuidad. Entre esas definiciones, <strong>se contempl\u00f3 que \u201cla idea es continuar con la misma empresa\u201d<\/strong> tal como <a href=\"https:\/\/cdnoticias.com\/index.php\/2024\/06\/21\/obra-de-la-facultad-de-salud-la-idea-es-continuar-con-la-misma-empresa\/\" target=\"_blank\" rel=\"noopener\">lo expres\u00f3 el decano Trebucq<\/a>.<\/p>\n<p>&nbsp;<\/p>\n<p>La obra de ampliaci\u00f3n que se realizaba con fondos dispuestos por el Ministerio de Obras P\u00fablicas de la Naci\u00f3n <strong>fue suspendida cuando hab\u00eda logrado un 40% de avance<\/strong> en el mes de diciembre de 2023 ante el recambio de autoridades nacionales.<\/p>\n<p>&nbsp;<\/p>\n<blockquote class=\"twitter-tweet\">\n<p lang=\"es\" dir=\"ltr\">Acompa\u00f1amos al gobernador <a href=\"https:\/\/twitter.com\/Kicillofok?ref_src=twsrc%5Etfw\">@Kicillofok<\/a> en Tandil durante la inauguraci\u00f3n del nuevo edificio del Conservatorio de M\u00fasica \u2018Isa\u00edas Orbe\u2019 y del Instituto de Profesorado de Arte de Tandil (IPAT). <a href=\"https:\/\/t.co\/9H0Zd0RgzB\">pic.twitter.com\/9H0Zd0RgzB<\/a><\/p>\n<p>&mdash; Maximiliano Wesner (@MaximilianoWes4) <a href=\"https:\/\/twitter.com\/MaximilianoWes4\/status\/1818755397156811133?ref_src=twsrc%5Etfw\">July 31, 2024<\/a><\/p><\/blockquote>\n<p> <script async src=\"https:\/\/platform.twitter.com\/widgets.js\" charset=\"utf-8\"><\/script><\/p>\n<p>&nbsp;<\/p>\n","protected":false},"excerpt":{"rendered":"<p>Fue en la visita a Tandil donde tambi\u00e9n estuvo el intendente Maximiliano Wesner. \u201cEs un orgullo ser parte de un<\/p>\n","protected":false},"author":4,"featured_media":121926,"comment_status":"closed","ping_status":"closed","sticky":false,"template":"","format":"standard","meta":{"_jetpack_memberships_contains_paid_content":false,"footnotes":""},"categories":[5,1],"tags":[],"class_list":["post-121922","post","type-post","status-publish","format-standard","has-post-thumbnail","hentry","category-informacion-general","category-portada"],"jetpack_featured_media_url":"https:\/\/i0.wp.com\/cdnoticias.com\/wp-content\/uploads\/2024\/08\/kicillof-wesner-aba-katopodis.jpg?fit=1000%2C556&ssl=1","jetpack_sharing_enabled":true,"_links":{"self":[{"href":"https:\/\/cdnoticias.com\/index.php\/wp-json\/wp\/v2\/posts\/121922","targetHints":{"allow":["GET"]}}],"collection":[{"href":"https:\/\/cdnoticias.com\/index.php\/wp-json\/wp\/v2\/posts"}],"about":[{"href":"https:\/\/cdnoticias.com\/index.php\/wp-json\/wp\/v2\/types\/post"}],"author":[{"embeddable":true,"href":"https:\/\/cdnoticias.com\/index.php\/wp-json\/wp\/v2\/users\/4"}],"replies":[{"embeddable":true,"href":"https:\/\/cdnoticias.com\/index.php\/wp-json\/wp\/v2\/comments?post=121922"}],"version-history":[{"count":0,"href":"https:\/\/cdnoticias.com\/index.php\/wp-json\/wp\/v2\/posts\/121922\/revisions"}],"wp:featuredmedia":[{"embeddable":true,"href":"https:\/\/cdnoticias.com\/index.php\/wp-json\/wp\/v2\/media\/121926"}],"wp:attachment":[{"href":"https:\/\/cdnoticias.com\/index.php\/wp-json\/wp\/v2\/media?parent=121922"}],"wp:term":[{"taxonomy":"category","embeddable":true,"href":"https:\/\/cdnoticias.com\/index.php\/wp-json\/wp\/v2\/categories?post=121922"},{"taxonomy":"post_tag","embeddable":true,"href":"https:\/\/cdnoticias.com\/index.php\/wp-json\/wp\/v2\/tags?post=121922"}],"curies":[{"name":"wp","href":"https:\/\/api.w.org\/{rel}","templated":true}]}}