{"id":12190,"date":"2021-01-25T10:40:56","date_gmt":"2021-01-25T13:40:56","guid":{"rendered":"http:\/\/www.centraldenoticias.com.ar\/?p=12190"},"modified":"2021-01-25T13:00:19","modified_gmt":"2021-01-25T16:00:19","slug":"camioneros-se-manifiestan-en-el-cruce-de-rutas-226-y-51","status":"publish","type":"post","link":"https:\/\/cdnoticias.com\/index.php\/2021\/01\/25\/camioneros-se-manifiestan-en-el-cruce-de-rutas-226-y-51\/","title":{"rendered":"Camioneros se manifiestan en el cruce de rutas 226 y 51"},"content":{"rendered":"<p>Desde la ma\u00f1ana de este lunes se inici\u00f3 en Olavarr\u00eda la manifestaci\u00f3n por la p\u00e9rdida de rentabilidad. Est\u00e1n apostados en el cruce en reclamo de mejoras en la tarifa de los fletes.<!--more--><\/p>\n<hr \/>\n<p><strong>En la ma\u00f1ana de este lunes camioneros locales iniciaron una manifestaci\u00f3n en el cruce de 226 y 51<\/strong>. Se trata de <strong>peque\u00f1os empresarios del rubro que transportan cereales y reclaman mejoras en la tarifa de los fletes<\/strong>.<\/p>\n<p>La protesta de los camioneros independientes <strong>se inici\u00f3 la semana pasada en distintos puntos de la franja central del pa\u00eds<\/strong>. Hubo cortes de ruta y manifestaciones en las provincias de Santa Fe, C\u00f3rdoba, Entre R\u00edos, Chaco, San Juan y Buenos Aires sostenidas a lo largo de la semana.<\/p>\n<p><strong>Leonel Donad\u00edo<\/strong> habl\u00f3 con LU 32 Radio Olavarr\u00eda a poco de iniciada la protesta en la llamada \u201cRotonda de Los Pinos\u201d y expuso sobre las causas de la protesta que <strong>\u201clos costos se est\u00e1n disparando cada vez m\u00e1s<\/strong> y no los podemos controlar, se nos escapa de las manos la econom\u00eda y no lo podemos sostener. <strong>Estamos trabajando para comer y pr\u00e1cticamente no nos queda margen de ganancia<\/strong>\u201d.<\/p>\n<p>Tal como sucede en el resto del pa\u00eds, en el plano local se manifiestan \u201clos camioneros, las firmas individuales que tenemos un cami\u00f3n o dos. No tenemos apoyo de ninguna f\u00e1brica ni empresa importante\u201d subray\u00f3 Donad\u00edo.<\/p>\n<blockquote><p>Puntualmente se trata de transportistas de cereales, aunque el olavarriense se\u00f1al\u00f3 que \u201cno es cuesti\u00f3n de rubro, lo mejor que nos podr\u00eda pasar es que nos unamos. Todos compramos la rueda y el respuesto en el mismo lugar, a todos nos cuesta lo mismo conseguir las cosas\u201d.<\/p><\/blockquote>\n<p><img data-recalc-dims=\"1\" loading=\"lazy\" decoding=\"async\" class=\"aligncenter wp-image-12201 size-full\" src=\"https:\/\/i0.wp.com\/cdnoticias.com\/wp-content\/uploads\/2021\/01\/protesta-de-camioneros06.jpg?resize=800%2C446&#038;ssl=1\" alt=\"\" width=\"800\" height=\"446\" srcset=\"https:\/\/i0.wp.com\/cdnoticias.com\/wp-content\/uploads\/2021\/01\/protesta-de-camioneros06.jpg?w=800&amp;ssl=1 800w, https:\/\/i0.wp.com\/cdnoticias.com\/wp-content\/uploads\/2021\/01\/protesta-de-camioneros06.jpg?resize=300%2C167&amp;ssl=1 300w, https:\/\/i0.wp.com\/cdnoticias.com\/wp-content\/uploads\/2021\/01\/protesta-de-camioneros06.jpg?resize=768%2C428&amp;ssl=1 768w\" sizes=\"auto, (max-width: 800px) 100vw, 800px\" \/><\/p>\n<p>Igualmente, cabe explicar que la tarifa que se paga por kil\u00f3metro de carga es distinta en cada rubro. \u201c<strong>En el cereal manejamos una tarifa que se habla con cerealeras y acopiadoras<\/strong>. Pero yo voy a que el gasto para todos es el mismo\u201d se\u00f1al\u00f3 el empresario local.<\/p>\n<p>La medida en el cruce de 226 y 51 convoca a camioneros de la zona. <strong>\u201cEs una manifestaci\u00f3n, ya somos unos cuantos, es pac\u00edfico\u201d<\/strong> explic\u00f3 al tiempo que se\u00f1al\u00f3 que mantiene contacto con las protestas que se llevan adelante en otros puntos de la provincia como Tres Arroyos, Quequ\u00e9n e Ingeniero White.<\/p>\n<p><img data-recalc-dims=\"1\" loading=\"lazy\" decoding=\"async\" class=\"aligncenter wp-image-12213 size-full\" src=\"https:\/\/i0.wp.com\/cdnoticias.com\/wp-content\/uploads\/2021\/01\/protesta-de-camioneros11.jpg?resize=800%2C446&#038;ssl=1\" alt=\"\" width=\"800\" height=\"446\" srcset=\"https:\/\/i0.wp.com\/cdnoticias.com\/wp-content\/uploads\/2021\/01\/protesta-de-camioneros11.jpg?w=800&amp;ssl=1 800w, https:\/\/i0.wp.com\/cdnoticias.com\/wp-content\/uploads\/2021\/01\/protesta-de-camioneros11.jpg?resize=300%2C167&amp;ssl=1 300w, https:\/\/i0.wp.com\/cdnoticias.com\/wp-content\/uploads\/2021\/01\/protesta-de-camioneros11.jpg?resize=768%2C428&amp;ssl=1 768w\" sizes=\"auto, (max-width: 800px) 100vw, 800px\" \/><\/p>\n<p><strong>La protesta<\/strong><\/p>\n<p><strong>Este lunes es el sexto d\u00eda de protesta en el pa\u00eds<\/strong>. En territorio bonaerense, las manifestaciones incluyeron los ingresos a las ciudades de Tres Arroyos, Bah\u00eda Blanca, Chacabuco, Necochea, Quequ\u00e9n, Lober\u00eda y San Cayetano y la ruta 9, cerca de San Nicol\u00e1s.<\/p>\n<p>Hubo cortes de tr\u00e1nsito en autopistas que se sostuvieron durante las primeras 24 horas aproximadamente, aunque con el apoyo de entidades intermedias comenzaron a ceder.<\/p>\n<p>Si bien en nuestra regi\u00f3n las manifestaciones se vinculan a los transportistas de cereal, <strong>en otras provincias afectan tambi\u00e9n a las cargas de acero y a rubro automotriz<\/strong>, as\u00ed como a otros sectores industriales. En todos los casos, el reclamo es por la p\u00e9rdida de rentabilidad del sector.<\/p>\n<p><em>Fotos: La Voz del Pueblo y DIB<\/em><\/p>\n","protected":false},"excerpt":{"rendered":"<p>Desde la ma\u00f1ana de este lunes se inici\u00f3 en Olavarr\u00eda la manifestaci\u00f3n por la p\u00e9rdida de rentabilidad. Est\u00e1n apostados en<\/p>\n","protected":false},"author":4,"featured_media":12195,"comment_status":"closed","ping_status":"closed","sticky":false,"template":"","format":"standard","meta":{"_jetpack_memberships_contains_paid_content":false,"footnotes":""},"categories":[5,1],"tags":[],"class_list":["post-12190","post","type-post","status-publish","format-standard","has-post-thumbnail","hentry","category-informacion-general","category-portada"],"jetpack_featured_media_url":"https:\/\/i0.wp.com\/cdnoticias.com\/wp-content\/uploads\/2021\/01\/protesta-de-camioneros.jpg?fit=800%2C443&ssl=1","jetpack_sharing_enabled":true,"_links":{"self":[{"href":"https:\/\/cdnoticias.com\/index.php\/wp-json\/wp\/v2\/posts\/12190","targetHints":{"allow":["GET"]}}],"collection":[{"href":"https:\/\/cdnoticias.com\/index.php\/wp-json\/wp\/v2\/posts"}],"about":[{"href":"https:\/\/cdnoticias.com\/index.php\/wp-json\/wp\/v2\/types\/post"}],"author":[{"embeddable":true,"href":"https:\/\/cdnoticias.com\/index.php\/wp-json\/wp\/v2\/users\/4"}],"replies":[{"embeddable":true,"href":"https:\/\/cdnoticias.com\/index.php\/wp-json\/wp\/v2\/comments?post=12190"}],"version-history":[{"count":0,"href":"https:\/\/cdnoticias.com\/index.php\/wp-json\/wp\/v2\/posts\/12190\/revisions"}],"wp:featuredmedia":[{"embeddable":true,"href":"https:\/\/cdnoticias.com\/index.php\/wp-json\/wp\/v2\/media\/12195"}],"wp:attachment":[{"href":"https:\/\/cdnoticias.com\/index.php\/wp-json\/wp\/v2\/media?parent=12190"}],"wp:term":[{"taxonomy":"category","embeddable":true,"href":"https:\/\/cdnoticias.com\/index.php\/wp-json\/wp\/v2\/categories?post=12190"},{"taxonomy":"post_tag","embeddable":true,"href":"https:\/\/cdnoticias.com\/index.php\/wp-json\/wp\/v2\/tags?post=12190"}],"curies":[{"name":"wp","href":"https:\/\/api.w.org\/{rel}","templated":true}]}}