{"id":121894,"date":"2024-08-01T07:49:47","date_gmt":"2024-08-01T10:49:47","guid":{"rendered":"https:\/\/cdnoticias.com\/?p=121894"},"modified":"2024-08-01T07:49:48","modified_gmt":"2024-08-01T10:49:48","slug":"roberto-pedro-celone-flaco-q-e-p-d","status":"publish","type":"post","link":"https:\/\/cdnoticias.com\/index.php\/2024\/08\/01\/roberto-pedro-celone-flaco-q-e-p-d\/","title":{"rendered":"Roberto Pedro Celon\u00e9 \u201cFlaco\u201d (Q.E.P.D.)"},"content":{"rendered":"\n<p>Falleci\u00f3 en Olavarr\u00eda el 31 de julio de 2024 a los 81 a\u00f1os de edad. Sus hijos: Lucas Mat\u00edas, Marcelo Javier Celon\u00e9. Su ex nuera: Romina Galotti. Sus Nietos: Jerem\u00edas Celon\u00e9, Santiago Celon\u00e9 y Trinidad Celon\u00e9; Florencia Celon\u00e9, Lucas Javier Celon\u00e9, Braian Celon\u00e9. Su compa\u00f1era: Mar\u00eda Bustos y dem\u00e1s deudos participan su fallecimiento.<\/p>\n\n\n\n<p>Sus restos son velados en Espa\u00f1a 2942 departamento &#8220;C&#8221; y ser\u00e1n inhumados este jueves a las 11:30 en el cementerio Loma de Paz, sin responso. Vecino de barrio Provincias Unidas. Nacido en Pigu\u00e9. Jubilado.<\/p>\n","protected":false},"excerpt":{"rendered":"<p>Falleci\u00f3 en Olavarr\u00eda el 31 de julio de 2024 a los 81 a\u00f1os de edad. Sus hijos: Lucas Mat\u00edas, Marcelo<\/p>\n","protected":false},"author":2,"featured_media":100390,"comment_status":"closed","ping_status":"closed","sticky":false,"template":"","format":"standard","meta":{"_jetpack_memberships_contains_paid_content":false,"footnotes":""},"categories":[10],"tags":[],"class_list":["post-121894","post","type-post","status-publish","format-standard","has-post-thumbnail","hentry","category-necrologicas"],"jetpack_featured_media_url":"https:\/\/i0.wp.com\/cdnoticias.com\/wp-content\/uploads\/2023\/10\/necrologicas-390-x-240.jpg?fit=390%2C240&ssl=1","jetpack_sharing_enabled":true,"_links":{"self":[{"href":"https:\/\/cdnoticias.com\/index.php\/wp-json\/wp\/v2\/posts\/121894","targetHints":{"allow":["GET"]}}],"collection":[{"href":"https:\/\/cdnoticias.com\/index.php\/wp-json\/wp\/v2\/posts"}],"about":[{"href":"https:\/\/cdnoticias.com\/index.php\/wp-json\/wp\/v2\/types\/post"}],"author":[{"embeddable":true,"href":"https:\/\/cdnoticias.com\/index.php\/wp-json\/wp\/v2\/users\/2"}],"replies":[{"embeddable":true,"href":"https:\/\/cdnoticias.com\/index.php\/wp-json\/wp\/v2\/comments?post=121894"}],"version-history":[{"count":0,"href":"https:\/\/cdnoticias.com\/index.php\/wp-json\/wp\/v2\/posts\/121894\/revisions"}],"wp:featuredmedia":[{"embeddable":true,"href":"https:\/\/cdnoticias.com\/index.php\/wp-json\/wp\/v2\/media\/100390"}],"wp:attachment":[{"href":"https:\/\/cdnoticias.com\/index.php\/wp-json\/wp\/v2\/media?parent=121894"}],"wp:term":[{"taxonomy":"category","embeddable":true,"href":"https:\/\/cdnoticias.com\/index.php\/wp-json\/wp\/v2\/categories?post=121894"},{"taxonomy":"post_tag","embeddable":true,"href":"https:\/\/cdnoticias.com\/index.php\/wp-json\/wp\/v2\/tags?post=121894"}],"curies":[{"name":"wp","href":"https:\/\/api.w.org\/{rel}","templated":true}]}}