{"id":121874,"date":"2024-07-31T19:28:46","date_gmt":"2024-07-31T22:28:46","guid":{"rendered":"https:\/\/cdnoticias.com\/?p=121874"},"modified":"2024-08-01T08:11:08","modified_gmt":"2024-08-01T11:11:08","slug":"corte-de-luz-programado-en-un-sector-de-la-ciudad-14","status":"publish","type":"post","link":"https:\/\/cdnoticias.com\/index.php\/2024\/07\/31\/corte-de-luz-programado-en-un-sector-de-la-ciudad-14\/","title":{"rendered":"Corte de luz programado en un sector de la ciudad"},"content":{"rendered":"\n<p>Ser\u00e1 este jueves de 7:30 a 9:30 por tareas de mantenimiento.<\/p>\n\n\n\n<hr class=\"wp-block-separator aligncenter has-alpha-channel-opacity\"\/>\n\n\n\n<p>Desde Coopelectric se inform\u00f3 que <strong>este jueves se producir\u00e1 la interrupci\u00f3n del servicio el\u00e9ctrico <\/strong>en un sector de la ciudad.<\/p>\n\n\n\n<p><\/p>\n\n\n\n<blockquote class=\"wp-block-quote is-layout-flow wp-block-quote-is-layout-flow\">\n<p>Espec\u00edficamente, el corte ser\u00e1 de 7:30 a 9:30 horas y afectar\u00e1 las siguientes calles: Jun\u00edn \u2013 Coronel Su\u00e1rez \u2013 Chacabuco \u2013 Bol\u00edvar.<\/p>\n<\/blockquote>\n\n\n\n<p><\/p>\n\n\n\n<p>Se indic\u00f3 que el motivo del corte es<strong> por mantenimiento <\/strong>y que las tareas pueden reprogramarse si las condiciones clim\u00e1ticas son adversas.<\/p>\n","protected":false},"excerpt":{"rendered":"<p>Ser\u00e1 este jueves de 7:30 a 9:30 por tareas de mantenimiento. Desde Coopelectric se inform\u00f3 que este jueves se producir\u00e1<\/p>\n","protected":false},"author":6,"featured_media":100388,"comment_status":"closed","ping_status":"closed","sticky":false,"template":"","format":"standard","meta":{"_jetpack_memberships_contains_paid_content":false,"footnotes":""},"categories":[5,1],"tags":[],"class_list":["post-121874","post","type-post","status-publish","format-standard","has-post-thumbnail","hentry","category-informacion-general","category-portada"],"jetpack_featured_media_url":"https:\/\/i0.wp.com\/cdnoticias.com\/wp-content\/uploads\/2023\/10\/coopelectric-camion1.webp?fit=800%2C445&ssl=1","jetpack_sharing_enabled":true,"_links":{"self":[{"href":"https:\/\/cdnoticias.com\/index.php\/wp-json\/wp\/v2\/posts\/121874","targetHints":{"allow":["GET"]}}],"collection":[{"href":"https:\/\/cdnoticias.com\/index.php\/wp-json\/wp\/v2\/posts"}],"about":[{"href":"https:\/\/cdnoticias.com\/index.php\/wp-json\/wp\/v2\/types\/post"}],"author":[{"embeddable":true,"href":"https:\/\/cdnoticias.com\/index.php\/wp-json\/wp\/v2\/users\/6"}],"replies":[{"embeddable":true,"href":"https:\/\/cdnoticias.com\/index.php\/wp-json\/wp\/v2\/comments?post=121874"}],"version-history":[{"count":0,"href":"https:\/\/cdnoticias.com\/index.php\/wp-json\/wp\/v2\/posts\/121874\/revisions"}],"wp:featuredmedia":[{"embeddable":true,"href":"https:\/\/cdnoticias.com\/index.php\/wp-json\/wp\/v2\/media\/100388"}],"wp:attachment":[{"href":"https:\/\/cdnoticias.com\/index.php\/wp-json\/wp\/v2\/media?parent=121874"}],"wp:term":[{"taxonomy":"category","embeddable":true,"href":"https:\/\/cdnoticias.com\/index.php\/wp-json\/wp\/v2\/categories?post=121874"},{"taxonomy":"post_tag","embeddable":true,"href":"https:\/\/cdnoticias.com\/index.php\/wp-json\/wp\/v2\/tags?post=121874"}],"curies":[{"name":"wp","href":"https:\/\/api.w.org\/{rel}","templated":true}]}}