{"id":121866,"date":"2024-08-05T18:05:17","date_gmt":"2024-08-05T21:05:17","guid":{"rendered":"https:\/\/cdnoticias.com\/?p=121866"},"modified":"2024-08-05T18:05:19","modified_gmt":"2024-08-05T21:05:19","slug":"ate-define-un-nuevo-paro-nacional-tenemos-que-salir-a-defender-nuestros-derechos","status":"publish","type":"post","link":"https:\/\/cdnoticias.com\/index.php\/2024\/08\/05\/ate-define-un-nuevo-paro-nacional-tenemos-que-salir-a-defender-nuestros-derechos\/","title":{"rendered":"ATE define un nuevo paro nacional: &#8220;tenemos que salir a defender nuestros derechos&#8221;"},"content":{"rendered":"\n<p>El secretario general de Asociaci\u00f3n de Trabajadores del Estado afirm\u00f3 que el pr\u00f3ximo el 7 de agosto llevar\u00e1n a cabo una medida de fuerza \u201cmultisectorial\u201d.<\/p>\n\n\n\n<hr class=\"wp-block-separator aligncenter has-alpha-channel-opacity\"\/>\n\n\n\n<p>El secretario general de la <strong>Asociaci\u00f3n de Trabajadores del Estado<\/strong> (ATE), <strong>Rodolfo Aguiar <\/strong>sostuvo que la organizaci\u00f3n que comanda <strong>\u201cya se encamina a anunciar un paro nacional\u201d para el pr\u00f3ximo 7 de agosto<\/strong>, \u201cuna fecha elocuente, ya que es <strong>San Cayetano, el patrono del pan y del trabajo\u201d.<\/strong><\/p>\n\n\n\n<p><\/p>\n\n\n\n<p>En una entrevista radial, el dirigente asever\u00f3 que, seg\u00fan los \u00edndices actuales, \u201c<strong>hay 27 millones de personas en la pobreza y otros 27 en la indigencia\u201d, <\/strong>porque \u201c<strong>la Ley Bases y el DNU recrudecieron la crisis econ\u00f3mica\u201d.<\/strong><\/p>\n\n\n\n<p><\/p>\n\n\n\n<blockquote class=\"wp-block-quote is-layout-flow wp-block-quote-is-layout-flow\">\n<p>\u201cEl Gobierno est\u00e1 fracasando bajo sus propias premisas. El cierre de organismos p\u00fablicos no es solo un ataque a los estatales, sino a toda la sociedad. La gente empieza a tomar conciencia de que los ataques no son a la casta; acumulan altos sueldos en el Estado\u201d, sostuvo.<\/p>\n<\/blockquote>\n\n\n\n<p><\/p>\n\n\n\n<p>Con respecto a la movilizaci\u00f3n, que ser\u00e1 multisectorial, dar\u00e1 inicio a \u201cuna segunda etapa de resistencia frente al gobierno del presidente Javier Milei\u201d y servir\u00e1 \u201c<strong>para unir a las y los trabajadores organizados de la econom\u00eda popular<\/strong>\u201d expres\u00f3.<\/p>\n\n\n\n<p><\/p>\n\n\n\n<blockquote class=\"wp-block-quote is-layout-flow wp-block-quote-is-layout-flow\">\n<p>\u201cTenemos que salir a defender nuestros derechos. Este atropello que estamos sufriendo, solo significa m\u00e1s desempleo, sin seguridad social ni dignidad. La reforma que pretende Milei es un ataque a los derechos humanos y a la seguridad social\u201d sostuvo Aguiar.<\/p>\n<\/blockquote>\n\n\n\n<p><\/p>\n\n\n\n<p>Asimismo, remarc\u00f3 que desde el Gobierno \u201cbuscan beneficiar a los empresarios y corporaciones\u201d y la Confederaci\u00f3n General del Trabajo (CGT) \u201cya se convenci\u00f3 y estar\u00e1 presente\u201d en la movilizaci\u00f3n.<\/p>\n\n\n\n<p><\/p>\n\n\n\n<p>\u201cTienen la Ley Bases y el DNU, sin embargo,<strong> nuestras condiciones de vida empeoran todos los d\u00edas. <\/strong>Cada provincia hace lo que est\u00e1 a su alcance para darle bienestar a su pueblo. Adem\u00e1s, pretenden legalizar el espionaje; la democracia, por estas horas, se pulveriza a su m\u00e1xima expresi\u00f3n en el pa\u00eds\u201d, concluy\u00f3.<\/p>\n\n\n\n<p><\/p>\n\n\n\n<p><em>Fuente: DIB<\/em><\/p>\n","protected":false},"excerpt":{"rendered":"<p>El secretario general de Asociaci\u00f3n de Trabajadores del Estado afirm\u00f3 que el pr\u00f3ximo el 7 de agosto llevar\u00e1n a cabo<\/p>\n","protected":false},"author":6,"featured_media":121868,"comment_status":"closed","ping_status":"closed","sticky":false,"template":"","format":"standard","meta":{"_jetpack_memberships_contains_paid_content":false,"footnotes":""},"categories":[6,1],"tags":[],"class_list":["post-121866","post","type-post","status-publish","format-standard","has-post-thumbnail","hentry","category-nacionales","category-portada"],"jetpack_featured_media_url":"https:\/\/i0.wp.com\/cdnoticias.com\/wp-content\/uploads\/2024\/07\/rodolfo-aguiarjpeg-696x393-1.webp?fit=696%2C393&ssl=1","jetpack_sharing_enabled":true,"_links":{"self":[{"href":"https:\/\/cdnoticias.com\/index.php\/wp-json\/wp\/v2\/posts\/121866","targetHints":{"allow":["GET"]}}],"collection":[{"href":"https:\/\/cdnoticias.com\/index.php\/wp-json\/wp\/v2\/posts"}],"about":[{"href":"https:\/\/cdnoticias.com\/index.php\/wp-json\/wp\/v2\/types\/post"}],"author":[{"embeddable":true,"href":"https:\/\/cdnoticias.com\/index.php\/wp-json\/wp\/v2\/users\/6"}],"replies":[{"embeddable":true,"href":"https:\/\/cdnoticias.com\/index.php\/wp-json\/wp\/v2\/comments?post=121866"}],"version-history":[{"count":0,"href":"https:\/\/cdnoticias.com\/index.php\/wp-json\/wp\/v2\/posts\/121866\/revisions"}],"wp:featuredmedia":[{"embeddable":true,"href":"https:\/\/cdnoticias.com\/index.php\/wp-json\/wp\/v2\/media\/121868"}],"wp:attachment":[{"href":"https:\/\/cdnoticias.com\/index.php\/wp-json\/wp\/v2\/media?parent=121866"}],"wp:term":[{"taxonomy":"category","embeddable":true,"href":"https:\/\/cdnoticias.com\/index.php\/wp-json\/wp\/v2\/categories?post=121866"},{"taxonomy":"post_tag","embeddable":true,"href":"https:\/\/cdnoticias.com\/index.php\/wp-json\/wp\/v2\/tags?post=121866"}],"curies":[{"name":"wp","href":"https:\/\/api.w.org\/{rel}","templated":true}]}}