{"id":121826,"date":"2024-07-31T19:56:05","date_gmt":"2024-07-31T22:56:05","guid":{"rendered":"https:\/\/cdnoticias.com\/?p=121826"},"modified":"2024-07-31T19:56:07","modified_gmt":"2024-07-31T22:56:07","slug":"se-desarrollo-un-panel-sobre-patrimonios-inmigracion-e-historia-oral","status":"publish","type":"post","link":"https:\/\/cdnoticias.com\/index.php\/2024\/07\/31\/se-desarrollo-un-panel-sobre-patrimonios-inmigracion-e-historia-oral\/","title":{"rendered":"Se desarroll\u00f3 un panel sobre patrimonios, inmigraci\u00f3n e historia oral"},"content":{"rendered":"\n<p>Fue en la sede de la Sociedad Libanesa. Participaron el Dr. Lorenzo Ca\u00f1\u00e1s Bottos y la Dra. Tanja Plasil, de la Universidad Noruega de Ciencia y Tecnolog\u00eda, junto a investigadores\/as de la Facultad de Ciencias Sociales y otros espacios.<\/p>\n\n\n\n<hr class=\"wp-block-separator has-alpha-channel-opacity\"\/>\n\n\n\n<p>En el marco de un <strong>convenio entre la Facultad de Ciencias Sociales, a trav\u00e9s del N\u00facleo Regional de Investigaciones Socioculturales (NuRES), con la Sociedad Libanesa y la Uni\u00f3n Cultural Argentino Libanesa filial Olavarr\u00eda<\/strong>, este lunes se llev\u00f3 adelante un panel en la sede de la Sociedad Libanesa Olavarr\u00eda.<\/p>\n\n\n\n<p><\/p>\n\n\n\n<p>La propuesta se denomin\u00f3 <strong>\u201cPatrimonios, inmigraci\u00f3n e historia oral: experiencias de trabajos antropol\u00f3gicos\u201d<\/strong> y fue presentado por las autoridades de la Sociedad Libanesa, su presidenta Bel\u00e9n Vergel y su vicepresidente Fernando Bugosen, quien adem\u00e1s preside la Uni\u00f3n Cultural Argentino Libanesa (UCAL); la Lic. Ludmila Adad y la Dra. Constanza Cafarelli por el NuRES; y la Lic. Marcela Guerci Nedir, integrante de la Sociedad Libanesa e investigadora del NuRES.<\/p>\n\n\n\n<p><\/p>\n\n\n\n<p>A lo largo del encuentro se presentaron una serie de exposiciones, que cerraron con la presentaci\u00f3n del <strong>Dr. Lorenzo Ca\u00f1\u00e1s Bottos y la Dra. Tanja Plasil<\/strong>, del Departamento de Antropolog\u00eda Social de la Universidad Noruega de Ciencia y Tecnolog\u00eda.<\/p>\n\n\n\n<p><\/p>\n\n\n\n<figure class=\"wp-block-image size-full\"><img data-recalc-dims=\"1\" loading=\"lazy\" decoding=\"async\" width=\"800\" height=\"445\" src=\"https:\/\/i0.wp.com\/cdnoticias.com\/wp-content\/uploads\/2024\/07\/Panel-Patrimonios-inmigracion-e-historia-oral-2.png?resize=800%2C445&#038;ssl=1\" alt=\"\" class=\"wp-image-121828\" srcset=\"https:\/\/i0.wp.com\/cdnoticias.com\/wp-content\/uploads\/2024\/07\/Panel-Patrimonios-inmigracion-e-historia-oral-2.png?w=800&amp;ssl=1 800w, https:\/\/i0.wp.com\/cdnoticias.com\/wp-content\/uploads\/2024\/07\/Panel-Patrimonios-inmigracion-e-historia-oral-2.png?resize=300%2C167&amp;ssl=1 300w, https:\/\/i0.wp.com\/cdnoticias.com\/wp-content\/uploads\/2024\/07\/Panel-Patrimonios-inmigracion-e-historia-oral-2.png?resize=768%2C427&amp;ssl=1 768w\" sizes=\"auto, (max-width: 800px) 100vw, 800px\" \/><\/figure>\n\n\n\n<p><\/p>\n\n\n\n<p>La presentaci\u00f3n se titul\u00f3 <strong>\u201cMenonitas y Maronitas: contrastes de inmigraci\u00f3n e integraci\u00f3n\u201d <\/strong>y en la misma Ca\u00f1\u00e1s Bottos y Plasil expusieron los resultados de sus estudios sobre la inmigraci\u00f3n Levantina en la Argentina, as\u00ed como sus trabajos acerca de las comunidades menonitas en la provincia de La Pampa y en otros lugares de Latinoam\u00e9rica.<\/p>\n\n\n\n<p><\/p>\n\n\n\n<p>Previamente,<strong> las Lic. Adad y Guerci Nedir<\/strong> expusieron sobre la reconstrucci\u00f3n de la<strong> historia de la comunidad libanesa en Olavarr\u00eda<\/strong>, la que se llev\u00f3 adelante mediante un trabajo de investigaci\u00f3n del NuRES que permiti\u00f3 recuperar la historia a trav\u00e9s de la memoria colectiva.<\/p>\n\n\n\n<p><\/p>\n\n\n\n<p>Posteriormente el <strong>Mag. Rodrigo Pallicer, investigador del NuRES,<\/strong> desarroll\u00f3 su presentaci\u00f3n en torno a la evoluci\u00f3n del paisaje industrial de la ciudad de Olavarr\u00eda, y el impacto de la inmigraci\u00f3n, las tecnolog\u00edas productivas, el patrimonio y el espacio social.<\/p>\n\n\n\n<p><\/p>\n\n\n\n<figure class=\"wp-block-image size-full\"><img data-recalc-dims=\"1\" loading=\"lazy\" decoding=\"async\" width=\"800\" height=\"445\" src=\"https:\/\/i0.wp.com\/cdnoticias.com\/wp-content\/uploads\/2024\/07\/Panel-Patrimonios-inmigracion-e-historia-oral-3.png?resize=800%2C445&#038;ssl=1\" alt=\"\" class=\"wp-image-121829\" srcset=\"https:\/\/i0.wp.com\/cdnoticias.com\/wp-content\/uploads\/2024\/07\/Panel-Patrimonios-inmigracion-e-historia-oral-3.png?w=800&amp;ssl=1 800w, https:\/\/i0.wp.com\/cdnoticias.com\/wp-content\/uploads\/2024\/07\/Panel-Patrimonios-inmigracion-e-historia-oral-3.png?resize=300%2C167&amp;ssl=1 300w, https:\/\/i0.wp.com\/cdnoticias.com\/wp-content\/uploads\/2024\/07\/Panel-Patrimonios-inmigracion-e-historia-oral-3.png?resize=768%2C427&amp;ssl=1 768w\" sizes=\"auto, (max-width: 800px) 100vw, 800px\" \/><\/figure>\n\n\n\n<p><\/p>\n\n\n\n<p>Mientras tanto, el <strong>Lic. Pablo Ormaz\u00e1bal, referente de la Uni\u00f3n de Colectividades Olavarr\u00eda<\/strong>, dialog\u00f3 sobre arqueolog\u00eda, memorias y paisaje de frontera a mediados del siglo XIX en el centro de la regi\u00f3n pampeana.<\/p>\n\n\n\n<p><\/p>\n\n\n\n<p>Finalmente, la <strong>Dra. Roc\u00edo Lencina Raggi, integrante del Programa Patrimonia (INCUAPA \/ CONICET-UNICEN), <\/strong>analiz\u00f3 el valor de los relatos autobiogr\u00e1ficos en la recuperaci\u00f3n de memorias ind\u00edgenas en primera persona, m\u00e1s espec\u00edficamente de mujeres radicadas en Olavarr\u00eda que reivindican sus ra\u00edces ind\u00edgenas.<\/p>\n","protected":false},"excerpt":{"rendered":"<p>Fue en la sede de la Sociedad Libanesa. Participaron el Dr. Lorenzo Ca\u00f1\u00e1s Bottos y la Dra. Tanja Plasil, de<\/p>\n","protected":false},"author":2,"featured_media":121827,"comment_status":"closed","ping_status":"closed","sticky":false,"template":"","format":"standard","meta":{"_jetpack_memberships_contains_paid_content":false,"footnotes":""},"categories":[5,1],"tags":[],"class_list":["post-121826","post","type-post","status-publish","format-standard","has-post-thumbnail","hentry","category-informacion-general","category-portada"],"jetpack_featured_media_url":"https:\/\/i0.wp.com\/cdnoticias.com\/wp-content\/uploads\/2024\/07\/Panel-Patrimonios-inmigracion-e-historia-oral-1.png?fit=800%2C445&ssl=1","jetpack_sharing_enabled":true,"_links":{"self":[{"href":"https:\/\/cdnoticias.com\/index.php\/wp-json\/wp\/v2\/posts\/121826","targetHints":{"allow":["GET"]}}],"collection":[{"href":"https:\/\/cdnoticias.com\/index.php\/wp-json\/wp\/v2\/posts"}],"about":[{"href":"https:\/\/cdnoticias.com\/index.php\/wp-json\/wp\/v2\/types\/post"}],"author":[{"embeddable":true,"href":"https:\/\/cdnoticias.com\/index.php\/wp-json\/wp\/v2\/users\/2"}],"replies":[{"embeddable":true,"href":"https:\/\/cdnoticias.com\/index.php\/wp-json\/wp\/v2\/comments?post=121826"}],"version-history":[{"count":0,"href":"https:\/\/cdnoticias.com\/index.php\/wp-json\/wp\/v2\/posts\/121826\/revisions"}],"wp:featuredmedia":[{"embeddable":true,"href":"https:\/\/cdnoticias.com\/index.php\/wp-json\/wp\/v2\/media\/121827"}],"wp:attachment":[{"href":"https:\/\/cdnoticias.com\/index.php\/wp-json\/wp\/v2\/media?parent=121826"}],"wp:term":[{"taxonomy":"category","embeddable":true,"href":"https:\/\/cdnoticias.com\/index.php\/wp-json\/wp\/v2\/categories?post=121826"},{"taxonomy":"post_tag","embeddable":true,"href":"https:\/\/cdnoticias.com\/index.php\/wp-json\/wp\/v2\/tags?post=121826"}],"curies":[{"name":"wp","href":"https:\/\/api.w.org\/{rel}","templated":true}]}}