{"id":121790,"date":"2024-07-31T08:12:32","date_gmt":"2024-07-31T11:12:32","guid":{"rendered":"https:\/\/cdnoticias.com\/?p=121790"},"modified":"2024-07-31T12:30:11","modified_gmt":"2024-07-31T15:30:11","slug":"concejales-pro-erf-piden-la-demarcacion-vial-en-avenida-emiliozzi","status":"publish","type":"post","link":"https:\/\/cdnoticias.com\/index.php\/2024\/07\/31\/concejales-pro-erf-piden-la-demarcacion-vial-en-avenida-emiliozzi\/","title":{"rendered":"Concejales PRO- ERF piden la demarcaci\u00f3n vial en avenida Emiliozzi"},"content":{"rendered":"\n<p>\u201cLa falta de demarcaci\u00f3n en la avenida Emiliozzi la vuelve una arteria peligrosa para el tr\u00e1nsito\u201d sostuvieron.<\/p>\n\n\n\n<hr class=\"wp-block-separator aligncenter has-alpha-channel-opacity\"\/>\n\n\n\n<p>En la ma\u00f1ana de este martes, <strong>el bloque de Concejales PRO-ER<\/strong>F present\u00f3 -en el Honorable Concejo Deliberante- un Proyecto de Resoluci\u00f3n en el que <strong>solicita al Departamento Ejecutivo Municipal<\/strong> que arbitre los medios necesarios para <strong>llevar adelante la demarcaci\u00f3n vial correspondiente en la avenida Dante y Torcuato Emiliozzi.<\/strong><\/p>\n\n\n\n<p><\/p>\n\n\n\n<blockquote class=\"wp-block-quote is-layout-flow wp-block-quote-is-layout-flow\">\n<p>\u201cLa falta de demarcaci\u00f3n en la avenida Emiliozzi la vuelve una arteria peligrosa para el tr\u00e1nsito, especialmente en el horario nocturno o en d\u00edas con niebla o lluvia\u201d, argumentaron los ediles.<\/p>\n<\/blockquote>\n\n\n\n<p><\/p>\n\n\n\n<p>Al mismo tiempo se\u00f1alaron que \u201cdesde la altura 5300 hasta la curva de v\u00edas de ferrocarril (camino a Sierra Chica) <strong>hay ausencia de demarcaci\u00f3n vial reflectiva central que divida los dos sentidos de circulaci\u00f3n\u201d.<\/strong><\/p>\n\n\n\n<p><\/p>\n\n\n\n<p>\u201cLos \u2018pianitos\u2019 que limitan la ciclov\u00eda y la colectora con la calzada se encuentran sin pintura vial reflectiva y en este recorrido algunos se encuentran cubiertos de pastos y malezas\u201d, agregaron.<\/p>\n\n\n\n<p><\/p>\n\n\n\n<p>Asimismo, remarcaron que en la avenida \u201c<strong><em>transitan distintos medios de locomoci\u00f3n, que vinculan barrios y localidades con la ciudad de Olavarr\u00eda, siendo una arteria muy concurrida durante cada jornada, que resulta muy transitada, no s\u00f3lo por autom\u00f3viles y camiones, sino por ciclistas, motociclistas y peatones\u201d.<\/em><\/strong><\/p>\n\n\n\n<p><\/p>\n\n\n\n<p>Por \u00faltimo, concluyeron que \u201c<strong>la ausencia de demarcaci\u00f3n vial en esta zona genera un riesgo latente de accidentes\u201d.<\/strong><\/p>\n\n\n\n<p><\/p>\n","protected":false},"excerpt":{"rendered":"<p>\u201cLa falta de demarcaci\u00f3n en la avenida Emiliozzi la vuelve una arteria peligrosa para el tr\u00e1nsito\u201d sostuvieron. En la ma\u00f1ana<\/p>\n","protected":false},"author":6,"featured_media":121792,"comment_status":"closed","ping_status":"closed","sticky":false,"template":"","format":"standard","meta":{"_jetpack_memberships_contains_paid_content":false,"footnotes":""},"categories":[4,1],"tags":[],"class_list":["post-121790","post","type-post","status-publish","format-standard","has-post-thumbnail","hentry","category-politica","category-portada"],"jetpack_featured_media_url":"https:\/\/i0.wp.com\/cdnoticias.com\/wp-content\/uploads\/2024\/07\/concejalesproerfvial.png?fit=883%2C563&ssl=1","jetpack_sharing_enabled":true,"_links":{"self":[{"href":"https:\/\/cdnoticias.com\/index.php\/wp-json\/wp\/v2\/posts\/121790","targetHints":{"allow":["GET"]}}],"collection":[{"href":"https:\/\/cdnoticias.com\/index.php\/wp-json\/wp\/v2\/posts"}],"about":[{"href":"https:\/\/cdnoticias.com\/index.php\/wp-json\/wp\/v2\/types\/post"}],"author":[{"embeddable":true,"href":"https:\/\/cdnoticias.com\/index.php\/wp-json\/wp\/v2\/users\/6"}],"replies":[{"embeddable":true,"href":"https:\/\/cdnoticias.com\/index.php\/wp-json\/wp\/v2\/comments?post=121790"}],"version-history":[{"count":0,"href":"https:\/\/cdnoticias.com\/index.php\/wp-json\/wp\/v2\/posts\/121790\/revisions"}],"wp:featuredmedia":[{"embeddable":true,"href":"https:\/\/cdnoticias.com\/index.php\/wp-json\/wp\/v2\/media\/121792"}],"wp:attachment":[{"href":"https:\/\/cdnoticias.com\/index.php\/wp-json\/wp\/v2\/media?parent=121790"}],"wp:term":[{"taxonomy":"category","embeddable":true,"href":"https:\/\/cdnoticias.com\/index.php\/wp-json\/wp\/v2\/categories?post=121790"},{"taxonomy":"post_tag","embeddable":true,"href":"https:\/\/cdnoticias.com\/index.php\/wp-json\/wp\/v2\/tags?post=121790"}],"curies":[{"name":"wp","href":"https:\/\/api.w.org\/{rel}","templated":true}]}}