{"id":121771,"date":"2024-07-30T12:10:28","date_gmt":"2024-07-30T15:10:28","guid":{"rendered":"https:\/\/cdnoticias.com\/?p=121771"},"modified":"2024-07-30T17:09:46","modified_gmt":"2024-07-30T20:09:46","slug":"marcelo-petehs-voy-a-seguir-trabajando-para-llevar-proyectos-beneficiosos-para-la-comunidad","status":"publish","type":"post","link":"https:\/\/cdnoticias.com\/index.php\/2024\/07\/30\/marcelo-petehs-voy-a-seguir-trabajando-para-llevar-proyectos-beneficiosos-para-la-comunidad\/","title":{"rendered":"Marcelo Petehs: \u201cvoy a seguir trabajando para llevar proyectos beneficiosos para la comunidad\u201d"},"content":{"rendered":"<p>Tras formar un unibloque, el concejal dijo que \u201chace un mes y medio\u201d que tom\u00f3 la decisi\u00f3n de salir de LLA. \u201cNadie me puede venir a prohibir hablar con alguien porque es de otro color pol\u00edtico\u201d sostuvo. Las relaciones con Guillermo Lascano y Celeste Arouxet.<!--more--><\/p>\n<hr \/>\n<p><a href=\"https:\/\/cdnoticias.com\/index.php\/2024\/07\/27\/ahora-olavarria-se-quiebra-marcelo-petehs-se-separa-del-bloque-libertario-y-conforma-un-monobloque\/\" target=\"_blank\" rel=\"noopener\">Durante el s\u00e1bado<\/a>,<strong> el concejal Marcelo Petehs inform\u00f3 que dejaba el bloque La Libertad Avanza<\/strong> del sector Ahora Olavarr\u00eda en el Concejo Deliberante local para pasar a<strong> formar el unibloque Libertad Olavarr\u00eda<\/strong>. El quiebre no fue sorpresivo, dado que <strong>las diferencias entre Petehs y el resto de los miembros de la bancada eran conocidas<\/strong> desde hace varias semanas, <a href=\"https:\/\/cdnoticias.com\/index.php\/2024\/07\/07\/la-base-local-la-ley-primera\/\" target=\"_blank\" rel=\"noopener\">inclusive se esperaba este desenlace<\/a>.<\/p>\n<p>La situaci\u00f3n qued\u00f3 confirmada por el protagonista quien expuso que <strong>su decisi\u00f3n de romper con el bloque libertario la tom\u00f3 \u201chace un mes y medio\u201d<\/strong>, aunque esper\u00f3 hasta lograr<strong> dialogar con \u201cun referente seccional\u201d a quien adelant\u00f3 la decisi\u00f3n<\/strong>. As\u00ed lo inform\u00f3 el propio Petehs en una entrevista con Levantate por Radio Sapiens.<\/p>\n<blockquote><p>\u00bfQu\u00e9 pas\u00f3 hace un mes y medio? El concejal recibi\u00f3 un pedido de que renuncie a su banca, lo cual rechaz\u00f3: \u201cquiero trabajar de concejal y mi principal objetivo es cumplir el mandato, apoyar, acompa\u00f1ar y abrazar todos los proyectos que sean en beneficio de Olavarr\u00eda. Es mi \u00fanica mi \u00fanica intenci\u00f3n\u201d subray\u00f3. M\u00e1s adelante, expres\u00f3 que \u201cvoy a seguir trabajando para llevar proyectos beneficiosos para la comunidad, sobre todo en temas que sean de mi \u00e1mbito de conocimiento. Y en aquellos donde no los tenga, obviamente que los voy a estudiar y ver si hay algo para aportar\u201d.<\/p><\/blockquote>\n<p><strong>\u201cSon un mont\u00f3n de proyectos que tengo en mente. Quiero empezar a trabajarlos y aportarlos<\/strong> para ver si puedo aportar algo con mis a\u00f1os de experiencia. Tengo 58 a\u00f1os as\u00ed que algo de experiencia tengo en lo que es el manejo de Olavarr\u00eda. Hay muchas cosas para proponer\u201d defini\u00f3 sobre su futuro en el HCD.<\/p>\n<p><img data-recalc-dims=\"1\" loading=\"lazy\" decoding=\"async\" class=\"aligncenter wp-image-106862\" src=\"https:\/\/i0.wp.com\/cdnoticias.com\/wp-content\/uploads\/2024\/01\/Marcelo-Pethes-LLA-5.jpg?resize=800%2C445&#038;ssl=1\" alt=\"\" width=\"800\" height=\"445\" srcset=\"https:\/\/i0.wp.com\/cdnoticias.com\/wp-content\/uploads\/2024\/01\/Marcelo-Pethes-LLA-5.jpg?w=800&amp;ssl=1 800w, https:\/\/i0.wp.com\/cdnoticias.com\/wp-content\/uploads\/2024\/01\/Marcelo-Pethes-LLA-5.jpg?resize=300%2C167&amp;ssl=1 300w, https:\/\/i0.wp.com\/cdnoticias.com\/wp-content\/uploads\/2024\/01\/Marcelo-Pethes-LLA-5.jpg?resize=768%2C427&amp;ssl=1 768w\" sizes=\"auto, (max-width: 800px) 100vw, 800px\" \/><\/p>\n<h3>\u201cDiferencias de criterio y de accionar\u201d<\/h3>\n<p>El concejal explic\u00f3 que su salida del bloque que integr\u00f3 entre diciembre y julio se debi\u00f3 a<strong> \u201cdiferencias de criterios y de accionar, suficientes para tomar la decisi\u00f3n de abrir un monobloque<\/strong> y seguir este trabajando aparte de lo que es la l\u00ednea de Ahora Olavarr\u00eda\u201d.<\/p>\n<blockquote><p>\u201cSiempre que hay un grupo de trabajo aparecen diferencias, que son personales y de la forma de trabajar o de la forma de llevar adelante la gesti\u00f3n con lo que no se coincide. En su momento se manifest\u00f3. Y bueno, todos esos inconvenientes llevaron a un posterior pedido de renuncia. Obviamente no lo acept\u00e9. Despu\u00e9s vino un intento de cambio de comisiones en las que yo estoy trabajando, que tampoco fueron aceptadas. Y cuando llega un momento donde te das cuenta que hay un desplazamiento, que ya no perteneces a este grupo de trabajo, las v\u00edas eran dos. O te vas o form\u00e1s un monobloque. Opt\u00e9 por formar un monobloque pensando principalmente en defender los intereses de los olavarrienses. Yo tengo un mandato, me prepar\u00e9 para ello, me gusta ser concejal\u201d respondi\u00f3.<\/p><\/blockquote>\n<p>En ese punto indic\u00f3 que<strong> \u201cesta decisi\u00f3n pr\u00e1cticamente se tom\u00f3 el d\u00eda que me pidieron la renuncia, que fue hace mes y medio\u201d<\/strong>. Pero esper\u00f3 a materializarla hasta \u201ctener yo una comunicaci\u00f3n con un referente de la S\u00e9ptima, que eso sucedi\u00f3 el d\u00eda s\u00e1bado y por eso se anunci\u00f3 ese d\u00eda\u201d. Detall\u00f3 que \u201cel d\u00eda s\u00e1bado tuve esa comunicaci\u00f3n y <strong>luego se lo comuniqu\u00e9 a Celeste Arouxet\u201d<\/strong>.<\/p>\n<p><img data-recalc-dims=\"1\" loading=\"lazy\" decoding=\"async\" class=\"size-full wp-image-116813 aligncenter\" src=\"https:\/\/i0.wp.com\/cdnoticias.com\/wp-content\/uploads\/2024\/05\/HCD-marcelo-petehs.jpg?resize=800%2C446&#038;ssl=1\" alt=\"\" width=\"800\" height=\"446\" srcset=\"https:\/\/i0.wp.com\/cdnoticias.com\/wp-content\/uploads\/2024\/05\/HCD-marcelo-petehs.jpg?w=1000&amp;ssl=1 1000w, https:\/\/i0.wp.com\/cdnoticias.com\/wp-content\/uploads\/2024\/05\/HCD-marcelo-petehs.jpg?resize=300%2C167&amp;ssl=1 300w, https:\/\/i0.wp.com\/cdnoticias.com\/wp-content\/uploads\/2024\/05\/HCD-marcelo-petehs.jpg?resize=768%2C428&amp;ssl=1 768w, https:\/\/i0.wp.com\/cdnoticias.com\/wp-content\/uploads\/2024\/05\/HCD-marcelo-petehs.jpg?resize=800%2C445&amp;ssl=1 800w\" sizes=\"auto, (max-width: 800px) 100vw, 800px\" \/><\/p>\n<p>Dentro de los aspectos que hicieron al quiebre, el concejal expuso tambi\u00e9n que<strong> su postura \u201cdialoguista\u201d le vali\u00f3 reproches<\/strong> dentro de la bancada legislativa. \u201cOtro de los fundamentos para el pedido de renuncia (fundamento si es que se le puede llamar), es que <strong>yo hablo o interact\u00fao con gente de todos los bloques. Obviamente cuando hablamos de todos los bloques est\u00e1 tambi\u00e9n gente del Ejecutivo<\/strong>. Es decir, yo tengo di\u00e1logo con todos, porque me parece que mi forma de hacer pol\u00edtica es a trav\u00e9s del consenso, a trav\u00e9s el di\u00e1logo\u201d dijo. Subray\u00f3 que en ese consenso surge en que<em> \u201cme he encontrado con personas que todas tienen un mismo objetivo, que es el bien de Olavarr\u00eda. Cada uno por su color pol\u00edtico\u201d<\/em>.<\/p>\n<blockquote><p>Sobre el tema, afirm\u00f3 que \u201cnadie me puede venir a prohibir hablar con alguien porque es de otro color pol\u00edtico\u201d.<\/p><\/blockquote>\n<p>En la entrevista radial, Marcelo Petehs tambi\u00e9n <strong>rechaz\u00f3 las acusaciones en su contra acerca de \u201cincumplimientos\u201d en su rol de concejal<\/strong>: \u201ccada vez que hay una reuni\u00f3n se conforma un acta y en estas actas est\u00e1n todas mis firmas y est\u00e1n todas las asistencias que tengo. As\u00ed que la verdad no s\u00e9 cu\u00e1l es la intenci\u00f3n de eso. Se habla tambi\u00e9n de incumplimiento de horarios. Los concejales no tenemos horarios. De hecho, yo estoy todas las ma\u00f1anas en el Concejo Deliberante, cualquiera puede venir y encontrarme\u201d.<\/p>\n<p><img data-recalc-dims=\"1\" loading=\"lazy\" decoding=\"async\" class=\"aligncenter wp-image-99985\" src=\"https:\/\/i0.wp.com\/cdnoticias.com\/wp-content\/uploads\/2023\/10\/arouxet-celeste-03.jpg?resize=800%2C445&#038;ssl=1\" alt=\"\" width=\"800\" height=\"445\" srcset=\"https:\/\/i0.wp.com\/cdnoticias.com\/wp-content\/uploads\/2023\/10\/arouxet-celeste-03.jpg?w=800&amp;ssl=1 800w, https:\/\/i0.wp.com\/cdnoticias.com\/wp-content\/uploads\/2023\/10\/arouxet-celeste-03.jpg?resize=300%2C167&amp;ssl=1 300w, https:\/\/i0.wp.com\/cdnoticias.com\/wp-content\/uploads\/2023\/10\/arouxet-celeste-03.jpg?resize=768%2C427&amp;ssl=1 768w\" sizes=\"auto, (max-width: 800px) 100vw, 800px\" \/><\/p>\n<h3>Sin referente<\/h3>\n<p>Con esta ruptura en el bloque, Petehs reiter\u00f3 que <strong>se mantiene dentro de LLA pero sin referencia local<\/strong> al tiempo que dej\u00f3 en claro que no busca disputar ese lugar que hoy mantiene Celeste Arouxet de quien dijo<strong> \u201cCeleste qued\u00f3 como referente y es quien sigue comandando las acciones. En Libertad Avanza\/ Ahora Olavarr\u00eda no tengo referencia\u201d.<\/strong><\/p>\n<blockquote><p>\u201cSigo abrazando las ideas de la libertad. Sigo defendiendo las ideas a nivel nacional\u201d <a href=\"https:\/\/cdnoticias.com\/index.php\/2024\/07\/28\/todos-quieren-votar-todos-quieren-ser-delegados\/\" target=\"_blank\" rel=\"noopener\">reiter\u00f3<\/a>.<\/p><\/blockquote>\n<p>\u00bfC\u00f3mo queda la relaci\u00f3n con los referentes locales de Libertad Avanza, Celeste Arouxet y Guillermo Lascano? Marcelo Petehs respondi\u00f3 que \u201csigo abierto al di\u00e1logo. Es decir, tener una manera distinta de ver las cosas, una manera distinta de actuar, no quiere decir que sea el enemigo. <strong>Tengo muy buena relaci\u00f3n con Lascano, se sigue manteniendo di\u00e1logo. Con Celeste se ha cortado, pero estoy a disposici\u00f3n para escucharla y hablar cuando quiera\u201d<\/strong>.<\/p>\n","protected":false},"excerpt":{"rendered":"<p>Tras formar un unibloque, el concejal dijo que \u201chace un mes y medio\u201d que tom\u00f3 la decisi\u00f3n de salir de<\/p>\n","protected":false},"author":4,"featured_media":104074,"comment_status":"closed","ping_status":"closed","sticky":false,"template":"","format":"standard","meta":{"_jetpack_memberships_contains_paid_content":false,"footnotes":""},"categories":[4,1],"tags":[],"class_list":["post-121771","post","type-post","status-publish","format-standard","has-post-thumbnail","hentry","category-politica","category-portada"],"jetpack_featured_media_url":"https:\/\/i0.wp.com\/cdnoticias.com\/wp-content\/uploads\/2023\/12\/jura-hcd-concejales-petehs-03.jpg?fit=800%2C450&ssl=1","jetpack_sharing_enabled":true,"_links":{"self":[{"href":"https:\/\/cdnoticias.com\/index.php\/wp-json\/wp\/v2\/posts\/121771","targetHints":{"allow":["GET"]}}],"collection":[{"href":"https:\/\/cdnoticias.com\/index.php\/wp-json\/wp\/v2\/posts"}],"about":[{"href":"https:\/\/cdnoticias.com\/index.php\/wp-json\/wp\/v2\/types\/post"}],"author":[{"embeddable":true,"href":"https:\/\/cdnoticias.com\/index.php\/wp-json\/wp\/v2\/users\/4"}],"replies":[{"embeddable":true,"href":"https:\/\/cdnoticias.com\/index.php\/wp-json\/wp\/v2\/comments?post=121771"}],"version-history":[{"count":0,"href":"https:\/\/cdnoticias.com\/index.php\/wp-json\/wp\/v2\/posts\/121771\/revisions"}],"wp:featuredmedia":[{"embeddable":true,"href":"https:\/\/cdnoticias.com\/index.php\/wp-json\/wp\/v2\/media\/104074"}],"wp:attachment":[{"href":"https:\/\/cdnoticias.com\/index.php\/wp-json\/wp\/v2\/media?parent=121771"}],"wp:term":[{"taxonomy":"category","embeddable":true,"href":"https:\/\/cdnoticias.com\/index.php\/wp-json\/wp\/v2\/categories?post=121771"},{"taxonomy":"post_tag","embeddable":true,"href":"https:\/\/cdnoticias.com\/index.php\/wp-json\/wp\/v2\/tags?post=121771"}],"curies":[{"name":"wp","href":"https:\/\/api.w.org\/{rel}","templated":true}]}}