{"id":121734,"date":"2024-07-29T18:12:35","date_gmt":"2024-07-29T21:12:35","guid":{"rendered":"https:\/\/cdnoticias.com\/?p=121734"},"modified":"2024-07-29T18:12:37","modified_gmt":"2024-07-29T21:12:37","slug":"carlos-alberto-vega-q-e-p-d","status":"publish","type":"post","link":"https:\/\/cdnoticias.com\/index.php\/2024\/07\/29\/carlos-alberto-vega-q-e-p-d\/","title":{"rendered":"Carlos Alberto Vega (Q.E.P.D.)"},"content":{"rendered":"\n<p>Falleci\u00f3 en Olavarr\u00eda el d\u00eda 29 de julio de 2024 a los 62 a\u00f1os.<\/p>\n\n\n\n<p>Su esposa Sandra Piquet; sus hijos: Sergio, Bel\u00e9n, Facundo y Josefina; sus hijos pol\u00edticos; sus nietos: Maela, M\u00eda, Benicio y Lara, su madre; sus hermanos; su suegra y dem\u00e1s deudos participan su fallecimiento.<\/p>\n\n\n\n<p>Velatorio: Espa\u00f1a 2942, Departamento &#8220;B&#8221;. Cierra a las 0:00 horas y reabre el martes 30 a las 07:00 horas. Sin responso. Inhumaci\u00f3n: Cementerio Loma de Paz, martes 30 a las 11:30 horas. Servicio adherido a Coopelectric.<\/p>\n\n\n\n<p>Barrio en el que viv\u00eda: CECO 2<\/p>\n\n\n\n<p>Lugar de nacimiento: Olavarr\u00eda<\/p>\n\n\n\n<p>Actividad que desarrollaba: Empresario<\/p>\n","protected":false},"excerpt":{"rendered":"<p>Falleci\u00f3 en Olavarr\u00eda el d\u00eda 29 de julio de 2024 a los 62 a\u00f1os. Su esposa Sandra Piquet; sus hijos:<\/p>\n","protected":false},"author":6,"featured_media":67646,"comment_status":"closed","ping_status":"closed","sticky":false,"template":"","format":"standard","meta":{"_xspeed_no_cache":false,"_xspeed_expiry_hours":0,"_jetpack_memberships_contains_paid_content":false,"footnotes":""},"categories":[10],"tags":[],"class_list":["post-121734","post","type-post","status-publish","format-standard","has-post-thumbnail","hentry","category-necrologicas"],"jetpack_featured_media_url":"https:\/\/i0.wp.com\/cdnoticias.com\/wp-content\/uploads\/2022\/10\/necrologicas-390-x-240.jpg?fit=390%2C240&ssl=1","jetpack_sharing_enabled":true,"_links":{"self":[{"href":"https:\/\/cdnoticias.com\/index.php\/wp-json\/wp\/v2\/posts\/121734","targetHints":{"allow":["GET"]}}],"collection":[{"href":"https:\/\/cdnoticias.com\/index.php\/wp-json\/wp\/v2\/posts"}],"about":[{"href":"https:\/\/cdnoticias.com\/index.php\/wp-json\/wp\/v2\/types\/post"}],"author":[{"embeddable":true,"href":"https:\/\/cdnoticias.com\/index.php\/wp-json\/wp\/v2\/users\/6"}],"replies":[{"embeddable":true,"href":"https:\/\/cdnoticias.com\/index.php\/wp-json\/wp\/v2\/comments?post=121734"}],"version-history":[{"count":0,"href":"https:\/\/cdnoticias.com\/index.php\/wp-json\/wp\/v2\/posts\/121734\/revisions"}],"wp:featuredmedia":[{"embeddable":true,"href":"https:\/\/cdnoticias.com\/index.php\/wp-json\/wp\/v2\/media\/67646"}],"wp:attachment":[{"href":"https:\/\/cdnoticias.com\/index.php\/wp-json\/wp\/v2\/media?parent=121734"}],"wp:term":[{"taxonomy":"category","embeddable":true,"href":"https:\/\/cdnoticias.com\/index.php\/wp-json\/wp\/v2\/categories?post=121734"},{"taxonomy":"post_tag","embeddable":true,"href":"https:\/\/cdnoticias.com\/index.php\/wp-json\/wp\/v2\/tags?post=121734"}],"curies":[{"name":"wp","href":"https:\/\/api.w.org\/{rel}","templated":true}]}}