{"id":12173,"date":"2021-01-24T16:07:47","date_gmt":"2021-01-24T19:07:47","guid":{"rendered":"http:\/\/www.centraldenoticias.com.ar\/?p=12173"},"modified":"2021-01-24T16:07:47","modified_gmt":"2021-01-24T19:07:47","slug":"la-vicepresidenta-cristina-fernandez-de-kirchner-se-vacuno-contra-el-covid","status":"publish","type":"post","link":"https:\/\/cdnoticias.com\/index.php\/2021\/01\/24\/la-vicepresidenta-cristina-fernandez-de-kirchner-se-vacuno-contra-el-covid\/","title":{"rendered":"La vicepresidenta Cristina Fern\u00e1ndez de Kirchner se vacun\u00f3 contra el COVID"},"content":{"rendered":"<p><span lang=\"es-US\">Fue este domingo, en el hospital Presidente Per\u00f3n de Avellaneda. \u201cNo solo me estoy cuidando, estoy cuidando a los dem\u00e1s\u201d dijo.<\/span><!--more--><\/p>\n<hr \/>\n<p><span lang=\"es-US\">Metidos de lleno en la vacunaci\u00f3n contra el COVID en todo el pa\u00eds, y <a href=\"https:\/\/cdnoticias.com\/index.php\/2021\/01\/20\/finalmente-anmat-aprobo-la-sputnik-v-para-mayores-de-60-anos\/\" target=\"_blank\" rel=\"noopener\">horas despu\u00e9s de la autorizaci\u00f3n del ANMAT para la aplicaci\u00f3n de dosis de la Sputnik V en pacientes mayores de 60 a\u00f1os,<\/a><strong> la vicepresidenta Cristina Fern\u00e1ndez de Kirchner se aplic\u00f3 la vacuna y sigui\u00f3 los pasos del mandatario Alberto Fern\u00e1ndez.<\/strong><\/span><\/p>\n<p>&nbsp;<\/p>\n<p><span lang=\"es-US\">La noticia se conoci\u00f3 en horas del mediod\u00eda de este domingo por redes sociales, cuando la ex presidenta <strong>y actual vicepresidenta cont\u00f3 que tras llegar al Hospital Presidente Per\u00f3n de Avellaneda, <em>\u201cestamos vacun\u00e1ndonos con la Sputnik V\u201d.<\/em><\/strong><\/span><\/p>\n<p>&nbsp;<\/p>\n<p><span lang=\"es-US\">Reflexion\u00f3 en ese sentido y se\u00f1al\u00f3 que <strong><em>\u201chaci\u00e9ndolo, no s\u00f3lo me estoy cuidando, sino que tambi\u00e9n cuido a los dem\u00e1s\u201d.<\/em><\/strong><\/span><\/p>\n<p>&nbsp;<\/p>\n<blockquote><p><span lang=\"es-US\">Finalmente, le dedic\u00f3 un p\u00e1rrafo especial al personal de salud \u201cpor el esfuerzo que est\u00e1n haciendo durante esta pandemia\u201d.<\/span><\/p><\/blockquote>\n<p>&nbsp;<\/p>\n<p><span lang=\"es-US\">Fern\u00e1ndez de Kirchner se vacun\u00f3 algunos <a href=\"https:\/\/cdnoticias.com\/index.php\/2021\/01\/21\/el-presidente-alberto-fernandez-se-vacuno-contra-el-covid\/\" target=\"_blank\" rel=\"noopener\">d\u00edas despu\u00e9s que el presidente Alberto Fern\u00e1ndez, quien r\u00e1pidamente se aplic\u00f3 una dosis tras la confirmaci\u00f3n de ANMAT<\/a>. Daniel Goll\u00e1n, ministro de Salud de la Provincia de Buenos Aires, fue el primer mayor de 60 a\u00f1os en aplicarse la Sputnik V, oriunda de Rusia. <\/span><\/p>\n","protected":false},"excerpt":{"rendered":"<p>Fue este domingo, en el hospital Presidente Per\u00f3n de Avellaneda. \u201cNo solo me estoy cuidando, estoy cuidando a los dem\u00e1s\u201d<\/p>\n","protected":false},"author":5,"featured_media":12174,"comment_status":"closed","ping_status":"closed","sticky":false,"template":"","format":"standard","meta":{"_jetpack_memberships_contains_paid_content":false,"footnotes":""},"categories":[6,1],"tags":[],"class_list":["post-12173","post","type-post","status-publish","format-standard","has-post-thumbnail","hentry","category-nacionales","category-portada"],"jetpack_featured_media_url":"https:\/\/i0.wp.com\/cdnoticias.com\/wp-content\/uploads\/2021\/01\/cfk-vacunacion-covid.jpg?fit=1280%2C853&ssl=1","jetpack_sharing_enabled":true,"_links":{"self":[{"href":"https:\/\/cdnoticias.com\/index.php\/wp-json\/wp\/v2\/posts\/12173","targetHints":{"allow":["GET"]}}],"collection":[{"href":"https:\/\/cdnoticias.com\/index.php\/wp-json\/wp\/v2\/posts"}],"about":[{"href":"https:\/\/cdnoticias.com\/index.php\/wp-json\/wp\/v2\/types\/post"}],"author":[{"embeddable":true,"href":"https:\/\/cdnoticias.com\/index.php\/wp-json\/wp\/v2\/users\/5"}],"replies":[{"embeddable":true,"href":"https:\/\/cdnoticias.com\/index.php\/wp-json\/wp\/v2\/comments?post=12173"}],"version-history":[{"count":0,"href":"https:\/\/cdnoticias.com\/index.php\/wp-json\/wp\/v2\/posts\/12173\/revisions"}],"wp:featuredmedia":[{"embeddable":true,"href":"https:\/\/cdnoticias.com\/index.php\/wp-json\/wp\/v2\/media\/12174"}],"wp:attachment":[{"href":"https:\/\/cdnoticias.com\/index.php\/wp-json\/wp\/v2\/media?parent=12173"}],"wp:term":[{"taxonomy":"category","embeddable":true,"href":"https:\/\/cdnoticias.com\/index.php\/wp-json\/wp\/v2\/categories?post=12173"},{"taxonomy":"post_tag","embeddable":true,"href":"https:\/\/cdnoticias.com\/index.php\/wp-json\/wp\/v2\/tags?post=12173"}],"curies":[{"name":"wp","href":"https:\/\/api.w.org\/{rel}","templated":true}]}}