{"id":121726,"date":"2024-07-29T17:42:25","date_gmt":"2024-07-29T20:42:25","guid":{"rendered":"https:\/\/cdnoticias.com\/?p=121726"},"modified":"2024-07-30T08:08:12","modified_gmt":"2024-07-30T11:08:12","slug":"mas-de-30-mil-personas-pasaron-por-los-diferentes-espacios-culturales-y-recreativos","status":"publish","type":"post","link":"https:\/\/cdnoticias.com\/index.php\/2024\/07\/29\/mas-de-30-mil-personas-pasaron-por-los-diferentes-espacios-culturales-y-recreativos\/","title":{"rendered":"&#8220;Estamos pensando distintas actividades culturales y festivales&#8221;"},"content":{"rendered":"\n<p>El subsecretario de Cultura y Educaci\u00f3n municipal, Norberto Almeida, detall\u00f3 lo realizado dentro del programa \u201cOlavarr\u00eda en Vacaciones\u201d. Adem\u00e1s, adelant\u00f3 los proyectos del \u00e1rea para la temporada de primavera y verano.  <\/p>\n\n\n\n<hr class=\"wp-block-separator has-alpha-channel-opacity\"\/>\n\n\n\n<p>El <strong>subsecretario de Cultura y Educaci\u00f3n municipal, Norberto Almeida<\/strong>, realiz\u00f3 un balance sobre el desarrollo de las distintas propuestas en el marco de las <strong>vacaciones de invierno en el partido de Olavarr\u00eda.<\/strong><\/p>\n\n\n\n<p><\/p>\n\n\n\n<p><strong><a href=\"https:\/\/cdnoticias.com\/index.php\/2024\/07\/28\/mas-de-30-mil-personas-disfrutaron-de-olavarria-en-vacaciones\/\" data-type=\"post\" data-id=\"121637\" target=\"_blank\" rel=\"noreferrer noopener\">\u201cM\u00e1s de 30 mil personas<\/a> pasaron en estos 15 d\u00edas por los diferentes espacios culturales y recreativos que tenemos en nuestra ciudad\u201d,<\/strong> resalt\u00f3 en di\u00e1logo con el <em>programa Levantate (Radio Sapiens).<\/em><\/p>\n\n\n\n<p><\/p>\n\n\n\n<p>Puntualiz\u00f3 que \u201ctuvimos una gran participaci\u00f3n de las familias en lo que fue el recientemente lanzado <strong>polo educativo \u2013 recreativo <\/strong>de nuestra ciudad, en el bioparque La M\u00e1xima, el Museo de Ciencias, en donde los fines de semana tuvo mayor concurrencia. Tuvimos d\u00edas en d\u00f3nde m\u00e1s de 3 mil personas se acercaron al bioparque y los domingos principalmente hubo m\u00e1s de 5 mil personas\u201d.<\/p>\n\n\n\n<p><\/p>\n\n\n\n<figure class=\"wp-block-image size-full\"><img data-recalc-dims=\"1\" loading=\"lazy\" decoding=\"async\" width=\"800\" height=\"532\" src=\"https:\/\/i0.wp.com\/cdnoticias.com\/wp-content\/uploads\/2024\/07\/vacacionesdeinvierno-20241.jpg?resize=800%2C532&#038;ssl=1\" alt=\"\" class=\"wp-image-121640\" srcset=\"https:\/\/i0.wp.com\/cdnoticias.com\/wp-content\/uploads\/2024\/07\/vacacionesdeinvierno-20241.jpg?w=900&amp;ssl=1 900w, https:\/\/i0.wp.com\/cdnoticias.com\/wp-content\/uploads\/2024\/07\/vacacionesdeinvierno-20241.jpg?resize=300%2C199&amp;ssl=1 300w, https:\/\/i0.wp.com\/cdnoticias.com\/wp-content\/uploads\/2024\/07\/vacacionesdeinvierno-20241.jpg?resize=768%2C510&amp;ssl=1 768w, https:\/\/i0.wp.com\/cdnoticias.com\/wp-content\/uploads\/2024\/07\/vacacionesdeinvierno-20241.jpg?resize=272%2C182&amp;ssl=1 272w\" sizes=\"auto, (max-width: 800px) 100vw, 800px\" \/><\/figure>\n\n\n\n<p><\/p>\n\n\n\n<blockquote class=\"wp-block-quote is-layout-flow wp-block-quote-is-layout-flow\">\n<p>\u201cLa respuesta fue muy positiva y nos pone muy contentos que las familias hayan podido disfrutar de estos lugares y que acompa\u00f1aron cada una de las propuestas\u201d, se\u00f1al\u00f3 Almeida. <\/p>\n<\/blockquote>\n\n\n\n<p><\/p>\n\n\n\n<p>Los<strong> Museos Municipales de los Pueblos y el Teatro Municipal <\/strong>tambi\u00e9n fueron sede de una variada oferta con espect\u00e1culos infantiles, shows de circo, presentaciones art\u00edsticas, juegos, actividades recreativas y muestras permanentes.<\/p>\n\n\n\n<p><\/p>\n\n\n\n<p>\u201c<strong>Hubo una buena respuesta en todas las propuestas de las localidades.<\/strong> Estuve presente en la mayor\u00eda de las actividades, pero una me llam\u00f3 much\u00edsimo la atenci\u00f3n: el primer jueves de vacaciones de invierno tuvimos una presentaci\u00f3n en el Centro Cultural de Hinojo y el lugar nos qued\u00f3 chico. Hab\u00eda m\u00e1s de 150 personas en la sala para acompa\u00f1ar una actividad de circo y las familias contentas no ped\u00edan que sostengamos estas actividades\u201d, cont\u00f3 el funcionario municipal.<\/p>\n\n\n\n<p><\/p>\n\n\n\n<p>El <strong>Bus Tur\u00edstico<\/strong> tambi\u00e9n fue otra de las propuestas m\u00e1s convocantes con tres salidas que permitieron explorar lo mejor de nuestra regi\u00f3n, integrando historia, patrimonio y recreaci\u00f3n.<\/p>\n\n\n\n<p><\/p>\n\n\n\n<figure class=\"wp-block-image size-full\"><img data-recalc-dims=\"1\" loading=\"lazy\" decoding=\"async\" width=\"800\" height=\"502\" src=\"https:\/\/i0.wp.com\/cdnoticias.com\/wp-content\/uploads\/2024\/07\/vacacionesdeinvierno-2024.jpg?resize=800%2C502&#038;ssl=1\" alt=\"\" class=\"wp-image-121639\" srcset=\"https:\/\/i0.wp.com\/cdnoticias.com\/wp-content\/uploads\/2024\/07\/vacacionesdeinvierno-2024.jpg?w=900&amp;ssl=1 900w, https:\/\/i0.wp.com\/cdnoticias.com\/wp-content\/uploads\/2024\/07\/vacacionesdeinvierno-2024.jpg?resize=300%2C188&amp;ssl=1 300w, https:\/\/i0.wp.com\/cdnoticias.com\/wp-content\/uploads\/2024\/07\/vacacionesdeinvierno-2024.jpg?resize=768%2C482&amp;ssl=1 768w\" sizes=\"auto, (max-width: 800px) 100vw, 800px\" \/><\/figure>\n\n\n\n<p><\/p>\n\n\n\n<p>En ese sentido, Almeida consider\u00f3 que \u201cOlavarr\u00eda tiene geogr\u00e1ficamente un espacio que nosotros creemos que desde el turismo tiene que ser m\u00e1s aprovechado desde lo cultural tambi\u00e9n. <strong>Tenemos que pensar propuestas que atraigan a la gente que viene de afuera y que permita disfrutar de actividades recreativas en las sierras de nuestra localidad<\/strong>\u201d.<\/p>\n\n\n\n<p><\/p>\n\n\n\n<p>Y agreg\u00f3 que \u201cya estamos pensando para la primavera y el verano <strong>distintas actividades culturales y festivales <\/strong>para llevar a esos espacios naturales. Reactivar esa parte tanto econ\u00f3mica como cultural y tur\u00edstica que nos va a permitir tambi\u00e9n que sea novedoso para la ciudad y pueda atraer gente de afuera\u201d.<\/p>\n","protected":false},"excerpt":{"rendered":"<p>El subsecretario de Cultura y Educaci\u00f3n municipal, Norberto Almeida, detall\u00f3 lo realizado dentro del programa \u201cOlavarr\u00eda en Vacaciones\u201d. Adem\u00e1s, adelant\u00f3<\/p>\n","protected":false},"author":2,"featured_media":106605,"comment_status":"closed","ping_status":"closed","sticky":false,"template":"","format":"standard","meta":{"_jetpack_memberships_contains_paid_content":false,"footnotes":""},"categories":[9,1],"tags":[],"class_list":["post-121726","post","type-post","status-publish","format-standard","has-post-thumbnail","hentry","category-cultura","category-portada"],"jetpack_featured_media_url":"https:\/\/i0.wp.com\/cdnoticias.com\/wp-content\/uploads\/2024\/01\/cultura-almeida-arevalo3-scaled.jpg?fit=2560%2C1424&ssl=1","jetpack_sharing_enabled":true,"_links":{"self":[{"href":"https:\/\/cdnoticias.com\/index.php\/wp-json\/wp\/v2\/posts\/121726","targetHints":{"allow":["GET"]}}],"collection":[{"href":"https:\/\/cdnoticias.com\/index.php\/wp-json\/wp\/v2\/posts"}],"about":[{"href":"https:\/\/cdnoticias.com\/index.php\/wp-json\/wp\/v2\/types\/post"}],"author":[{"embeddable":true,"href":"https:\/\/cdnoticias.com\/index.php\/wp-json\/wp\/v2\/users\/2"}],"replies":[{"embeddable":true,"href":"https:\/\/cdnoticias.com\/index.php\/wp-json\/wp\/v2\/comments?post=121726"}],"version-history":[{"count":0,"href":"https:\/\/cdnoticias.com\/index.php\/wp-json\/wp\/v2\/posts\/121726\/revisions"}],"wp:featuredmedia":[{"embeddable":true,"href":"https:\/\/cdnoticias.com\/index.php\/wp-json\/wp\/v2\/media\/106605"}],"wp:attachment":[{"href":"https:\/\/cdnoticias.com\/index.php\/wp-json\/wp\/v2\/media?parent=121726"}],"wp:term":[{"taxonomy":"category","embeddable":true,"href":"https:\/\/cdnoticias.com\/index.php\/wp-json\/wp\/v2\/categories?post=121726"},{"taxonomy":"post_tag","embeddable":true,"href":"https:\/\/cdnoticias.com\/index.php\/wp-json\/wp\/v2\/tags?post=121726"}],"curies":[{"name":"wp","href":"https:\/\/api.w.org\/{rel}","templated":true}]}}