{"id":121722,"date":"2024-07-29T13:31:57","date_gmt":"2024-07-29T16:31:57","guid":{"rendered":"https:\/\/cdnoticias.com\/?p=121722"},"modified":"2024-07-29T13:31:59","modified_gmt":"2024-07-29T16:31:59","slug":"raul-mangiafesta-el-pampa-q-e-p-d","status":"publish","type":"post","link":"https:\/\/cdnoticias.com\/index.php\/2024\/07\/29\/raul-mangiafesta-el-pampa-q-e-p-d\/","title":{"rendered":"Ra\u00fal Mangiafesta &#8220;El Pampa&#8221; (Q.E.P.D.)"},"content":{"rendered":"<p>Falleci\u00f3 en Olavarr\u00eda el d\u00eda 29 de Julio de 2024 a los 90 a\u00f1os de edad.<\/p>\n<p>Su esposa Emilce Raquel Rojas. Sus hijos, su nieto, su hermano y dem\u00e1s deudos participan su fallecimiento.<\/p>\n<p>Velatorio: Espa\u00f1a 2942, Departamento &#8220;C&#8221;. Sin responso. Inhumaci\u00f3n: Cementerio Municipal de Olavarr\u00eda, martes 30\/07 a las 10:30. Servicio adherido a Coopelectric.<\/p>\n<p>Barrio en el que viv\u00eda: Luj\u00e1n<\/p>\n<p>Lugar de nacimiento: Olavarr\u00eda<\/p>\n<p>Actividad que desarrollaba: Jubilado<\/p>\n","protected":false},"excerpt":{"rendered":"<p>Falleci\u00f3 en Olavarr\u00eda el d\u00eda 29 de Julio de 2024 a los 90 a\u00f1os de edad. Su esposa Emilce Raquel<\/p>\n","protected":false},"author":4,"featured_media":51544,"comment_status":"closed","ping_status":"closed","sticky":false,"template":"","format":"standard","meta":{"_jetpack_memberships_contains_paid_content":false,"footnotes":""},"categories":[10],"tags":[],"class_list":["post-121722","post","type-post","status-publish","format-standard","has-post-thumbnail","hentry","category-necrologicas"],"jetpack_featured_media_url":"https:\/\/i0.wp.com\/cdnoticias.com\/wp-content\/uploads\/2022\/04\/necrologicas-390-x-240.jpg?fit=390%2C240&ssl=1","jetpack_sharing_enabled":true,"_links":{"self":[{"href":"https:\/\/cdnoticias.com\/index.php\/wp-json\/wp\/v2\/posts\/121722","targetHints":{"allow":["GET"]}}],"collection":[{"href":"https:\/\/cdnoticias.com\/index.php\/wp-json\/wp\/v2\/posts"}],"about":[{"href":"https:\/\/cdnoticias.com\/index.php\/wp-json\/wp\/v2\/types\/post"}],"author":[{"embeddable":true,"href":"https:\/\/cdnoticias.com\/index.php\/wp-json\/wp\/v2\/users\/4"}],"replies":[{"embeddable":true,"href":"https:\/\/cdnoticias.com\/index.php\/wp-json\/wp\/v2\/comments?post=121722"}],"version-history":[{"count":0,"href":"https:\/\/cdnoticias.com\/index.php\/wp-json\/wp\/v2\/posts\/121722\/revisions"}],"wp:featuredmedia":[{"embeddable":true,"href":"https:\/\/cdnoticias.com\/index.php\/wp-json\/wp\/v2\/media\/51544"}],"wp:attachment":[{"href":"https:\/\/cdnoticias.com\/index.php\/wp-json\/wp\/v2\/media?parent=121722"}],"wp:term":[{"taxonomy":"category","embeddable":true,"href":"https:\/\/cdnoticias.com\/index.php\/wp-json\/wp\/v2\/categories?post=121722"},{"taxonomy":"post_tag","embeddable":true,"href":"https:\/\/cdnoticias.com\/index.php\/wp-json\/wp\/v2\/tags?post=121722"}],"curies":[{"name":"wp","href":"https:\/\/api.w.org\/{rel}","templated":true}]}}