{"id":121707,"date":"2024-07-29T12:29:21","date_gmt":"2024-07-29T15:29:21","guid":{"rendered":"https:\/\/cdnoticias.com\/?p=121707"},"modified":"2024-07-29T17:42:43","modified_gmt":"2024-07-29T20:42:43","slug":"la-provincia-perdio-63-billones-por-las-politicas-nacionales-y-hay-155-mil-nuevos-desempleados","status":"publish","type":"post","link":"https:\/\/cdnoticias.com\/index.php\/2024\/07\/29\/la-provincia-perdio-63-billones-por-las-politicas-nacionales-y-hay-155-mil-nuevos-desempleados\/","title":{"rendered":"La Provincia perdi\u00f3 $6,3 billones por las pol\u00edticas nacionales y hay 155 mil nuevos desempleados"},"content":{"rendered":"<p>El ministro de Hacienda bonaerense, Pablo L\u00f3pez, dio detalles de un informe elaborado por su cartera sobre el impacto del plan econ\u00f3mico de Javier Milei en el territorio bonaerense.<!--more--><\/p>\n<hr \/>\n<p>El Gobierno provincial dio a conocer este lunes los detalles de un <strong>nuevo informe sobre el impacto de las pol\u00edticas de Javier Milei en territorio bonaerense<\/strong> y estim\u00f3 una <strong>p\u00e9rdida de recursos de $6,3 billones<\/strong> por la <em>ca\u00edda de la recaudaci\u00f3n, la eliminaci\u00f3n de transferencias obligatorias y la paralizaci\u00f3n de la obra p\u00fablica<\/em>, al tiempo que sostuvo que hay <strong>155 mil nuevos desempleados<\/strong>.<\/p>\n<p>As\u00ed <strong>lo inform\u00f3 el ministro de Hacienda, Pablo L\u00f3pez, en conferencia de prensa<\/strong>, donde dio a conocer los detalles del reciente <em>informe titulado \u201cLas consecuencias de las pol\u00edticas econ\u00f3micas de Milei sobre las finanzas de la provincia de Buenos Aires\u201d en el primer semestre<\/em>.<\/p>\n<blockquote><p>\u201cLa Provincia de Buenos Aires hoy es un escudo de protecci\u00f3n ante las pol\u00edticas del Gobierno nacional que lleva adelante un ajuste sin precedentes. No puede encontrarse un ajuste de esta magnitud, aun cuando hubo gobiernos que pregonaron pol\u00edticas similares\u201d, dijo L\u00f3pez. \u201cEstamos viviendo una de las crisis econ\u00f3micas m\u00e1s severas y los bonaerenses est\u00e1n sufriendo\u201d, agreg\u00f3.<\/p><\/blockquote>\n<p><img data-recalc-dims=\"1\" loading=\"lazy\" decoding=\"async\" class=\"size-full wp-image-121710 aligncenter\" src=\"https:\/\/i0.wp.com\/cdnoticias.com\/wp-content\/uploads\/2024\/07\/ministro-pablo-lopez-perdida-economica-provincia.jpg?resize=696%2C543&#038;ssl=1\" alt=\"\" width=\"696\" height=\"543\" srcset=\"https:\/\/i0.wp.com\/cdnoticias.com\/wp-content\/uploads\/2024\/07\/ministro-pablo-lopez-perdida-economica-provincia.jpg?w=696&amp;ssl=1 696w, https:\/\/i0.wp.com\/cdnoticias.com\/wp-content\/uploads\/2024\/07\/ministro-pablo-lopez-perdida-economica-provincia.jpg?resize=300%2C234&amp;ssl=1 300w\" sizes=\"auto, (max-width: 696px) 100vw, 696px\" \/><\/p>\n<p>El funcionario de Axel Kicillof dijo que<strong> \u201cnunca hubo una ca\u00edda tan brutal del gasto p\u00fablico en tan poco tiempo\u201d<\/strong>, que est\u00e1 sostenido y explicado en la reducci\u00f3n del gasto previsional, de los subsidios energ\u00e9ticos y al transporte, y <strong>en el ajuste de las transferencias a las provincias<\/strong>, lo que impacta de lleno en jubilaciones y salarios, y genera una ca\u00edda en la demanda con consecuencias en la industria y la construcci\u00f3n.<\/p>\n<p>En ese sentido, explic\u00f3 que<strong> las pol\u00edticas del Gobierno nacional generaron una p\u00e9rdida para la Provincia estimada en $1,9 billones acumulados en tan s\u00f3lo seis meses<\/strong>. Y agreg\u00f3 que a esto se suma el stock de deudas que mantiene el Estado nacional con la jurisdicci\u00f3n bonaerense, incluyendo las<strong> 899 obras paralizadas en todo el territorio bonaerense, por lo que el n\u00famero total supera los $6,3 billones<\/strong>.<\/p>\n<p><img data-recalc-dims=\"1\" loading=\"lazy\" decoding=\"async\" class=\"size-full wp-image-121708 aligncenter\" src=\"https:\/\/i0.wp.com\/cdnoticias.com\/wp-content\/uploads\/2024\/07\/carlos-bianco-pablo-lopez.jpg?resize=800%2C444&#038;ssl=1\" alt=\"\" width=\"800\" height=\"444\" srcset=\"https:\/\/i0.wp.com\/cdnoticias.com\/wp-content\/uploads\/2024\/07\/carlos-bianco-pablo-lopez.jpg?w=800&amp;ssl=1 800w, https:\/\/i0.wp.com\/cdnoticias.com\/wp-content\/uploads\/2024\/07\/carlos-bianco-pablo-lopez.jpg?resize=300%2C167&amp;ssl=1 300w, https:\/\/i0.wp.com\/cdnoticias.com\/wp-content\/uploads\/2024\/07\/carlos-bianco-pablo-lopez.jpg?resize=768%2C426&amp;ssl=1 768w\" sizes=\"auto, (max-width: 800px) 100vw, 800px\" \/><\/p>\n<blockquote><p>As\u00ed, dio a conocer tambi\u00e9n el impacto real de esa p\u00e9rdida y lo que implica en materia de seguridad, educaci\u00f3n, salud y programas sociales. \u201cAun en un contexto tan complicado, pudimos dar continuidad a la obra p\u00fablica y reforzamos presupuestos para los subsidios tarifarios, y los programas sociales y hemos podido cumplir con las obligaciones financieras que tiene la provincia; y en ese sentido, hemos concluido el semestre con <a href=\"https:\/\/cdnoticias.com\/index.php\/2024\/07\/25\/kicillof-cerro-el-primer-semestre-con-superavit-pese-al-recorte-de-fondos-de-milei\/\" target=\"_blank\" rel=\"noopener\">resultados fiscales sostenibles\u201d, dijo L\u00f3pez<\/a>.<\/p><\/blockquote>\n<p>En el informe se explica que<strong> la provincia de Buenos Aires (PBA) \u201cest\u00e1 siendo enormemente castigada por las pol\u00edticas econ\u00f3micas nacionales\u201d<\/strong> ya que, por su impronta industrial y la escala de su mercado interno, \u201clas crisis econ\u00f3micas suelen ser m\u00e1s agudas en el territorio bonaerense que en el promedio nacional\u201d, explica.<\/p>\n<blockquote class=\"twitter-tweet\">\n<p dir=\"ltr\" lang=\"es\">\ud83d\udd34 Adem\u00e1s de sufrir la recesi\u00f3n, las y los trabajadores resignaron 3 puntos de participaci\u00f3n en el ingreso<\/p>\n<p>En el 1\u00b0 trimestre, el producto nacional cay\u00f3 5% interanual. En el mismo lapso, la masa salarial real cay\u00f3 11%<\/p>\n<p>Este modelo destruye la producci\u00f3n y empeora la distribuci\u00f3n <a href=\"https:\/\/t.co\/v7mTWyeEWJ\">pic.twitter.com\/v7mTWyeEWJ<\/a><\/p>\n<p>\u2014 Pablo J. L\u00f3pez (@PabloJ_LopezOK) <a href=\"https:\/\/twitter.com\/PabloJ_LopezOK\/status\/1817231919244820483?ref_src=twsrc%5Etfw\">July 27, 2024<\/a><\/p><\/blockquote>\n<p><script async src=\"https:\/\/platform.twitter.com\/widgets.js\" charset=\"utf-8\"><\/script><\/p>\n<p>En ese sentido, el informe detall\u00f3 que en el primer trimestre de este a\u00f1o, los datos del Indec dan cuenta que mientras<strong> la tasa de desocupaci\u00f3n en la Naci\u00f3n creci\u00f3 2 puntos intertrimestrales, en la provincia de Buenos Aires el mismo indicador escal\u00f3 2,2 puntos<\/strong>, y que hay unos<strong> 155.000 nuevos desocupados en territorio bonaerense<\/strong>, lo que representa el <strong>60% de los recientes desempleados del pa\u00eds<\/strong>.<\/p>\n<blockquote><p>Adem\u00e1s, la actividad productiva en la PBA se retrajo un 3,4% hasta mayo frente al 2,9% de la econom\u00eda nacional.<\/p><\/blockquote>\n<p>Adem\u00e1s, L\u00f3pez explic\u00f3 que <strong>en los primeros 6 meses de 2024 la ca\u00edda de los recursos tributarios alcanz\u00f3 el 10% en t\u00e9rminos reales<\/strong>. La ca\u00edda de la recaudaci\u00f3n propia fue del 5%, significativamente menor que la de la coparticipaci\u00f3n nacional, que cay\u00f3 un 14%. <em>\u201cEsto es porque hemos tomado medidas de administraci\u00f3n tributaria que nos permitieron tener un mejor desempe\u00f1o\u201d<\/em>, sostuvo.<\/p>\n<blockquote class=\"wp-embedded-content\" data-secret=\"LDTKPOB417\"><p><a href=\"https:\/\/cdnoticias.com\/index.php\/2024\/06\/11\/la-deuda-asciende-a-mas-de-6-billones-y-son-casi-mil-obras-paralizadas-en-los-135-municipios\/\">\u201cLa deuda asciende a m\u00e1s de $6 billones y son casi mil obras paralizadas en los 135 municipios\u201d<\/a><\/p><\/blockquote>\n<p><iframe loading=\"lazy\" class=\"wp-embedded-content\" sandbox=\"allow-scripts\" security=\"restricted\" style=\"position: absolute; visibility: hidden;\" title=\"&#8220;\u201cLa deuda asciende a m\u00e1s de $6 billones y son casi mil obras paralizadas en los 135 municipios\u201d&#8221; &#8212; Central de Noticias | Olavarr\u00eda\" src=\"https:\/\/cdnoticias.com\/index.php\/2024\/06\/11\/la-deuda-asciende-a-mas-de-6-billones-y-son-casi-mil-obras-paralizadas-en-los-135-municipios\/embed\/#?secret=mWRj2zbniJ#?secret=LDTKPOB417\" data-secret=\"LDTKPOB417\" width=\"600\" height=\"338\" frameborder=\"0\" marginwidth=\"0\" marginheight=\"0\" scrolling=\"no\"><\/iframe><\/p>\n<p>No obstante, L\u00f3pez aclar\u00f3 que la recaudaci\u00f3n de los impuestos que no se coparticipan, como el Impuesto PA\u00cdS y las retenciones, han crecido en t\u00e9rminos reales a partir de incrementos impositivos del Gobierno nacional. <strong>\u201cNaci\u00f3n increment\u00f3 su participaci\u00f3n en los impuestos que realiza y no coparticipa, y se retira de las funciones que tienen que cumplir<\/strong>, como por ejemplo, de la obra p\u00fablica, aunque recaude impuestos para llevar adelante esas funciones\u201d, se quej\u00f3 L\u00f3pez.<\/p>\n<p>El informe de Econom\u00eda se\u00f1al\u00f3 adem\u00e1s que \u201cla magnitud del impacto recesivo en los recursos de origen nacional tiene pocos antecedentes. <em>La ca\u00edda semestral observada en la recaudaci\u00f3n de tributos coparticipables s\u00f3lo es superada por la registrada en el a\u00f1o de la pandemia<\/em> y por los registros de la salida de la crisis de convertibilidad, en 2002\u201d.<\/p>\n<p>Por otro lado, los <strong>incumplimientos del gobierno nacional con las transferencias nacionales obligatorias no autom\u00e1ticas destinadas a programas y \u00e1reas sensibles<\/strong> (como el Fondo Nacional de Incentivo Docente, el Fondo de Fortalecimiento Fiscal y los aportes a Cajas Previsionales) m\u00e1s la <strong>insuficiente actualizaci\u00f3n del Fondo del Conurbano Bonaerense<\/strong> (FCB), implicaron que la PBA deje de recibir<strong> $ 675.893 millones<\/strong>.<\/p>\n<p>Fuente: <em>Agencia DIB<\/em><\/p>\n<blockquote class=\"wp-embedded-content\" data-secret=\"EnkOBnaP27\"><p><a href=\"https:\/\/cdnoticias.com\/index.php\/2024\/07\/24\/en-los-cinco-primeros-meses-de-milei-se-perdieron-177-mil-empleos-y-cerraron-7-860-empresas\/\">En los cinco primeros meses de Milei se perdieron 177 mil empleos y cerraron 7.860 empresas<\/a><\/p><\/blockquote>\n<p><iframe loading=\"lazy\" class=\"wp-embedded-content\" sandbox=\"allow-scripts\" security=\"restricted\" style=\"position: absolute; visibility: hidden;\" title=\"&#8220;En los cinco primeros meses de Milei se perdieron 177 mil empleos y cerraron 7.860 empresas&#8221; &#8212; Central de Noticias | Olavarr\u00eda\" src=\"https:\/\/cdnoticias.com\/index.php\/2024\/07\/24\/en-los-cinco-primeros-meses-de-milei-se-perdieron-177-mil-empleos-y-cerraron-7-860-empresas\/embed\/#?secret=qplNDrSPqT#?secret=EnkOBnaP27\" data-secret=\"EnkOBnaP27\" width=\"600\" height=\"338\" frameborder=\"0\" marginwidth=\"0\" marginheight=\"0\" scrolling=\"no\"><\/iframe><\/p>\n","protected":false},"excerpt":{"rendered":"<p>El ministro de Hacienda bonaerense, Pablo L\u00f3pez, dio detalles de un informe elaborado por su cartera sobre el impacto del<\/p>\n","protected":false},"author":4,"featured_media":121709,"comment_status":"closed","ping_status":"closed","sticky":false,"template":"","format":"standard","meta":{"_jetpack_memberships_contains_paid_content":false,"footnotes":""},"categories":[6,1],"tags":[],"class_list":["post-121707","post","type-post","status-publish","format-standard","has-post-thumbnail","hentry","category-nacionales","category-portada"],"jetpack_featured_media_url":"https:\/\/i0.wp.com\/cdnoticias.com\/wp-content\/uploads\/2024\/07\/ministro-pablo-lopez.jpg?fit=800%2C445&ssl=1","jetpack_sharing_enabled":true,"_links":{"self":[{"href":"https:\/\/cdnoticias.com\/index.php\/wp-json\/wp\/v2\/posts\/121707","targetHints":{"allow":["GET"]}}],"collection":[{"href":"https:\/\/cdnoticias.com\/index.php\/wp-json\/wp\/v2\/posts"}],"about":[{"href":"https:\/\/cdnoticias.com\/index.php\/wp-json\/wp\/v2\/types\/post"}],"author":[{"embeddable":true,"href":"https:\/\/cdnoticias.com\/index.php\/wp-json\/wp\/v2\/users\/4"}],"replies":[{"embeddable":true,"href":"https:\/\/cdnoticias.com\/index.php\/wp-json\/wp\/v2\/comments?post=121707"}],"version-history":[{"count":0,"href":"https:\/\/cdnoticias.com\/index.php\/wp-json\/wp\/v2\/posts\/121707\/revisions"}],"wp:featuredmedia":[{"embeddable":true,"href":"https:\/\/cdnoticias.com\/index.php\/wp-json\/wp\/v2\/media\/121709"}],"wp:attachment":[{"href":"https:\/\/cdnoticias.com\/index.php\/wp-json\/wp\/v2\/media?parent=121707"}],"wp:term":[{"taxonomy":"category","embeddable":true,"href":"https:\/\/cdnoticias.com\/index.php\/wp-json\/wp\/v2\/categories?post=121707"},{"taxonomy":"post_tag","embeddable":true,"href":"https:\/\/cdnoticias.com\/index.php\/wp-json\/wp\/v2\/tags?post=121707"}],"curies":[{"name":"wp","href":"https:\/\/api.w.org\/{rel}","templated":true}]}}