{"id":121687,"date":"2024-07-29T09:29:08","date_gmt":"2024-07-29T12:29:08","guid":{"rendered":"https:\/\/cdnoticias.com\/?p=121687"},"modified":"2024-07-29T11:19:58","modified_gmt":"2024-07-29T14:19:58","slug":"el-palacio-municipal-cumplio-90-anos","status":"publish","type":"post","link":"https:\/\/cdnoticias.com\/index.php\/2024\/07\/29\/el-palacio-municipal-cumplio-90-anos\/","title":{"rendered":"El Palacio Municipal cumpli\u00f3 90 a\u00f1os"},"content":{"rendered":"<p>El aniversario se cumpli\u00f3 este lunes: fue inaugurado el 29 de julio de 1934. El estilo, el dise\u00f1o y sus ampliaciones.<!--more--><\/p>\n<hr \/>\n<p>La Municipalidad record\u00f3 el <strong>90\u00ba aniversario de la inauguraci\u00f3n del Palacio San Mart\u00edn<\/strong>, sede oficial de la intendencia local. Fue <strong>inaugurado el 29 de julio de 1934<\/strong>.<\/p>\n<p>Es un <strong>edificio p\u00fablico construido con estilo franc\u00e9s<\/strong>, respetando las caracter\u00edsticas constructivas de aquella \u00e9poca. La obra estuvo a cargo de la <strong>constructora Galviati y Am\u00e9ndola.<\/strong><\/p>\n<figure id=\"attachment_121692\" aria-describedby=\"caption-attachment-121692\" style=\"width: 770px\" class=\"wp-caption aligncenter\"><img data-recalc-dims=\"1\" loading=\"lazy\" decoding=\"async\" class=\"wp-image-121692 size-full\" src=\"https:\/\/i0.wp.com\/cdnoticias.com\/wp-content\/uploads\/2024\/07\/palacio-municipal-san-martin-1934.jpg?resize=770%2C428&#038;ssl=1\" alt=\"\" width=\"770\" height=\"428\" srcset=\"https:\/\/i0.wp.com\/cdnoticias.com\/wp-content\/uploads\/2024\/07\/palacio-municipal-san-martin-1934.jpg?w=770&amp;ssl=1 770w, https:\/\/i0.wp.com\/cdnoticias.com\/wp-content\/uploads\/2024\/07\/palacio-municipal-san-martin-1934.jpg?resize=300%2C167&amp;ssl=1 300w, https:\/\/i0.wp.com\/cdnoticias.com\/wp-content\/uploads\/2024\/07\/palacio-municipal-san-martin-1934.jpg?resize=768%2C427&amp;ssl=1 768w\" sizes=\"auto, (max-width: 770px) 100vw, 770px\" \/><figcaption id=\"caption-attachment-121692\" class=\"wp-caption-text\">El Palacio Municipal en 1934. Foto: blog Monumentos de Olavarr\u00eda.<\/figcaption><\/figure>\n<p>El acceso <strong>se dise\u00f1\u00f3 con tres puertas<\/strong>, cada una de ellas representa a un poder de la rep\u00fablica: el Legislativo, el Ejecutivo y el Judicial. En el interior, la distribuci\u00f3n contaba con <strong>amplios espacios<\/strong> para la \u00e9poca.<\/p>\n<p>Una de las caracter\u00edsticas m\u00e1s importantes es<strong> su ingreso donde se destaca la imponente escalera de m\u00e1rmol<\/strong> y en su descanso en el primer piso se ubic\u00f3 <strong>un vitraux con el escudo de Olavarr\u00eda<\/strong> que se empez\u00f3 a usar como sello municipal y del Concejo Deliberante.<\/p>\n<figure id=\"attachment_108162\" aria-describedby=\"caption-attachment-108162\" style=\"width: 800px\" class=\"wp-caption aligncenter\"><img data-recalc-dims=\"1\" loading=\"lazy\" decoding=\"async\" class=\"wp-image-108162 size-full\" src=\"https:\/\/i0.wp.com\/cdnoticias.com\/wp-content\/uploads\/2024\/02\/escalera-municipio.jpg?resize=800%2C445&#038;ssl=1\" alt=\"\" width=\"800\" height=\"445\" srcset=\"https:\/\/i0.wp.com\/cdnoticias.com\/wp-content\/uploads\/2024\/02\/escalera-municipio.jpg?w=800&amp;ssl=1 800w, https:\/\/i0.wp.com\/cdnoticias.com\/wp-content\/uploads\/2024\/02\/escalera-municipio.jpg?resize=300%2C167&amp;ssl=1 300w, https:\/\/i0.wp.com\/cdnoticias.com\/wp-content\/uploads\/2024\/02\/escalera-municipio.jpg?resize=768%2C427&amp;ssl=1 768w\" sizes=\"auto, (max-width: 800px) 100vw, 800px\" \/><figcaption id=\"caption-attachment-108162\" class=\"wp-caption-text\">La escalera en el ingreso, uno de los s\u00edmbolos del edificio.<\/figcaption><\/figure>\n<p>El Palacio era<strong> de lujo<\/strong> para la \u00e9poca de su inauguraci\u00f3n. Tiene en total<strong> 1.800 metros cuadrados<\/strong> de superficie.<\/p>\n<p>Muchos a\u00f1os m\u00e1s adelante se anex\u00f3 como sede administrativa el edificio del antiguo Correo, que se denomin\u00f3 Palacio Municipal Belgrano y en la d\u00e9cada anterior el patio interno del Palacio San Mart\u00edn se convirti\u00f3 en Sal\u00f3n Rivadavia.<\/p>\n<blockquote class=\"instagram-media\" style=\"background: #FFF; border: 0; border-radius: 3px; box-shadow: 0 0 1px 0 rgba(0,0,0,0.5),0 1px 10px 0 rgba(0,0,0,0.15); margin: 1px; max-width: 540px; min-width: 326px; padding: 0; width: calc(100% - 2px);\" data-instgrm-captioned=\"\" data-instgrm-permalink=\"https:\/\/www.instagram.com\/reel\/C991o3cuZ2d\/?utm_source=ig_embed&amp;utm_campaign=loading\" data-instgrm-version=\"14\">\n<div style=\"padding: 16px;\">\n<div style=\"display: flex; flex-direction: row; align-items: center;\">\n<div style=\"background-color: #f4f4f4; border-radius: 50%; flex-grow: 0; height: 40px; margin-right: 14px; width: 40px;\"><\/div>\n<div style=\"display: flex; flex-direction: column; flex-grow: 1; justify-content: center;\">\n<div style=\"background-color: #f4f4f4; border-radius: 4px; flex-grow: 0; height: 14px; margin-bottom: 6px; width: 100px;\"><\/div>\n<div style=\"background-color: #f4f4f4; border-radius: 4px; flex-grow: 0; height: 14px; width: 60px;\"><\/div>\n<\/div>\n<\/div>\n<div style=\"padding: 19% 0;\"><\/div>\n<div style=\"display: block; height: 50px; margin: 0 auto 12px; width: 50px;\"><\/div>\n<div style=\"padding-top: 8px;\">\n<div style=\"color: #3897f0; font-family: Arial,sans-serif; font-size: 14px; font-style: normal; font-weight: 550; line-height: 18px;\">Ver esta publicaci\u00f3n en Instagram<\/div>\n<\/div>\n<div style=\"padding: 12.5% 0;\"><\/div>\n<div style=\"display: flex; flex-direction: row; margin-bottom: 14px; align-items: center;\">\n<div>\n<div style=\"background-color: #f4f4f4; border-radius: 50%; height: 12.5px; width: 12.5px; transform: translateX(0px) translateY(7px);\"><\/div>\n<div style=\"background-color: #f4f4f4; height: 12.5px; transform: rotate(-45deg) translateX(3px) translateY(1px); width: 12.5px; flex-grow: 0; margin-right: 14px; margin-left: 2px;\"><\/div>\n<div style=\"background-color: #f4f4f4; border-radius: 50%; height: 12.5px; width: 12.5px; transform: translateX(9px) translateY(-18px);\"><\/div>\n<\/div>\n<div style=\"margin-left: 8px;\">\n<div style=\"background-color: #f4f4f4; border-radius: 50%; flex-grow: 0; height: 20px; width: 20px;\"><\/div>\n<div style=\"width: 0; height: 0; border-top: 2px solid transparent; border-left: 6px solid #f4f4f4; border-bottom: 2px solid transparent; transform: translateX(16px) translateY(-4px) rotate(30deg);\"><\/div>\n<\/div>\n<div style=\"margin-left: auto;\">\n<div style=\"width: 0px; border-top: 8px solid #F4F4F4; border-right: 8px solid transparent; transform: translateY(16px);\"><\/div>\n<div style=\"background-color: #f4f4f4; flex-grow: 0; height: 12px; width: 16px; transform: translateY(-4px);\"><\/div>\n<div style=\"width: 0; height: 0; border-top: 8px solid #F4F4F4; border-left: 8px solid transparent; transform: translateY(-4px) translateX(8px);\"><\/div>\n<\/div>\n<\/div>\n<div style=\"display: flex; flex-direction: column; flex-grow: 1; justify-content: center; margin-bottom: 24px;\">\n<div style=\"background-color: #f4f4f4; border-radius: 4px; flex-grow: 0; height: 14px; margin-bottom: 6px; width: 224px;\"><\/div>\n<div style=\"background-color: #f4f4f4; border-radius: 4px; flex-grow: 0; height: 14px; width: 144px;\"><\/div>\n<\/div>\n<p style=\"color: #c9c8cd; font-family: Arial,sans-serif; font-size: 14px; line-height: 17px; margin-bottom: 0; margin-top: 8px; overflow: hidden; padding: 8px 0 7px; text-align: center; text-overflow: ellipsis; white-space: nowrap;\"><a style=\"color: #c9c8cd; font-family: Arial,sans-serif; font-size: 14px; font-style: normal; font-weight: normal; line-height: 17px; text-decoration: none;\" href=\"https:\/\/www.instagram.com\/reel\/C991o3cuZ2d\/?utm_source=ig_embed&amp;utm_campaign=loading\" target=\"_blank\" rel=\"noopener\">Una publicaci\u00f3n compartida por Olavarr\u00eda Municipio (@olavarriamunicipio)<\/a><\/p>\n<\/div>\n<\/blockquote>\n<p><script async src=\"\/\/www.instagram.com\/embed.js\"><\/script><\/p>\n","protected":false},"excerpt":{"rendered":"<p>El aniversario se cumpli\u00f3 este lunes: fue inaugurado el 29 de julio de 1934. El estilo, el dise\u00f1o y sus<\/p>\n","protected":false},"author":4,"featured_media":34119,"comment_status":"closed","ping_status":"closed","sticky":false,"template":"","format":"standard","meta":{"_jetpack_memberships_contains_paid_content":false,"footnotes":""},"categories":[5,1],"tags":[],"class_list":["post-121687","post","type-post","status-publish","format-standard","has-post-thumbnail","hentry","category-informacion-general","category-portada"],"jetpack_featured_media_url":"https:\/\/i0.wp.com\/cdnoticias.com\/wp-content\/uploads\/2021\/09\/palacio-san-martin-olavarria.jpg?fit=1600%2C1200&ssl=1","jetpack_sharing_enabled":true,"_links":{"self":[{"href":"https:\/\/cdnoticias.com\/index.php\/wp-json\/wp\/v2\/posts\/121687","targetHints":{"allow":["GET"]}}],"collection":[{"href":"https:\/\/cdnoticias.com\/index.php\/wp-json\/wp\/v2\/posts"}],"about":[{"href":"https:\/\/cdnoticias.com\/index.php\/wp-json\/wp\/v2\/types\/post"}],"author":[{"embeddable":true,"href":"https:\/\/cdnoticias.com\/index.php\/wp-json\/wp\/v2\/users\/4"}],"replies":[{"embeddable":true,"href":"https:\/\/cdnoticias.com\/index.php\/wp-json\/wp\/v2\/comments?post=121687"}],"version-history":[{"count":0,"href":"https:\/\/cdnoticias.com\/index.php\/wp-json\/wp\/v2\/posts\/121687\/revisions"}],"wp:featuredmedia":[{"embeddable":true,"href":"https:\/\/cdnoticias.com\/index.php\/wp-json\/wp\/v2\/media\/34119"}],"wp:attachment":[{"href":"https:\/\/cdnoticias.com\/index.php\/wp-json\/wp\/v2\/media?parent=121687"}],"wp:term":[{"taxonomy":"category","embeddable":true,"href":"https:\/\/cdnoticias.com\/index.php\/wp-json\/wp\/v2\/categories?post=121687"},{"taxonomy":"post_tag","embeddable":true,"href":"https:\/\/cdnoticias.com\/index.php\/wp-json\/wp\/v2\/tags?post=121687"}],"curies":[{"name":"wp","href":"https:\/\/api.w.org\/{rel}","templated":true}]}}