{"id":121671,"date":"2024-07-29T08:06:07","date_gmt":"2024-07-29T11:06:07","guid":{"rendered":"https:\/\/cdnoticias.com\/?p=121671"},"modified":"2024-07-29T09:29:32","modified_gmt":"2024-07-29T12:29:32","slug":"se-declaro-de-interes-legislativo-provincial-a-la-agrupacion-familias-tdah","status":"publish","type":"post","link":"https:\/\/cdnoticias.com\/index.php\/2024\/07\/29\/se-declaro-de-interes-legislativo-provincial-a-la-agrupacion-familias-tdah\/","title":{"rendered":"Se declar\u00f3 de inter\u00e9s legislativo provincial a la agrupaci\u00f3n Familias TDAH"},"content":{"rendered":"<p>Por iniciativa del diputado del PRO Mart\u00edn Endere, quien hizo entrega del diploma este domingo en el Parque Avellaneda.<!--more--><\/p>\n<hr \/>\n<p>En el marco del <strong>D\u00eda Nacional de Concientizaci\u00f3n y Sensibilizaci\u00f3n sobre el TDAH<\/strong> (Trastorno de D\u00e9ficit de Atenci\u00f3n con o sin Hiperactividad), <strong>el diputado del PRO Mart\u00edn Endere entreg\u00f3 el diploma que declara a la agrupaci\u00f3n Familias TDAH de inter\u00e9s legislativo provincial<\/strong>.<\/p>\n<p>El propio <strong>Mart\u00edn Endere se hizo presente en la actividad que realiz\u00f3 este domingo por la tarde la agrupaci\u00f3n en el Parque Avellaneda<\/strong> de Olavarr\u00eda y entreg\u00f3 el diploma a la referente Maite Salerno.<\/p>\n<blockquote><p>Tras el emotivo acto, Endere indic\u00f3: &#8220;es para destacar el trabajo que hace la agrupaci\u00f3n en Olavarr\u00eda y en distintas localidades de la regi\u00f3n para, como dicen las familias, hacer visible lo invisible&#8221;.<\/p><\/blockquote>\n<p>&#8220;Conozco de cerca por Maite la incansable tarea que llevan adelante y <strong>es un orgullo que hoy sean m\u00e1s de 150 las familias que componen la agrupaci\u00f3n&#8221;<\/strong>, agreg\u00f3 el legislador.<\/p>\n<h3>Familias TDAH<\/h3>\n<p><strong>Familias TDAH Olavarr\u00eda se constituy\u00f3 como agrupaci\u00f3n el 28 de julio del 2022<\/strong>. Fueron dos mam\u00e1s que necesitaban dar a conocer la condici\u00f3n del neurodesarrollo de sus hijos y comenzamos con el sue\u00f1o.<\/p>\n<p>Posteriormente, se fueron sumando otras mamas y familias con la misma condici\u00f3n y tambi\u00e9n otras condiciones del neurodesarrollo (TEA, DISLEXIA, DISCALCULIA, ETC). Hoy en d\u00eda <strong>son m\u00e1s de 150 familias de Olavarr\u00eda y regi\u00f3n (Azul, Bol\u00edvar, Tandil, Lamadrid, Tapalqu\u00e9, Necochea)<\/strong> que conforman esta agrupaci\u00f3n, que ya est\u00e1 <strong>pr\u00f3xima a conformarse como asociaci\u00f3n civil<\/strong> con lo cual el objetivo es poder brindarles m\u00e1s ayuda a las familias que m\u00e1s lo necesitan dentro de la misma agrupaci\u00f3n.<\/p>\n<p>La idea de la agrupaci\u00f3n es <strong>acompa\u00f1arse y ayudarse como familias<\/strong> tanto en el tratamiento de los hijos y\/o adultos que tienen estas condiciones neurodivergentes, as\u00ed como tambi\u00e9n a nivel social.<\/p>\n<p>Familias TDAH Olavarr\u00eda es un grupo de apoyo para todos aquellos que se sienten solos y confundidos transitando terapias y tratamiento con diagn\u00f3sticos poco conocidos dentro de la sociedad. Tratando de hacer una sociedad m\u00e1s inclusiva para los ni\u00f1os\/as y todas las personas que tienen alguna condici\u00f3n del neurodesarrollo.<\/p>\n","protected":false},"excerpt":{"rendered":"<p>Por iniciativa del diputado del PRO Mart\u00edn Endere, quien hizo entrega del diploma este domingo en el Parque Avellaneda.<\/p>\n","protected":false},"author":4,"featured_media":121672,"comment_status":"closed","ping_status":"closed","sticky":false,"template":"","format":"standard","meta":{"_jetpack_memberships_contains_paid_content":false,"footnotes":""},"categories":[4,1],"tags":[],"class_list":["post-121671","post","type-post","status-publish","format-standard","has-post-thumbnail","hentry","category-politica","category-portada"],"jetpack_featured_media_url":"https:\/\/i0.wp.com\/cdnoticias.com\/wp-content\/uploads\/2024\/07\/familias-TDH-martin-endere.jpg?fit=1000%2C556&ssl=1","jetpack_sharing_enabled":true,"_links":{"self":[{"href":"https:\/\/cdnoticias.com\/index.php\/wp-json\/wp\/v2\/posts\/121671","targetHints":{"allow":["GET"]}}],"collection":[{"href":"https:\/\/cdnoticias.com\/index.php\/wp-json\/wp\/v2\/posts"}],"about":[{"href":"https:\/\/cdnoticias.com\/index.php\/wp-json\/wp\/v2\/types\/post"}],"author":[{"embeddable":true,"href":"https:\/\/cdnoticias.com\/index.php\/wp-json\/wp\/v2\/users\/4"}],"replies":[{"embeddable":true,"href":"https:\/\/cdnoticias.com\/index.php\/wp-json\/wp\/v2\/comments?post=121671"}],"version-history":[{"count":0,"href":"https:\/\/cdnoticias.com\/index.php\/wp-json\/wp\/v2\/posts\/121671\/revisions"}],"wp:featuredmedia":[{"embeddable":true,"href":"https:\/\/cdnoticias.com\/index.php\/wp-json\/wp\/v2\/media\/121672"}],"wp:attachment":[{"href":"https:\/\/cdnoticias.com\/index.php\/wp-json\/wp\/v2\/media?parent=121671"}],"wp:term":[{"taxonomy":"category","embeddable":true,"href":"https:\/\/cdnoticias.com\/index.php\/wp-json\/wp\/v2\/categories?post=121671"},{"taxonomy":"post_tag","embeddable":true,"href":"https:\/\/cdnoticias.com\/index.php\/wp-json\/wp\/v2\/tags?post=121671"}],"curies":[{"name":"wp","href":"https:\/\/api.w.org\/{rel}","templated":true}]}}