{"id":12167,"date":"2021-01-24T13:36:50","date_gmt":"2021-01-24T16:36:50","guid":{"rendered":"http:\/\/www.centraldenoticias.com.ar\/?p=12167"},"modified":"2021-01-24T13:36:50","modified_gmt":"2021-01-24T16:36:50","slug":"sandra-palmira-gomez-q-e-p-d","status":"publish","type":"post","link":"https:\/\/cdnoticias.com\/index.php\/2021\/01\/24\/sandra-palmira-gomez-q-e-p-d\/","title":{"rendered":"Sandra Palmira G\u00f3mez (Q.E.P.D.)"},"content":{"rendered":"<p><span lang=\"es-US\">Falleci\u00f3 en Olavarr\u00eda el 24 de enero a los 57 a\u00f1os. Su madre Chicha Bricka Vda de G\u00f3mez; su hijo Juan C\u00e9dola; su hermano Gustavo G\u00f3mez; su t\u00eda Mara G\u00f3mez; su primo Fernando G\u00f3mez; dem\u00e1s t\u00edos, primos y dem\u00e1s deudos participan su fallecimiento.<\/span><\/p>\n<p>&nbsp;<\/p>\n<p><span lang=\"es-US\">Sus restos ser\u00e1n velados el lunes 25 de enero en sala \u201cD\u201d de Espa\u00f1a 2942 (comenzar\u00e1 a las 8:30) y ser\u00e1n inhumados en el Cementerio Municipal, a las 10:30, previo responso en la Capilla Ardiente. <\/span><span lang=\"es-US\">Vecina de<\/span><span lang=\"es-US\"> Microcentro. <\/span><span lang=\"es-US\">Nacida en<\/span><span lang=\"es-US\"> Olavarr\u00eda. Jubilada Docente.<\/span><\/p>\n","protected":false},"excerpt":{"rendered":"<p>Falleci\u00f3 en Olavarr\u00eda el 24 de enero a los 57 a\u00f1os. Su madre Chicha Bricka Vda de G\u00f3mez; su hijo<\/p>\n","protected":false},"author":5,"featured_media":0,"comment_status":"closed","ping_status":"closed","sticky":false,"template":"","format":"standard","meta":{"_jetpack_memberships_contains_paid_content":false,"footnotes":""},"categories":[10],"tags":[],"class_list":["post-12167","post","type-post","status-publish","format-standard","hentry","category-necrologicas"],"jetpack_featured_media_url":"","jetpack_sharing_enabled":true,"_links":{"self":[{"href":"https:\/\/cdnoticias.com\/index.php\/wp-json\/wp\/v2\/posts\/12167","targetHints":{"allow":["GET"]}}],"collection":[{"href":"https:\/\/cdnoticias.com\/index.php\/wp-json\/wp\/v2\/posts"}],"about":[{"href":"https:\/\/cdnoticias.com\/index.php\/wp-json\/wp\/v2\/types\/post"}],"author":[{"embeddable":true,"href":"https:\/\/cdnoticias.com\/index.php\/wp-json\/wp\/v2\/users\/5"}],"replies":[{"embeddable":true,"href":"https:\/\/cdnoticias.com\/index.php\/wp-json\/wp\/v2\/comments?post=12167"}],"version-history":[{"count":0,"href":"https:\/\/cdnoticias.com\/index.php\/wp-json\/wp\/v2\/posts\/12167\/revisions"}],"wp:attachment":[{"href":"https:\/\/cdnoticias.com\/index.php\/wp-json\/wp\/v2\/media?parent=12167"}],"wp:term":[{"taxonomy":"category","embeddable":true,"href":"https:\/\/cdnoticias.com\/index.php\/wp-json\/wp\/v2\/categories?post=12167"},{"taxonomy":"post_tag","embeddable":true,"href":"https:\/\/cdnoticias.com\/index.php\/wp-json\/wp\/v2\/tags?post=12167"}],"curies":[{"name":"wp","href":"https:\/\/api.w.org\/{rel}","templated":true}]}}