{"id":121666,"date":"2024-07-28T20:35:13","date_gmt":"2024-07-28T23:35:13","guid":{"rendered":"https:\/\/cdnoticias.com\/?p=121666"},"modified":"2024-07-28T20:35:15","modified_gmt":"2024-07-28T23:35:15","slug":"como-estara-el-tiempo-en-olavarria-para-este-lunes-29-de-julio","status":"publish","type":"post","link":"https:\/\/cdnoticias.com\/index.php\/2024\/07\/28\/como-estara-el-tiempo-en-olavarria-para-este-lunes-29-de-julio\/","title":{"rendered":"C\u00f3mo estar\u00e1 el tiempo en Olavarr\u00eda para este lunes 29 de julio"},"content":{"rendered":"<p>Las marcas bajo cero ser\u00e1n protagonistas en la madrugada y la ma\u00f1ana, por la noche se sentir\u00e1 el viento norte. Aqu\u00ed te dejamos el pron\u00f3stico del tiempo para que puedas planificar tu jornada.<!--more--><\/p>\n<hr \/>\n<p>El<strong> lunes<\/strong> Olavarr\u00eda tendr\u00e1 una jornada con <strong>variaciones clim\u00e1ticas<\/strong> significativas a lo largo del d\u00eda donde<strong> el fr\u00edo ser\u00e1 la sensaci\u00f3n predominante<\/strong>.<\/p>\n<p>Por la<strong> madrugada<\/strong> el <strong>cielo estar\u00e1 despejado<\/strong>, con una <strong>temperatura de -3\u00baC<\/strong>. El <strong>viento<\/strong> soplar\u00e1 del <strong>sudoeste<\/strong> a una velocidad de hasta 2 kil\u00f3metros por hora.<\/p>\n<p>Durante la <strong>ma\u00f1ana<\/strong> se mantendr\u00e1 el <strong>cielo despejado<\/strong> y la <strong>temperatura<\/strong> descender\u00e1 a\u00fan m\u00e1s, llegando a <strong>-4\u00baC<\/strong>. El <strong>viento<\/strong> continuar\u00e1 soplando desde el <strong>sudoeste<\/strong> a una velocidad de hasta 2 kil\u00f3metros por hora.<\/p>\n<p>A la <strong>tarde<\/strong> el clima cambiar\u00e1 ligeramente, con un<strong> cielo algo nublado<\/strong> y una <strong>temperatura que alcanzar\u00e1 los 12\u00baC<\/strong>. El <strong>viento<\/strong> cambiar\u00e1 de direcci\u00f3n, soplando desde el<strong> norte<\/strong> a velocidades <strong>entre 13 y 22 kil\u00f3metros por hora<\/strong>.<\/p>\n<p>Por la <strong>noche<\/strong> el <strong>cielo<\/strong> volver\u00e1 a <strong>despejarse<\/strong> y la <strong>temperatura<\/strong> descender\u00e1 a <strong>3\u00baC<\/strong>. El <strong>viento<\/strong> del <strong>norte<\/strong> se intensificar\u00e1, alcanzando velocidades <strong>entre 13 y 22 kil\u00f3metros<\/strong> por hora, con <strong>r\u00e1fagas que oscilar\u00e1n entre 42 y 50 kil\u00f3metros<\/strong> por hora.<\/p>\n<blockquote class=\"wp-embedded-content\" data-secret=\"vBOTpM5V39\"><p><a href=\"https:\/\/cdnoticias.com\/index.php\/2024\/07\/28\/el-frio-protagonista-olavarria-volvio-a-estar-en-alerta\/\">El fr\u00edo, protagonista: Olavarr\u00eda volvi\u00f3 a estar en alerta<\/a><\/p><\/blockquote>\n<p><iframe loading=\"lazy\" class=\"wp-embedded-content\" sandbox=\"allow-scripts\" security=\"restricted\" style=\"position: absolute; visibility: hidden;\" title=\"&#8220;El fr\u00edo, protagonista: Olavarr\u00eda volvi\u00f3 a estar en alerta&#8221; &#8212; Central de Noticias | Olavarr\u00eda\" src=\"https:\/\/cdnoticias.com\/index.php\/2024\/07\/28\/el-frio-protagonista-olavarria-volvio-a-estar-en-alerta\/embed\/#?secret=Bzq2CBtS1z#?secret=vBOTpM5V39\" data-secret=\"vBOTpM5V39\" width=\"600\" height=\"338\" frameborder=\"0\" marginwidth=\"0\" marginheight=\"0\" scrolling=\"no\"><\/iframe><\/p>\n","protected":false},"excerpt":{"rendered":"<p>Las marcas bajo cero ser\u00e1n protagonistas en la madrugada y la ma\u00f1ana, por la noche se sentir\u00e1 el viento norte.<\/p>\n","protected":false},"author":4,"featured_media":121660,"comment_status":"closed","ping_status":"closed","sticky":false,"template":"","format":"standard","meta":{"_jetpack_memberships_contains_paid_content":false,"footnotes":""},"categories":[5],"tags":[],"class_list":["post-121666","post","type-post","status-publish","format-standard","has-post-thumbnail","hentry","category-informacion-general"],"jetpack_featured_media_url":"https:\/\/i0.wp.com\/cdnoticias.com\/wp-content\/uploads\/2024\/07\/clima-frio-invierno-despejado-sol-parque-02.jpg?fit=1200%2C675&ssl=1","jetpack_sharing_enabled":true,"_links":{"self":[{"href":"https:\/\/cdnoticias.com\/index.php\/wp-json\/wp\/v2\/posts\/121666","targetHints":{"allow":["GET"]}}],"collection":[{"href":"https:\/\/cdnoticias.com\/index.php\/wp-json\/wp\/v2\/posts"}],"about":[{"href":"https:\/\/cdnoticias.com\/index.php\/wp-json\/wp\/v2\/types\/post"}],"author":[{"embeddable":true,"href":"https:\/\/cdnoticias.com\/index.php\/wp-json\/wp\/v2\/users\/4"}],"replies":[{"embeddable":true,"href":"https:\/\/cdnoticias.com\/index.php\/wp-json\/wp\/v2\/comments?post=121666"}],"version-history":[{"count":0,"href":"https:\/\/cdnoticias.com\/index.php\/wp-json\/wp\/v2\/posts\/121666\/revisions"}],"wp:featuredmedia":[{"embeddable":true,"href":"https:\/\/cdnoticias.com\/index.php\/wp-json\/wp\/v2\/media\/121660"}],"wp:attachment":[{"href":"https:\/\/cdnoticias.com\/index.php\/wp-json\/wp\/v2\/media?parent=121666"}],"wp:term":[{"taxonomy":"category","embeddable":true,"href":"https:\/\/cdnoticias.com\/index.php\/wp-json\/wp\/v2\/categories?post=121666"},{"taxonomy":"post_tag","embeddable":true,"href":"https:\/\/cdnoticias.com\/index.php\/wp-json\/wp\/v2\/tags?post=121666"}],"curies":[{"name":"wp","href":"https:\/\/api.w.org\/{rel}","templated":true}]}}