{"id":121652,"date":"2024-07-28T18:44:49","date_gmt":"2024-07-28T21:44:49","guid":{"rendered":"https:\/\/cdnoticias.com\/?p=121652"},"modified":"2024-07-29T08:09:53","modified_gmt":"2024-07-29T11:09:53","slug":"todos-quieren-votar-todos-quieren-ser-delegados","status":"publish","type":"post","link":"https:\/\/cdnoticias.com\/index.php\/2024\/07\/28\/todos-quieren-votar-todos-quieren-ser-delegados\/","title":{"rendered":"Todos quieren votar, todos quieren ser delegados"},"content":{"rendered":"<p>El desplazamiento del delegado de Espigas y el contexto de la elecci\u00f3n de delegados. La Lista Verde no fue habilitada a participar de los comicios de Coopelectric , pero insisten y van a la justicia. El quiebre en el bloque Ahora Olavarr\u00eda en el HCD y LLA en la S\u00e9ptima hacia 2025.<!--more--><\/p>\n<hr \/>\n<p><em><strong>Por Volver a las Fuentes \/ Josefina Bargas y Alexis Grierson.<\/strong><\/em><\/p>\n<h3>Un papel firmado, un exceso<\/h3>\n<p>Un <strong>comunicado de pocos renglones<\/strong> alcanz\u00f3 para marcar la semana: <a href=\"https:\/\/cdnoticias.com\/index.php\/2024\/07\/22\/tras-una-auditoria-interna-desplazaron-al-delegado-de-espigas\/\" target=\"_blank\" rel=\"noopener\">la Municipalidad inform\u00f3<\/a> que hab\u00eda <strong>desplazado el delegado de Espigas, Luis Mansur.<\/strong><\/p>\n<p>\u201cEn el marco de una <strong>auditor\u00eda interna<\/strong> se advirti\u00f3 un <strong>accionar sostenido en el tiempo<\/strong> que <strong>no corresponde con las facultades<\/strong> que tiene un delegado. El Municipio adem\u00e1s adelant\u00f3 que instar\u00e1 las<strong> acciones correspondientes administrativas y judiciales<\/strong>\u201d era el mensaje oficial.<\/p>\n<p>R\u00e1pidamente <a href=\"https:\/\/cdnoticias.com\/index.php\/2024\/07\/22\/investigan-al-ex-delegado-de-espigas-por-ceder-terrenos-a-vecinos\/\" target=\"_blank\" rel=\"noopener\">circul\u00f3 la versi\u00f3n<\/a> que expon\u00eda que <strong>Mansur en su calidad de delegado hab\u00eda entregado terrenos a vecinos de Espigas. \u00bfEl detalle? No son terrenos que pertenecen a la Municipalidad<\/strong>, sino de una empresa. Pero el funcionario firm\u00f3 de pu\u00f1o y letra en <a href=\"https:\/\/enlineanoticias.com.ar\/politica\/asi-era-la-carta-de-cesion-de-terrenos-que-entregaba-el-desplazado-delegado-municipal-de-espigas\/\" target=\"_blank\" rel=\"noopener\">papeles con membrete de la Delegaci\u00f3n<\/a> la cesi\u00f3n de esos lotes.<\/p>\n<p>La cuesti\u00f3n es que <a href=\"https:\/\/cdnoticias.com\/index.php\/2024\/07\/22\/el-ex-delegado-de-espigas-admitio-que-cedio-terrenos-de-una-empresa-privada\/\" target=\"_blank\" rel=\"noopener\">Mansur lo reconoci\u00f3 todo<\/a> horas despu\u00e9s. Y <strong>busc\u00f3 excusarse. Dijo que \u201cnunca vendi\u00f3 los terrenos\u201d<\/strong> (algo de lo que en realidad no estaba acusado) y que<strong> otros delegados hab\u00edan recurrido a la misma medida<\/strong>. A todo esto, segu\u00eda en funciones porque no hab\u00eda sido notificado oficialmente de la decisi\u00f3n del intendente Maximiliano Wesner.<\/p>\n<p><img data-recalc-dims=\"1\" loading=\"lazy\" decoding=\"async\" class=\"size-full wp-image-121316 aligncenter\" src=\"https:\/\/i0.wp.com\/cdnoticias.com\/wp-content\/uploads\/2024\/07\/luis-mansur-delegado-de-espigas.jpg?resize=800%2C445&#038;ssl=1\" alt=\"\" width=\"800\" height=\"445\" srcset=\"https:\/\/i0.wp.com\/cdnoticias.com\/wp-content\/uploads\/2024\/07\/luis-mansur-delegado-de-espigas.jpg?w=800&amp;ssl=1 800w, https:\/\/i0.wp.com\/cdnoticias.com\/wp-content\/uploads\/2024\/07\/luis-mansur-delegado-de-espigas.jpg?resize=300%2C167&amp;ssl=1 300w, https:\/\/i0.wp.com\/cdnoticias.com\/wp-content\/uploads\/2024\/07\/luis-mansur-delegado-de-espigas.jpg?resize=768%2C427&amp;ssl=1 768w\" sizes=\"auto, (max-width: 800px) 100vw, 800px\" \/><\/p>\n<p>Al d\u00eda siguiente se formaliz\u00f3 lo que se hab\u00eda comunicado. Por la tarde, Mansur fue notificado del decreto que dispuso su baja de la planta municipal. Para ese momento<strong> ya hab\u00eda nombrado a un abogado, Sergio Rold\u00e1n<\/strong>, quien <a href=\"https:\/\/cdnoticias.com\/index.php\/2024\/07\/24\/ex-delegado-de-espigas-el-no-viene-de-la-politica-y-puede-haber-cometido-un-error\/\" target=\"_blank\" rel=\"noopener\">sali\u00f3 a los medios a hablar en su defensa<\/a>. <strong>\u201c\u00c9l no viene de la pol\u00edtica y puede haber cometido un error\u201d<\/strong> dijo asumiendo lo inevitable. Para resumir la postura, lo que se busc\u00f3 es <strong>mostrar al ya ex delegado como un hombre defensor de su lugar y de sus vecinos, que pretendi\u00f3 avanzar con una medida de sumo beneficio para su comunidad<\/strong> con la cesi\u00f3n de unos 70 lotes y que <strong>no hizo m\u00e1s que \u201cseguir la tradici\u00f3n\u201d que marcaron los delegados anteriores<\/strong>. En el medio, recurri\u00f3 a la estrategia de<em> se\u00f1alar a otros vecinos beneficiarios de esas supuestas medidas previas (incluso cuestionando a algunos de ellos) y hasta a delegados de otras localidades<\/em>.<\/p>\n<p>Lo \u00faltimo que se conoci\u00f3 es <a href=\"https:\/\/cdnoticias.com\/index.php\/2024\/07\/24\/la-baja-de-mansur-se-ha-excedido-en-el-uso-de-sus-facultades\/\" target=\"_blank\" rel=\"noopener\">la confirmaci\u00f3n oficial de la relaci\u00f3n entre los dos hechos<\/a>: es que <strong>desde la Municipalidad no hubo declaraciones p\u00fablicas<\/strong> sobre el tema. El contenido del <strong>decreto 2.784\/24<\/strong> -firmado por el intendente Wesner, la jefa de gabinete Mercedes Land\u00edvar y la secretaria de Hacienda, Mar\u00eda Eugenia Bezzoni- indica que <strong>se dispuso \u201cla baja\u201d de Mansur porque \u201cse ha excedido en el uso de sus facultades\u201d<\/strong>.<\/p>\n<p>Se expusieron como argumentos y pruebas los \u201ccomprobantes entregados por el Delegado Municipal\u201d en los que \u201cdocumentan cesiones realizadas sobre lotes que ser\u00edan de propiedad privada\u201d y que en cada papel \u201cse visualizaba el sello institucional de la Delegaci\u00f3n, como as\u00ed tambi\u00e9n su firma y sello como Delegado\u201d. Se aclar\u00f3 que \u201cla cesi\u00f3n de lotes de terceros no es una facultad que se encuentre prevista como una de las competencias propias de los delegados municipales\u201d.<\/p>\n<p>Esta situaci\u00f3n fue considerada &#8220;justa causa\u201d para darle la baja.<\/p>\n<p><img data-recalc-dims=\"1\" loading=\"lazy\" decoding=\"async\" class=\"aligncenter wp-image-121325\" src=\"https:\/\/i0.wp.com\/cdnoticias.com\/wp-content\/uploads\/2024\/07\/decreto-baja-mansur-espigas.jpg?resize=800%2C445&#038;ssl=1\" alt=\"\" width=\"800\" height=\"445\" srcset=\"https:\/\/i0.wp.com\/cdnoticias.com\/wp-content\/uploads\/2024\/07\/decreto-baja-mansur-espigas.jpg?w=1000&amp;ssl=1 1000w, https:\/\/i0.wp.com\/cdnoticias.com\/wp-content\/uploads\/2024\/07\/decreto-baja-mansur-espigas.jpg?resize=300%2C167&amp;ssl=1 300w, https:\/\/i0.wp.com\/cdnoticias.com\/wp-content\/uploads\/2024\/07\/decreto-baja-mansur-espigas.jpg?resize=768%2C427&amp;ssl=1 768w, https:\/\/i0.wp.com\/cdnoticias.com\/wp-content\/uploads\/2024\/07\/decreto-baja-mansur-espigas.jpg?resize=800%2C445&amp;ssl=1 800w\" sizes=\"auto, (max-width: 800px) 100vw, 800px\" \/><\/p>\n<h3>La elecci\u00f3n de delegados: contexto y futuro<\/h3>\n<p>Ac\u00e1 entramos en el terreno de lo no dicho y lo dicho a medias. A ver, el 19 de julio cerr\u00f3 la <strong>inscripci\u00f3n para los candidatos a delegados de las localidades<\/strong> y reci\u00e9n <a href=\"https:\/\/cdnoticias.com\/index.php\/2024\/07\/13\/eleccion-de-delegados-en-tres-localidades-se-anoto-mas-de-un-candidato\/\" target=\"_blank\" rel=\"noopener\">el 8 de agosto se van a oficializar los postulantes<\/a>. Falta m\u00e1s de una semana.<\/p>\n<p><strong>En Espigas se anotaron dos pre-candidatos. Luis Mansur es uno de ellos<\/strong>. Las acusaciones en su contra suman por lo bajo otro elemento: <strong>la suspicacia de que hay una relaci\u00f3n directa entre la cesi\u00f3n de lotes y su intenci\u00f3n de mantenerse como delegado<\/strong>. Incomprobable, la verdad.<\/p>\n<p>Pero en Espigas, la frase \u201csomos pocos y nos conocemos mucho\u201d tiene mucha m\u00e1s relevancia de la que podr\u00eda tener en otros lados. Apenas hecho p\u00fablico el desplazamiento del delegado <strong>circularon m\u00e1s relatos con cuestionamientos a Mansur<\/strong>, tanto en aspectos personales como en su funci\u00f3n de delegado. Tambi\u00e9n <strong>por lo bajo, hay que remarcar<\/strong>. El famoso chat de vecinos podr\u00e1 estar al rojo vivo, pero p\u00fablicamente nadie lo se\u00f1ala.<\/p>\n<p><strong>Los que s\u00ed alzaron la voz son sus defensores<\/strong>. Al otro d\u00eda de emitido el comunicado municipal, hubo una manifestaci\u00f3n de apoyo a Mansur en la delegaci\u00f3n, y este s\u00e1bado hubo otra acci\u00f3n de vecinos en su favor, esta vez con una protesta en la ruta 226.<\/p>\n<p>\u00bfPor qu\u00e9 decimos todo esto? Por m\u00e1s que no sea visible a simple vista,<strong> la situaci\u00f3n deja a una localidad dividida internamente de cara a la elecci\u00f3n<\/strong>. Sergio Rold\u00e1n dijo en Radio Sapiens que, a pesar de que Mansur se encontraba muy afectado por la acusaci\u00f3n en contra,<em> \u201clo convenc\u00ed de que se vuelva a presentar a las elecciones del 25 de agosto, porque no tiene ninguna prohibici\u00f3n. Tiene los avales de los vecinos y les va a volver a ganar. Despu\u00e9s que hagan lo que quieran\u201d<\/em>.<\/p>\n<p><img data-recalc-dims=\"1\" loading=\"lazy\" decoding=\"async\" class=\"size-full wp-image-121326 aligncenter\" src=\"https:\/\/i0.wp.com\/cdnoticias.com\/wp-content\/uploads\/2024\/07\/espigas-00.jpg?resize=800%2C445&#038;ssl=1\" alt=\"\" width=\"800\" height=\"445\" srcset=\"https:\/\/i0.wp.com\/cdnoticias.com\/wp-content\/uploads\/2024\/07\/espigas-00.jpg?w=800&amp;ssl=1 800w, https:\/\/i0.wp.com\/cdnoticias.com\/wp-content\/uploads\/2024\/07\/espigas-00.jpg?resize=300%2C167&amp;ssl=1 300w, https:\/\/i0.wp.com\/cdnoticias.com\/wp-content\/uploads\/2024\/07\/espigas-00.jpg?resize=768%2C427&amp;ssl=1 768w\" sizes=\"auto, (max-width: 800px) 100vw, 800px\" \/><\/p>\n<p>Hay dos aspectos a los que apuntar en esos dichos. <strong>La ordenanza 3.290 de 2016<\/strong> que regula la elecci\u00f3n de delegados dice en su art\u00edculo 8 qui\u00e9nes pueden ser postulantes y qu\u00e9 requisitos deben cumplir. En principio,<strong> la acusaci\u00f3n contra Mansur que le vali\u00f3 la baja no alcanza para impedir su candidatura, salvo que no cumpla con los requisitos<\/strong>. Como la cantidad de avales, por citar un ejemplo.<\/p>\n<p>Y <strong>el resultado de esta consulta popular es no vinculante<\/strong>: el intendente siempre tiene la \u00faltima palabra para designar al delegado, ganar en las urnas no garantiza ocupar el cargo. En un escenario en el que <strong>un candidato gana y luego no asume, las miradas acusadoras ir\u00edan hacia el intendente, seg\u00fan lee Rold\u00e1n<\/strong> -y nosotros coincidimos-. Y a esto sumemos el componente que mencionamos antes:<strong> los que se expresan p\u00fablicamente son los que defienden a Mansur, y los que avalan su corrimiento est\u00e1n en silencio<\/strong>. Pueden ser m\u00e1s estos \u00faltimos -de hecho as\u00ed parece-, pero la arena pol\u00edtica se define por las voces, su cantidad y su tono. <em>\u00bfQuedar\u00eda \u201cs\u00f3lo\u201d Wesner (el Ejecutivo) apuntando contra un candidato con \u201capoyo\u201d vecinal?<\/em> Es demasiada futurolog\u00eda responder esa pregunta, pero son los elementos y los escenarios que ya se contemplan como hip\u00f3tesis.<\/p>\n<p>Repetimos, la pr\u00f3xima parada de este tren es el 8 de agosto. Ah\u00ed vamos a ver qui\u00e9nes son los candidatos que quedan.<\/p>\n<p>Volvamos al presente: <strong>hoy Espigas no tiene delegado<\/strong>. El Intendente puede habilitar a un empleado de la delegaci\u00f3n a actuar en nombre de la dependencia durante la vacancia, sin la formalidad de designar un titular del cargo. Ese parece ser el camino tomado. De hecho, <strong>dicen que hubo contacto con al menos dos empleados municipales de Espigas para que apoyen y ayuden a un tercer empleado que qued\u00f3 como responsable<\/strong>. \u00bfUn triunvirato? Ponele.<\/p>\n<h3>El intr\u00edngulis de Coopelectric<\/h3>\n<p>Podr\u00eda ser otra edici\u00f3n de \u201cVolver a las Fuentes miente\u201d o tranquilamente una serie de Netflix. <a href=\"https:\/\/cdnoticias.com\/index.php\/2024\/07\/27\/lupa-mundos-para-mirar-de-cerca-en-la-casa-del-bicentenario\/\" target=\"_blank\" rel=\"noopener\">La semana pasada dec\u00edamos<\/a> que era casi seguro que habr\u00eda elecciones en Coopelectric \u2026 pues no. O si, para algunos, pero no oficialmente. Es complicado.<\/p>\n<p>De hecho todos est\u00e1bamos tan seguros que <strong>para el mi\u00e9rcoles hab\u00eda pautada una reuni\u00f3n en el club Mariano Moreno con los integrantes de la Lista Amarilla para planear la breve pero muy intensa campa\u00f1a<\/strong> de cara a los posibles comicios del 3 de agosto. Pues no.<\/p>\n<p><strong><a href=\"https:\/\/cdnoticias.com\/index.php\/2024\/07\/24\/elecciones-en-coopelectric-la-lista-verde-no-fue-oficializada-por-irregularidades\/\" target=\"_blank\" rel=\"noopener\">Desde el Consejo de Administraci\u00f3n de Coopelectric<\/a> confirmaron la baja de la Lista Verde por m\u00e1s de 50 irregularidades<\/strong> en la confecci\u00f3n de la lista, que van <em>desde la falta de orden de los integrantes, pasando por m\u00e1s candidatos de los que se deb\u00edan presentar, hasta candidatos inhabilitados, otros que ni eran socios de la cooperativa y ni que hablar de los avales<\/em>. No vamos a detallarlas, los medios locales bien han hecho ese trabajo.<\/p>\n<p><img data-recalc-dims=\"1\" loading=\"lazy\" decoding=\"async\" class=\"size-large wp-image-121352 aligncenter\" src=\"https:\/\/i0.wp.com\/cdnoticias.com\/wp-content\/uploads\/2024\/07\/coopelectric-consejo-administracion4.jpg?resize=800%2C445&#038;ssl=1\" alt=\"\" width=\"800\" height=\"445\" srcset=\"https:\/\/i0.wp.com\/cdnoticias.com\/wp-content\/uploads\/2024\/07\/coopelectric-consejo-administracion4.jpg?resize=1024%2C570&amp;ssl=1 1024w, https:\/\/i0.wp.com\/cdnoticias.com\/wp-content\/uploads\/2024\/07\/coopelectric-consejo-administracion4.jpg?resize=300%2C167&amp;ssl=1 300w, https:\/\/i0.wp.com\/cdnoticias.com\/wp-content\/uploads\/2024\/07\/coopelectric-consejo-administracion4.jpg?resize=768%2C428&amp;ssl=1 768w, https:\/\/i0.wp.com\/cdnoticias.com\/wp-content\/uploads\/2024\/07\/coopelectric-consejo-administracion4.jpg?resize=800%2C445&amp;ssl=1 800w, https:\/\/i0.wp.com\/cdnoticias.com\/wp-content\/uploads\/2024\/07\/coopelectric-consejo-administracion4.jpg?w=1072&amp;ssl=1 1072w\" sizes=\"auto, (max-width: 800px) 100vw, 800px\" \/><\/p>\n<p>Es importante ser ordenados en el relato para que se entienda c\u00f3mo sucedieron los hechos, las contradicciones y el final abierto. En la conferencia, se indic\u00f3 que <strong>el periodo de correcciones fue notificado el viernes, y corri\u00f3 hasta el momento de la presentaci\u00f3n de dichas correcciones, el martes<\/strong>. Si bien hab\u00eda 72 horas, <strong>el plazo finaliz\u00f3 en el momento en que se present\u00f3 la lista con los errores presuntamente subsanados<\/strong>. <strong>Al haber nuevas irregularidades, all\u00ed se puso fin al acto electoral y se consagr\u00f3 a la Lista Amarilla Conducci\u00f3n<\/strong> por otro a\u00f1o m\u00e1s a cargo de la cooperativa.<\/p>\n<p>El mismo d\u00eda de la conferencia, <strong>Luis Cavalli sali\u00f3 con un <a href=\"https:\/\/cdnoticias.com\/index.php\/2024\/07\/24\/luis-cavalli-un-ejemplo-mas-de-la-olavarria-feudal-enquistada-en-coopelectric\/\" target=\"_blank\" rel=\"noopener\">duro comunicado<\/a> en el que carg\u00f3 contra buena parte de la dirigencia pol\u00edtica de Olavarr\u00eda<\/strong> (que tiene representantes directos e indirectos en la Lista Amarilla, la que <a href=\"https:\/\/www.ivoox.com\/colectivo-jose-quintero-24-07-2024-audios-mp3_rf_132006449_1.html\" target=\"_blank\" rel=\"noopener\">la Lista Verde trata de \u201ccasta\u201d<\/a> m\u00e1s all\u00e1 de tener instituciones intermedias de todos los sectores) y <strong>dio a entender que el proceso estaba cerrado, es decir, que un poco aceptaba el rechazo<\/strong> m\u00e1s all\u00e1 de las cr\u00edticas al sistema y particularmente el estatuto de la cooperativa.<\/p>\n<p>Como escribi\u00f3 Sacheri, lo raro empez\u00f3 despu\u00e9s. <a href=\"https:\/\/cdnoticias.com\/index.php\/2024\/07\/25\/elecciones-en-coopelectric-la-lista-verde-anticipo-que-podria-ir-a-la-justicia-tras-no-haber-sido-oficializados\/\" target=\"_blank\" rel=\"noopener\">La Lista Verde convoc\u00f3 a una conferencia de prensa<\/a> donde <strong>denunci\u00f3, entre much\u00edsimas cuestiones, que los plazos de correcci\u00f3n de los errores de su lista no se respetaron<\/strong> y que incluso, al momento de la conferencia todav\u00eda reg\u00edan. <strong>El abogado C\u00e9sar Garc\u00eda afirm\u00f3 que el estatuto es ambiguo, porque se\u00f1ala 72 horas o 3 d\u00edas<\/strong>, y que los plazos en d\u00edas, si se basan en el C\u00f3digo Civil, <strong>rigen desde las 00 horas posteriores al d\u00eda de notificaci\u00f3n<\/strong>. Es decir, si se avis\u00f3 el domingo, el lunes era el \u201cd\u00eda oficial\u201d de notificaci\u00f3n y comenzaba a regir desde el martes a las 00, por lo que <strong>el plazo corr\u00eda hasta el jueves a las 23:59<\/strong>, para que se entienda.<\/p>\n<p><img data-recalc-dims=\"1\" loading=\"lazy\" decoding=\"async\" class=\"size-full wp-image-121419 aligncenter\" src=\"https:\/\/i0.wp.com\/cdnoticias.com\/wp-content\/uploads\/2024\/07\/listaverde1.jpg?resize=800%2C450&#038;ssl=1\" alt=\"\" width=\"800\" height=\"450\" srcset=\"https:\/\/i0.wp.com\/cdnoticias.com\/wp-content\/uploads\/2024\/07\/listaverde1.jpg?w=900&amp;ssl=1 900w, https:\/\/i0.wp.com\/cdnoticias.com\/wp-content\/uploads\/2024\/07\/listaverde1.jpg?resize=300%2C169&amp;ssl=1 300w, https:\/\/i0.wp.com\/cdnoticias.com\/wp-content\/uploads\/2024\/07\/listaverde1.jpg?resize=768%2C432&amp;ssl=1 768w\" sizes=\"auto, (max-width: 800px) 100vw, 800px\" \/><\/p>\n<p><strong>Para ellos, la Lista tiene las correcciones<\/strong> (faltaban algo as\u00ed como 21 avales, que fueron conseguidos, entre otras tant\u00edsimas cuestiones) y todo en orden para participar, por lo que se consideran habilitados.<strong> El apoderado de la Lista, Carlos Rom\u00e1n, se present\u00f3 el jueves con la documentaci\u00f3n que no fue recibida<\/strong> dado que desde el Consejo de Administraci\u00f3n interpretaron que el proceso electoral ya est\u00e1 cerrado. Y <strong>ac\u00e1 arranca la judicializaci\u00f3n<\/strong>. La documentaci\u00f3n, vale decir, est\u00e1 guardada \u201cen una escriban\u00eda de confianza\u201d, la cual no fue mencionada.<\/p>\n<p>Con todo esto, <strong>la Lista Verde emiti\u00f3 una carta documento para notificar que los plazos eran hasta el jueves hasta las 23:59<\/strong>, que no fue recibida por lo dicho anteriormente, y que si no se respond\u00eda la comisi\u00f3n directiva o se respond\u00eda de forma negativa, <strong>se presentar\u00eda una medida cautelar para que se expida un juez y si lo habilita, haya elecciones el 3 de agosto<\/strong>. Hasta ac\u00e1, vale decir, la referencia estuvo exclusivamente en Garc\u00eda y Rom\u00e1n. Cavalli y Quintero, los dos dirigentes apuntados por no vivir en Olavarr\u00eda \u2026 no estaban en Olavarr\u00eda.<\/p>\n<p>Ya que hablamos de esa acusaci\u00f3n, <em>Garc\u00eda dijo que fueron \u201cdiscriminados\u201d por los dichos de Arouxet, que tanto Cavalli como Quintero tienen medidor en Olavarr\u00eda<\/em>, y que por cuestiones laborales no est\u00e1n en la ciudad. \u201c<em>A todos aquellos que viven en la ciudad o las localidades y por trabajo est\u00e1n en otras ciudades, los invitamos a la Lista Verde, ac\u00e1 no discriminamos a nadie\u201d<\/em>. Arouxet hab\u00eda dicho, d\u00edas atr\u00e1s, que los dos dirigentes \u201chace m\u00e1s de 25 a\u00f1os que no viven en Olavarr\u00eda\u201d.<\/p>\n<p>Bueno, sigamos. <strong>El Consejo de Administraci\u00f3n, horas despu\u00e9s, reiter\u00f3 lo que se preve\u00eda<\/strong>: <a href=\"https:\/\/cdnoticias.com\/index.php\/2024\/07\/26\/elecciones-en-coopelectric-el-consejo-de-administracion-insistio-en-que-el-proceso-eleccionario-finalizo\/\" target=\"_blank\" rel=\"noopener\">el acto eleccionario qued\u00f3 cerrado<\/a> tras el rechazo de la Lista Verde por irregularidades en la documentaci\u00f3n. E insisti\u00f3 con un punto que ser\u00e1 clave para pensar lo que viene en la Justicia: considera como fin del tiempo de despacho para correcciones \u201cdesde el momento en que la Lista Verde present\u00f3 nuevamente la lista con los errores subsanados\u201d. No se puede presentar las veces que sea necesario hasta que quede ok, es una vez y tiene que estar bien.<\/p>\n<p>\u00bfCreen que esto termin\u00f3? Pues no. Sorpresivamente, <strong>la Lista Verde anunci\u00f3 la \u201cpresentaci\u00f3n de lista\u201d el s\u00e1bado<\/strong>. Un acto en el local de calle Moreno reuni\u00f3 a todos los candidatos. Tras una breve introducci\u00f3n de Cavalli, donde reafirm\u00f3 la propuesta electoral -\u201crescatar a la cooperativa de su situaci\u00f3n de crisis econ\u00f3mica, gestionar con eficiencia, con integridad y eficacia. Poner en pr\u00e1ctica la transparencia activa para evitar cualquier sospecha de corrupci\u00f3n. Volver al cooperativismo participativo para ejercer la democracia interna que hoy nos impide el grupo que ocupa la conducci\u00f3n sin que los elija nadie\u201d- <a href=\"https:\/\/cdnoticias.com\/index.php\/2024\/07\/27\/estamos-preparados-para-dar-la-batalla-como-siempre\/\" target=\"_blank\" rel=\"noopener\">todos los candidatos posaron para la foto<\/a>.<\/p>\n<p><img data-recalc-dims=\"1\" loading=\"lazy\" decoding=\"async\" class=\"size-full wp-image-121559 aligncenter\" src=\"https:\/\/i0.wp.com\/cdnoticias.com\/wp-content\/uploads\/2024\/07\/listaverde-conferencia-sabado271.png?resize=800%2C435&#038;ssl=1\" alt=\"\" width=\"800\" height=\"435\" srcset=\"https:\/\/i0.wp.com\/cdnoticias.com\/wp-content\/uploads\/2024\/07\/listaverde-conferencia-sabado271.png?w=900&amp;ssl=1 900w, https:\/\/i0.wp.com\/cdnoticias.com\/wp-content\/uploads\/2024\/07\/listaverde-conferencia-sabado271.png?resize=300%2C163&amp;ssl=1 300w, https:\/\/i0.wp.com\/cdnoticias.com\/wp-content\/uploads\/2024\/07\/listaverde-conferencia-sabado271.png?resize=768%2C417&amp;ssl=1 768w\" sizes=\"auto, (max-width: 800px) 100vw, 800px\" \/><\/p>\n<p>El referente destac\u00f3 que despu\u00e9s de que el jueves los verdes dieran por cumplida la formalidad \u201cse supone que nos ten\u00edan que responder y ante el silencio de la cooperativa <strong>estamos presentando el lunes un recurso de amparo que es una medida presentada a un juez que tiene que de manera r\u00e1pida expedirse\u201d<\/strong>. Agreg\u00f3 que \u201cestamos confiados en que la justicia nos va a dar la raz\u00f3n\u201d.<\/p>\n<p><em>\u201cNo me sorprende la situaci\u00f3n, estamos jugando de visitante y con el r\u00e9feri en contra porque es un estatuto precisamente para obstaculizar que otra lista se pueda presentar\u201d<\/em> reiter\u00f3 la acusaci\u00f3n. La mirada est\u00e1 puesta en esa definici\u00f3n judicial, mientras tanto siguen la campa\u00f1a tal como la sostienen desde hace varias semanas.<\/p>\n<p>Lo concreto es que, a falta de -todav\u00eda- una decisi\u00f3n en la Justicia, <strong>la historia con la Lista Verde se repite: es la segunda vez que su lista se rechaza por irregularidades<\/strong>. Si bien la oposici\u00f3n se afirma con \u201clo complejo del estatuto para presentarse\u201d es cierto que las posibilidades estaban e imposible parece no ser.<\/p>\n<p>Es una pena porque <strong>todas estas cuestiones bajan el nivel de discusi\u00f3n pol\u00edtic<\/strong>a, tan necesario: las elecciones siempre son buenas para hacer mover las instituciones, desde conocer y analizar la realidad de la entidad pasando por literalmente el movimiento de la cooperativa. La generaci\u00f3n de incontables charlas abiertas a la comunidad, actividades sociales y una de las medidas m\u00e1s importantes tomadas en los \u00faltimos tiempos, que sac\u00f3 a Coopelectric a la calle y en conjunto con instituciones se promueva la inscripci\u00f3n de vecinos y vecinas en el RASE, algo fundamental para mantener los subsidios a la energ\u00eda el\u00e9ctrica.<\/p>\n<p>Ahora, restar\u00e1 esperar.<\/p>\n<h3>El durlock, ganador anunciado<\/h3>\n<p>S\u00f3lo faltaban las formas y ver de qu\u00e9 manera, pero<strong> el bloque Ahora Olavarr\u00eda era una bomba a punto de explotar<\/strong>. Y as\u00ed fue: el s\u00e1bado, 48 horas antes del final del receso invernal, <strong><a href=\"https:\/\/cdnoticias.com\/index.php\/2024\/07\/27\/ahora-olavarria-se-quiebra-marcelo-petehs-se-separa-del-bloque-libertario-y-conforma-un-monobloque\/\" target=\"_blank\" rel=\"noopener\">Marcelo Petehs anunci\u00f3 que se iba de la bancada libertaria local<\/a> para formar un unibloque dentro del HCD<\/strong>.<\/p>\n<p>Las formas es lo que trataremos de develar. <strong>Las se\u00f1ales de la molestia del concejal dentro del espacio eran cada vez m\u00e1s evidentes<\/strong> y m\u00e1s \u201cvox p\u00f3puli\u201d. Pr\u00e1cticamente <strong>todos los bloques del HCD sab\u00edan de esta incomodidad<\/strong> a la par que manifestaban sus propias quejas por el resto de los concejales libertarios y sus maniobras pol\u00e9micas y al borde del reglamento (algunas por fuera, dicen). Lo sucedido con un grupo de vecinos en Sierra Chica en plena sesi\u00f3n en la localidad fue el s\u00fammum de esta cuesti\u00f3n.<\/p>\n<p>A eso, se le debe sumar algo que ya contamos en ediciones anteriores. Fue <strong>el intento del bloque por correr a Petehs de las principales comisiones del HCD como referente, y que ese lugar sea ocupado por Oliver Gamondi<\/strong>, quien ejerce la presidencia del bloque. En la salida de Celeste Arouxet y Guillermo Lascano del Concejo para asumir como titulares en Anses (Regional) y Pami (local) la presidencia, parec\u00eda, era de Petehs. M\u00e1s no: ese movimiento gener\u00f3 el inicio del fin para el bombero voluntario en el espacio libertario.<\/p>\n<p><img data-recalc-dims=\"1\" loading=\"lazy\" decoding=\"async\" class=\"size-full wp-image-106865 aligncenter\" src=\"https:\/\/i0.wp.com\/cdnoticias.com\/wp-content\/uploads\/2024\/01\/Marcelo-Pethes-LLA-8.jpg?resize=800%2C445&#038;ssl=1\" alt=\"\" width=\"800\" height=\"445\" srcset=\"https:\/\/i0.wp.com\/cdnoticias.com\/wp-content\/uploads\/2024\/01\/Marcelo-Pethes-LLA-8.jpg?w=800&amp;ssl=1 800w, https:\/\/i0.wp.com\/cdnoticias.com\/wp-content\/uploads\/2024\/01\/Marcelo-Pethes-LLA-8.jpg?resize=300%2C167&amp;ssl=1 300w, https:\/\/i0.wp.com\/cdnoticias.com\/wp-content\/uploads\/2024\/01\/Marcelo-Pethes-LLA-8.jpg?resize=768%2C427&amp;ssl=1 768w\" sizes=\"auto, (max-width: 800px) 100vw, 800px\" \/><\/p>\n<p><strong>\u201cNo comulgaba con las ideas y la manera de trabajar del espacio\u201d dijo Celeste Arouxet a Volver a las Fuentes<\/strong> como principal motivo que le comunicaron a la hora de la salida del concejal.<strong> \u201cLos dem\u00e1s seguimos m\u00e1s juntos que nunca\u201d<\/strong> a\u00f1adi\u00f3 en referencia no s\u00f3lo a los concejales, sino tambi\u00e9n a Guillermo Lascano.<\/p>\n<p><strong>Es que semanas atr\u00e1s, seg\u00fan la propia Arouxet, \u201cse dec\u00edan cosas que no son\u201d<\/strong>, es decir, <em>se rumoreaba un distanciamiento entre ella y Lascano<\/em>, con \u00e9nfasis en lo sucedido con la firma del convenio p\u00fablico-privado del que particip\u00f3 PAMI, la Provincia y el Municipio. El funcionario nacional dijo que \u201chaber aportado la idea\u201d para el convenio (que permit\u00eda recuperar un gran porcentaje de cirug\u00edas pendientes de afiliados de PAMI) <a href=\"https:\/\/cdnoticias.com\/index.php\/2024\/06\/20\/lascano-de-las-200-cirugias-que-se-anunciaron-189-van-a-estar-destinadas-a-pami\/\" target=\"_blank\" rel=\"noopener\">le \u201chab\u00eda generado problemas en la mesa pol\u00edtica\u201d<\/a> de La Libertad Avanza local. Est\u00e1 claro que en esa mesa se sienta Arouxet.<\/p>\n<p><strong>El propio Lascano, tras la salida de Petehs, manifest\u00f3 que mantiene una muy buena relaci\u00f3n con el edil<\/strong> y, tras dialogar con VaF, indic\u00f3 que tambi\u00e9n lo tiene con Arouxet: l<strong>as referencias est\u00e1n distribuidas para Lascano en el rol de jefe de agencia Ejecutiva, y Arouxet en Anses y tambi\u00e9n dentro del Concejo Deliberante<\/strong>. Uno m\u00e1s de gesti\u00f3n, la otra m\u00e1s pol\u00edtica. No son roles fijos, claro, pero s\u00ed una distribuci\u00f3n para abarcar, desde la referencia, todo el espacio libertario en Olavarr\u00eda.<\/p>\n<p>A todo esto, <strong>\u00bfqu\u00e9 dijo Petehs? Habl\u00f3 con Verte y blanque\u00f3 un secreto a voces<\/strong>: no s\u00f3lo intentaron removerlo de las comisiones, le pidieron la renuncia. <strong>\u201cLa medida se toma a favor de lo que promulgamos, que es tener libertad de expresar, libertad de pensar y de gestionar proyectos para los vecinos de Olavarr\u00eda, que era lo que me estaba siendo imposibilitado\u201d<\/strong>.<\/p>\n<p><img data-recalc-dims=\"1\" loading=\"lazy\" decoding=\"async\" class=\"size-full wp-image-99984 aligncenter\" src=\"https:\/\/i0.wp.com\/cdnoticias.com\/wp-content\/uploads\/2023\/10\/arouxet-celeste-02.jpg?resize=800%2C445&#038;ssl=1\" alt=\"\" width=\"800\" height=\"445\" srcset=\"https:\/\/i0.wp.com\/cdnoticias.com\/wp-content\/uploads\/2023\/10\/arouxet-celeste-02.jpg?w=800&amp;ssl=1 800w, https:\/\/i0.wp.com\/cdnoticias.com\/wp-content\/uploads\/2023\/10\/arouxet-celeste-02.jpg?resize=300%2C167&amp;ssl=1 300w, https:\/\/i0.wp.com\/cdnoticias.com\/wp-content\/uploads\/2023\/10\/arouxet-celeste-02.jpg?resize=768%2C427&amp;ssl=1 768w\" sizes=\"auto, (max-width: 800px) 100vw, 800px\" \/><\/p>\n<p>Dijo adem\u00e1s que, sin puntualizar en nadie, <strong>\u201cingres\u00e9 a la pol\u00edtica para hacer otro tipo de pol\u00edtica y me sent\u00ed desplazado.<\/strong> Ciertas cosas que se hablaban en el bloque de las que no participaba,<strong> hubo un pedido de renunciar a mi banca<\/strong>, despu\u00e9s un intento de cambio de comisiones\u201d.<\/p>\n<p>Ahora restar\u00e1 saber la reconformaci\u00f3n del Concejo Deliberante, que <strong>con esta salida descomprime la tensi\u00f3n en Ahora Olavarr\u00eda pero suma mayor incertidumbre en las votaciones<\/strong>. Es sabido que Petehs es m\u00e1s \u201cmoderado\u201d en torno a ciertas cuestiones vinculadas a la gesti\u00f3n y el rol como opositor, por lo que podr\u00eda acompa\u00f1ar algunos proyectos. De hecho, se especulaba (y esperaba) que el voto desdoblado de Ahora Olavarr\u00eda con \u00e9l incluido sea algo inminente. No lleg\u00f3 a pasar.<\/p>\n<p><strong>En di\u00e1logo con VAF,<\/strong> <strong>Marcelo Pethes remarc\u00f3 que su salida del bloque no implica un corrimiento de su adhesi\u00f3n libertaria<\/strong>, <em>\u201csigo abrazando las ideas de la libertad\u201d<\/em> dijo. Y, ante la consulta, aclar\u00f3 que<strong> se fue \u201cs\u00f3lo\u201d con la proyecci\u00f3n de enfocarse exclusivamente \u201cen temas locales.<\/strong> No tengo ninguna aspiraci\u00f3n pol\u00edtica m\u00e1s que la de cumplir el mandato con la responsabilidad que lo tom\u00e9\u201d.<\/p>\n<h3>Desde la S\u00e9ptima al 2025<\/h3>\n<p>No fue la \u00fanica novedad importante de La Libertad Avanza en la semana. Lo ven\u00edamos contando desde el otorgamiento de personer\u00eda al partido en el \u00e1mbito de la provincia de Buenos Aires: <strong>el mile\u00edsmo ya est\u00e1 trabajando en su armado para las elecciones del a\u00f1o que viene<\/strong>.<\/p>\n<p>En ese marco,<strong> <a href=\"https:\/\/enlineanoticias.com.ar\/politica\/el-mileismo-organiza-su-armado-en-la-septima-la-olavarriense-celeste-arouxet-se-reunio-con-alejandro-speroni\/\" target=\"_blank\" rel=\"noopener\">el lunes hubo una reuni\u00f3n<\/a> entre el referente seccional Alejandro Speroni<\/strong> -oriundo de Tapalqu\u00e9 y actualmente funcionario del Ministerio de Econom\u00eda- <strong>y la m\u00e1xima referente olavarriense Celeste Arouxet<\/strong>.<\/p>\n<p>Hablaron de Anses y de los grupos de apoyo a LLA. Acerca de esto \u00faltimo, Speroni inform\u00f3 que \u201cse analiz\u00f3 el estado actual y perspectivas futuras, de cara a las <strong>elecciones de medio t\u00e9rmino del a\u00f1o 2025, de las posibles incorporaciones y alianzas con dirigentes locales de otros partidos pol\u00edticos<\/strong>, sin exclusi\u00f3n de ninguno\u201d en la medida que apoyen los ideales libertarios.<\/p>\n<p><img data-recalc-dims=\"1\" loading=\"lazy\" decoding=\"async\" class=\"aligncenter wp-image-121654\" src=\"https:\/\/i0.wp.com\/cdnoticias.com\/wp-content\/uploads\/2024\/07\/aejandro-speroni-celeste-arouxet.jpeg?resize=800%2C450&#038;ssl=1\" alt=\"\" width=\"800\" height=\"450\" srcset=\"https:\/\/i0.wp.com\/cdnoticias.com\/wp-content\/uploads\/2024\/07\/aejandro-speroni-celeste-arouxet.jpeg?w=948&amp;ssl=1 948w, https:\/\/i0.wp.com\/cdnoticias.com\/wp-content\/uploads\/2024\/07\/aejandro-speroni-celeste-arouxet.jpeg?resize=300%2C169&amp;ssl=1 300w, https:\/\/i0.wp.com\/cdnoticias.com\/wp-content\/uploads\/2024\/07\/aejandro-speroni-celeste-arouxet.jpeg?resize=768%2C432&amp;ssl=1 768w\" sizes=\"auto, (max-width: 800px) 100vw, 800px\" \/><\/p>\n<p>En una <a href=\"https:\/\/www.lu32.com.ar\/nota\/113921\/la-libertad-avanza-se-abre-a-todas-las-fuerzas-mas-alla-del-pro\" target=\"_blank\" rel=\"noopener\">entrevista con Radio Olavarr\u00eda<\/a> el dirigente respondi\u00f3 sobre ese tema: \u201cestamos lejos de ser una fuerza pol\u00edtica sectaria, lo nuestro es transversal y movimientista\u201d dijo.<\/p>\n<p>\u00bfPero qu\u00e9 pasa con el Pro? Speroni reiter\u00f3:<strong> \u201cla concepci\u00f3n nuestra de abrir el juego a otras fuerzas, no se circunscribe, ni much\u00edsimo menos, al PRO\u201d<\/strong>. Denomin\u00f3 \u201cen crisis\u201d al partido de Mauricio Macri y al peronismo. \u00bfY por casa c\u00f3mo andamos? <strong>\u201cPer\u00f3n dec\u00eda que los peronistas cuando se pelean es porque se reproducen. Bueno, eso ocurre, nos est\u00e1 pasando en LLA<\/strong>. Hay fracturas de bloques en los concejos deliberantes, en la legislatura, en el Congreso Nacional, en diputados. Vuelvo a lo del principio, y los subrayo, estamos abiertos a admitir en nuestras filas, con la mayor generosidad a todo aquel que est\u00e9 identificado con lo que se puede resumir en el Pacto de Mayo. Eso no fue balad\u00ed\u201d respondi\u00f3.<\/p>\n<p>Bueno, entendemos entonces que<strong> la composici\u00f3n y la forma actual de LLA tendr\u00e1 algunas modificaciones en caras y nombres para llegar a las elecciones<\/strong> del a\u00f1o que viene. Estaremos atentos a las incorporaciones y alianzas, y especialmente a c\u00f3mo impactan en la S\u00e9ptima y en Olavarr\u00eda.<\/p>\n<h3>Bajar la tasa<\/h3>\n<p><em>\u00bfSe acuerdan que la semana pasada dec\u00edamos que para tratar de potenciar su paso por la gesti\u00f3n, el Pro deb\u00eda ser muy estrat\u00e9gico y evitar caer en temas donde al final del camino fueron criticados?<\/em> Pues bien, pareciera que esa premisa se cumpli\u00f3 al pie de la letra esta semana. En pleno receso, c<strong>onfirmaron que el lunes <a href=\"https:\/\/cdnoticias.com\/index.php\/2024\/07\/25\/concejales-pro-proponen-bajar-un-50-el-pago-de-la-tasa-de-seguridad-e-higiene\/\" target=\"_blank\" rel=\"noopener\">ingresar\u00e1 un proyecto<\/a> para bajar la tasa de seguridad e higiene en un 50% para ciertos sectores<\/strong>.<\/p>\n<p>Galli lo aplic\u00f3 cuando fueron gesti\u00f3n en tiempos de crisis y catalogaron la medida de \u201cpositiva\u201d.<\/p>\n<p>\u00bfCu\u00e1les son esos ciertos sectores? <strong>Los comerciantes alcanzados en la categor\u00eda fija y para aquellos contribuyentes incluidos en la categor\u00eda general, cuyos ingresos anuales durante el Ejercicio 2023 no hayan superado los doscientos millones de pesos ($200.000.000.-),<\/strong> para la liquidaci\u00f3n de las cuotas correspondientes a los periodos de agosto a diciembre de 2024.<\/p>\n<p><img data-recalc-dims=\"1\" loading=\"lazy\" decoding=\"async\" class=\"aligncenter wp-image-118196\" src=\"https:\/\/i0.wp.com\/cdnoticias.com\/wp-content\/uploads\/2024\/06\/HCD-bloque-PRO-01.jpg?resize=800%2C445&#038;ssl=1\" alt=\"\" width=\"800\" height=\"445\" srcset=\"https:\/\/i0.wp.com\/cdnoticias.com\/wp-content\/uploads\/2024\/06\/HCD-bloque-PRO-01.jpg?w=1000&amp;ssl=1 1000w, https:\/\/i0.wp.com\/cdnoticias.com\/wp-content\/uploads\/2024\/06\/HCD-bloque-PRO-01.jpg?resize=300%2C167&amp;ssl=1 300w, https:\/\/i0.wp.com\/cdnoticias.com\/wp-content\/uploads\/2024\/06\/HCD-bloque-PRO-01.jpg?resize=768%2C427&amp;ssl=1 768w, https:\/\/i0.wp.com\/cdnoticias.com\/wp-content\/uploads\/2024\/06\/HCD-bloque-PRO-01.jpg?resize=800%2C445&amp;ssl=1 800w\" sizes=\"auto, (max-width: 800px) 100vw, 800px\" \/><\/p>\n<p>Tomaron el dato que brind\u00f3 Wesner de <strong>la baja de al menos 200 comercios en el Municipio (lo que explicit\u00f3 la crisis)<\/strong> y dejaron en claro que \u201ccreemos que desde el Estado Municipal se puede brindar alg\u00fan acompa\u00f1amiento. <strong>Ya lo implementamos cuando fuimos gesti\u00f3n con Ezequiel Galli y dio resultado positivo<\/strong>, por eso sostenemos que es una herramienta efectiva para beneficiar a un importante sector olavarriense, de los principales motores del desarrollo econ\u00f3mico del Partido de Olavarr\u00eda\u201d.<\/p>\n<p>Un dato pol\u00edtico: con la presentaci\u00f3n del proyecto, <strong>el Pro local vuelve a pararse, si se quiere, en una postura m\u00e1s cr\u00edtica (impl\u00edcita, pero cr\u00edtica al fin) del gobierno nacional<\/strong>, algo que el espacio amarillo no termina de dilucidar. Si bien Mauricio Macri y varios de sus integrantes (entre ellos Diego Santilli, referente de Ezequiel Galli) se\u00f1alaron que el Pro tiene identidad propia pero independencia de La Libertad Avanza, por momentos parecen m\u00e1s cerca del movimiento libertario que lejos. En fin, s\u00f3lo un detalle.<\/p>\n<h3><strong>El<\/strong> newsletter<\/h3>\n<p>Esta publicaci\u00f3n es la <a href=\"https:\/\/mailchi.mp\/9026f3efa9ad\/todos-quieren-votar-todos-quieren-ser-delegados?e=e4ffb04d40\" target=\"_blank\" rel=\"noopener\">edici\u00f3n de este domingo del newsletter Volver a las Fuentes<\/a> que escriben Alexis Grierson y Josefina Bargas. Tiene un sistema de<a href=\"https:\/\/linktr.ee\/volveralasfuentes\"> \u00a0suscripci\u00f3n econ\u00f3mica y aportes \u00fanicos al que se puede acceder aqu\u00ed.<\/a><\/p>\n","protected":false},"excerpt":{"rendered":"<p>El desplazamiento del delegado de Espigas y el contexto de la elecci\u00f3n de delegados. La Lista Verde no fue habilitada<\/p>\n","protected":false},"author":4,"featured_media":121350,"comment_status":"closed","ping_status":"closed","sticky":false,"template":"","format":"standard","meta":{"_jetpack_memberships_contains_paid_content":false,"footnotes":""},"categories":[4,1],"tags":[],"class_list":["post-121652","post","type-post","status-publish","format-standard","has-post-thumbnail","hentry","category-politica","category-portada"],"jetpack_featured_media_url":"https:\/\/i0.wp.com\/cdnoticias.com\/wp-content\/uploads\/2024\/07\/coopelectric-consejo-administracion2.jpg?fit=1072%2C596&ssl=1","jetpack_sharing_enabled":true,"_links":{"self":[{"href":"https:\/\/cdnoticias.com\/index.php\/wp-json\/wp\/v2\/posts\/121652","targetHints":{"allow":["GET"]}}],"collection":[{"href":"https:\/\/cdnoticias.com\/index.php\/wp-json\/wp\/v2\/posts"}],"about":[{"href":"https:\/\/cdnoticias.com\/index.php\/wp-json\/wp\/v2\/types\/post"}],"author":[{"embeddable":true,"href":"https:\/\/cdnoticias.com\/index.php\/wp-json\/wp\/v2\/users\/4"}],"replies":[{"embeddable":true,"href":"https:\/\/cdnoticias.com\/index.php\/wp-json\/wp\/v2\/comments?post=121652"}],"version-history":[{"count":0,"href":"https:\/\/cdnoticias.com\/index.php\/wp-json\/wp\/v2\/posts\/121652\/revisions"}],"wp:featuredmedia":[{"embeddable":true,"href":"https:\/\/cdnoticias.com\/index.php\/wp-json\/wp\/v2\/media\/121350"}],"wp:attachment":[{"href":"https:\/\/cdnoticias.com\/index.php\/wp-json\/wp\/v2\/media?parent=121652"}],"wp:term":[{"taxonomy":"category","embeddable":true,"href":"https:\/\/cdnoticias.com\/index.php\/wp-json\/wp\/v2\/categories?post=121652"},{"taxonomy":"post_tag","embeddable":true,"href":"https:\/\/cdnoticias.com\/index.php\/wp-json\/wp\/v2\/tags?post=121652"}],"curies":[{"name":"wp","href":"https:\/\/api.w.org\/{rel}","templated":true}]}}