{"id":12163,"date":"2021-01-24T13:29:29","date_gmt":"2021-01-24T16:29:29","guid":{"rendered":"http:\/\/www.centraldenoticias.com.ar\/?p=12163"},"modified":"2021-01-24T13:34:06","modified_gmt":"2021-01-24T16:34:06","slug":"hondo-pesar-por-el-fallecimiento-de-sandra-gomez","status":"publish","type":"post","link":"https:\/\/cdnoticias.com\/index.php\/2021\/01\/24\/hondo-pesar-por-el-fallecimiento-de-sandra-gomez\/","title":{"rendered":"Hondo pesar por el fallecimiento de Sandra G\u00f3mez"},"content":{"rendered":"<p><span lang=\"es-US\">Este domingo se conoci\u00f3 el fallecimiento de la reconocida militante radical de nuestra ciudad. Sus allegados la despidieron con sentidas palabras.\u00a0<\/span><\/p>\n<p><!--more--><\/p>\n<hr \/>\n<p><span lang=\"es-US\">Este domingo se conoci\u00f3 el fallecimiento de Sandra G\u00f3mez. Ten\u00eda 57 a\u00f1os y era una reconocida militante radical de nuestra ciudad. Amigos, familiares y militantes la despidieron y acompa\u00f1aron a su familia en este dif\u00edcil momento.<\/span><\/p>\n<p>&nbsp;<\/p>\n<p><em>\u201c<\/em><span lang=\"es-US\"><em>Con profundo dolor despedimos a nuestra amiga y correligionaria Sandra G\u00f3mez. Militante radical y permanente colaboradora de la UCR de Olavarr\u00eda, nos deja el consuelo de tanto trabajo compartido para poder seguir caminando. Nuestro acompa\u00f1amiento a familiares y amigos en este dif\u00edcil momento\u201d<\/em>, indicaron desde <strong>UCR Olavarr\u00eda.<\/strong><\/span><\/p>\n<p>&nbsp;<\/p>\n<p><span lang=\"es-US\">A su vez, <strong>Evoluci\u00f3n Radical<\/strong> tambi\u00e9n expres\u00f3: <em>\u201cQuerida Sandra te despedimos con profundo dolor. Nos queda tu legado de la gran luchadora y militante que fuiste siempre, y el orgullo de haber emprendido juntos este nuevo proyecto pol\u00edtico. Acompa\u00f1amos a familiares y amigos en este momento tan duro, especialmente a su hermano Gustavo\u201d.<\/em><\/span><\/p>\n<p>&nbsp;<\/p>\n<p><span lang=\"es-US\">Sus restos ser\u00e1n velados el lunes 25 de enero en sala \u201cD\u201d de Espa\u00f1a 2942 (comenzar\u00e1 a las 8:30) y ser\u00e1n inhumados en el Cementerio Municipal, a las 10:30.<\/span><\/p>\n","protected":false},"excerpt":{"rendered":"<p>Este domingo se conoci\u00f3 el fallecimiento de la reconocida militante radical de nuestra ciudad. Sus allegados la despidieron con sentidas<\/p>\n","protected":false},"author":5,"featured_media":12164,"comment_status":"closed","ping_status":"closed","sticky":false,"template":"","format":"standard","meta":{"_jetpack_memberships_contains_paid_content":false,"footnotes":""},"categories":[5,1],"tags":[],"class_list":["post-12163","post","type-post","status-publish","format-standard","has-post-thumbnail","hentry","category-informacion-general","category-portada"],"jetpack_featured_media_url":"https:\/\/i0.wp.com\/cdnoticias.com\/wp-content\/uploads\/2021\/01\/sandragomez.jpg?fit=540%2C540&ssl=1","jetpack_sharing_enabled":true,"_links":{"self":[{"href":"https:\/\/cdnoticias.com\/index.php\/wp-json\/wp\/v2\/posts\/12163","targetHints":{"allow":["GET"]}}],"collection":[{"href":"https:\/\/cdnoticias.com\/index.php\/wp-json\/wp\/v2\/posts"}],"about":[{"href":"https:\/\/cdnoticias.com\/index.php\/wp-json\/wp\/v2\/types\/post"}],"author":[{"embeddable":true,"href":"https:\/\/cdnoticias.com\/index.php\/wp-json\/wp\/v2\/users\/5"}],"replies":[{"embeddable":true,"href":"https:\/\/cdnoticias.com\/index.php\/wp-json\/wp\/v2\/comments?post=12163"}],"version-history":[{"count":0,"href":"https:\/\/cdnoticias.com\/index.php\/wp-json\/wp\/v2\/posts\/12163\/revisions"}],"wp:featuredmedia":[{"embeddable":true,"href":"https:\/\/cdnoticias.com\/index.php\/wp-json\/wp\/v2\/media\/12164"}],"wp:attachment":[{"href":"https:\/\/cdnoticias.com\/index.php\/wp-json\/wp\/v2\/media?parent=12163"}],"wp:term":[{"taxonomy":"category","embeddable":true,"href":"https:\/\/cdnoticias.com\/index.php\/wp-json\/wp\/v2\/categories?post=12163"},{"taxonomy":"post_tag","embeddable":true,"href":"https:\/\/cdnoticias.com\/index.php\/wp-json\/wp\/v2\/tags?post=12163"}],"curies":[{"name":"wp","href":"https:\/\/api.w.org\/{rel}","templated":true}]}}