{"id":12160,"date":"2021-01-24T13:20:23","date_gmt":"2021-01-24T16:20:23","guid":{"rendered":"http:\/\/www.centraldenoticias.com.ar\/?p=12160"},"modified":"2021-01-24T16:50:52","modified_gmt":"2021-01-24T19:50:52","slug":"plan-de-vacunacion-ya-contamos-con-1-250-000-preinscriptos-en-toda-la-provincia","status":"publish","type":"post","link":"https:\/\/cdnoticias.com\/index.php\/2021\/01\/24\/plan-de-vacunacion-ya-contamos-con-1-250-000-preinscriptos-en-toda-la-provincia\/","title":{"rendered":"Plan de vacunaci\u00f3n: \u201cYa contamos con 1.250.000 preinscriptos en toda la Provincia\u201d"},"content":{"rendered":"<p><span lang=\"es-US\">El <\/span><span lang=\"es-US\">gobernador Axel Kicillof d<\/span><span lang=\"es-US\">estac\u00f3 que <em>\u201cel Plan P\u00fablico, Gratuito y Optativo de Vacunaci\u00f3n ha tenido un recibimiento excelente y nos ha permitido aplicar ya 101 mil dosis al personal de salud de los 135 municipios\u201d.<\/em><\/span><!--more--><\/p>\n<hr \/>\n<p><span lang=\"es-US\">El gobernador de la provincia de Buenos Aires, Axel Kicillof, se\u00f1alo que <em>\u201cya contamos con 1.250.000 bonaerenses que se preinscribieron para recibir la vacuna contra el Covid-19\u201d<\/em>, en el marco de una entrevista en Radio 10.<\/span><\/p>\n<p>&nbsp;<\/p>\n<p><span lang=\"es-US\"><em> \u201cEl Plan P\u00fablico, Gratuito y Optativo de Vacunaci\u00f3n ha tenido un recibimiento excelente y nos ha permitido aplicar ya 101 mil dosis al personal de salud de los 135 municipios\u201d,<\/em> agreg\u00f3.<\/span><\/p>\n<p><span lang=\"es-US\"><br \/>\n<em>\u201cEstamos haciendo un gran esfuerzo de gesti\u00f3n en materia de log\u00edstica porque estamos convencidos de que la \u00fanica forma de terminar con la pandemia es con una vacunaci\u00f3n masiva\u201d<\/em>, afirm\u00f3 el Gobernador y agreg\u00f3:<strong><em> \u201cPudimos recibir la vacuna y empezar a aplicarla r\u00e1pidamente, a pesar de los problemas de producci\u00f3n y distribuci\u00f3n que complican a todos los pa\u00edses del mundo\u201d.<\/em><\/strong><\/span><\/p>\n<p><span lang=\"es-US\"><br \/>\n<em>\u201cLa vacuna ha sido un gran hallazgo cient\u00edfico y tiene una efectividad alt\u00edsima, superior al 90%\u201d<\/em>, subray\u00f3, al tiempo que ponder\u00f3 que <em>\u201cse observa que aquellas personas que, dentro del 10% restante, contraen la enfermedad, lo hacen de forma mucho m\u00e1s leve\u201d.<\/em><\/span><\/p>\n<p>&nbsp;<\/p>\n<p><img data-recalc-dims=\"1\" loading=\"lazy\" decoding=\"async\" class=\"alignnone size-full wp-image-5863\" src=\"https:\/\/i0.wp.com\/cdnoticias.com\/wp-content\/uploads\/2020\/11\/kici.jpg?resize=800%2C461&#038;ssl=1\" alt=\"\" width=\"800\" height=\"461\" srcset=\"https:\/\/i0.wp.com\/cdnoticias.com\/wp-content\/uploads\/2020\/11\/kici.jpg?w=954&amp;ssl=1 954w, https:\/\/i0.wp.com\/cdnoticias.com\/wp-content\/uploads\/2020\/11\/kici.jpg?resize=300%2C173&amp;ssl=1 300w, https:\/\/i0.wp.com\/cdnoticias.com\/wp-content\/uploads\/2020\/11\/kici.jpg?resize=768%2C443&amp;ssl=1 768w\" sizes=\"auto, (max-width: 800px) 100vw, 800px\" \/><\/p>\n<p><span lang=\"es-US\"><br \/>\nRespecto a las <strong>clases<\/strong>, Kicillof enfatiz\u00f3 que \u201c<em>si bien el a\u00f1o pasado hubo clases y se trabaj\u00f3 para que todos los alumnos y las alumnas tuvieran continuidad pedag\u00f3gica, <strong>ahora que contamos con la vacuna estamos en condiciones de plantear una mayor presencialidad<\/strong>\u201d<\/em>. Y explic\u00f3: <em>\u201cComenzaremos a inmunizar al personal docente y auxiliar de las escuelas que, por ser poblaci\u00f3n de riesgo, no hubiera podido concurrir a los establecimientos educativos\u201d.<\/em><\/span><\/p>\n<blockquote><p><span lang=\"es-US\"><br \/>\n\u201cPara nosotros las clases son una prioridad real, por eso estamos trabajando tambi\u00e9n en el armado de protocolos que permitan cumplir las pautas de cuidado en todas las escuelas\u201d, a\u00f1adi\u00f3.<\/span><\/p><\/blockquote>\n<p><span lang=\"es-US\"><br \/>\nPor \u00faltimo, el mandatario bonaerense detall\u00f3 las medidas que se han aplicado para promover la <strong>reactivaci\u00f3n de la actividad econ\u00f3mica<\/strong>:<em> \u201cJunto a las pol\u00edticas nacionales, hemos sumado la exenci\u00f3n de hasta el 50% en el pago de Ingresos Brutos correspondientes al segundo semestre del a\u00f1o pasado para 206 sectores\u201d.<\/em><\/span><\/p>\n<p>&nbsp;<\/p>\n<p><em>\u201c<\/em><span lang=\"es-US\"><em>Adem\u00e1s de una gran inversi\u00f3n en infraestructura, lanzamos un fondo espec\u00edfico de asistencia al turismo y la cultura, y tenemos un r\u00e9cord de cr\u00e9ditos otorgados desde el Banco Provincia\u201d,<\/em> explic\u00f3.<\/span><\/p>\n","protected":false},"excerpt":{"rendered":"<p>El gobernador Axel Kicillof destac\u00f3 que \u201cel Plan P\u00fablico, Gratuito y Optativo de Vacunaci\u00f3n ha tenido un recibimiento excelente y<\/p>\n","protected":false},"author":5,"featured_media":11292,"comment_status":"closed","ping_status":"closed","sticky":false,"template":"","format":"standard","meta":{"_jetpack_memberships_contains_paid_content":false,"footnotes":""},"categories":[6,1],"tags":[],"class_list":["post-12160","post","type-post","status-publish","format-standard","has-post-thumbnail","hentry","category-nacionales","category-portada"],"jetpack_featured_media_url":"https:\/\/i0.wp.com\/cdnoticias.com\/wp-content\/uploads\/2021\/01\/WhatsApp-Image-2021-01-12-at-19.23.11.jpeg?fit=1280%2C889&ssl=1","jetpack_sharing_enabled":true,"_links":{"self":[{"href":"https:\/\/cdnoticias.com\/index.php\/wp-json\/wp\/v2\/posts\/12160","targetHints":{"allow":["GET"]}}],"collection":[{"href":"https:\/\/cdnoticias.com\/index.php\/wp-json\/wp\/v2\/posts"}],"about":[{"href":"https:\/\/cdnoticias.com\/index.php\/wp-json\/wp\/v2\/types\/post"}],"author":[{"embeddable":true,"href":"https:\/\/cdnoticias.com\/index.php\/wp-json\/wp\/v2\/users\/5"}],"replies":[{"embeddable":true,"href":"https:\/\/cdnoticias.com\/index.php\/wp-json\/wp\/v2\/comments?post=12160"}],"version-history":[{"count":0,"href":"https:\/\/cdnoticias.com\/index.php\/wp-json\/wp\/v2\/posts\/12160\/revisions"}],"wp:featuredmedia":[{"embeddable":true,"href":"https:\/\/cdnoticias.com\/index.php\/wp-json\/wp\/v2\/media\/11292"}],"wp:attachment":[{"href":"https:\/\/cdnoticias.com\/index.php\/wp-json\/wp\/v2\/media?parent=12160"}],"wp:term":[{"taxonomy":"category","embeddable":true,"href":"https:\/\/cdnoticias.com\/index.php\/wp-json\/wp\/v2\/categories?post=12160"},{"taxonomy":"post_tag","embeddable":true,"href":"https:\/\/cdnoticias.com\/index.php\/wp-json\/wp\/v2\/tags?post=12160"}],"curies":[{"name":"wp","href":"https:\/\/api.w.org\/{rel}","templated":true}]}}