{"id":12158,"date":"2021-01-24T12:14:03","date_gmt":"2021-01-24T15:14:03","guid":{"rendered":"http:\/\/www.centraldenoticias.com.ar\/?p=12158"},"modified":"2021-01-24T12:14:03","modified_gmt":"2021-01-24T15:14:03","slug":"creditos-uva-el-gobierno-confirmo-que-descongelan-las-cuotas","status":"publish","type":"post","link":"https:\/\/cdnoticias.com\/index.php\/2021\/01\/24\/creditos-uva-el-gobierno-confirmo-que-descongelan-las-cuotas\/","title":{"rendered":"Cr\u00e9ditos UVA: El gobierno confirm\u00f3 que descongelan las cuotas"},"content":{"rendered":"<p><span lang=\"es-US\">El ministro de H\u00e1bitat, Jorge Ferraresi, indic\u00f3 que las cuotas no podr\u00e1n superar el 35% del ingreso familiar.<\/span><\/p>\n<p><!--more--><\/p>\n<hr \/>\n<p><span lang=\"es-US\">El ministro de Desarrollo Territorial y H\u00e1bitat, Jorge Ferraresi, asegur\u00f3 que las cuotas de los cr\u00e9ditos basados en las Unidades de Valor Adquisitivo (UVAs) no superar\u00e1n \u201c<em>el 35 por ciento del ingreso del grupo familiar<\/em>\u201d y <strong>a partir de junio se ajustar\u00e1 por crecimiento salarial.<\/strong><\/span><\/p>\n<p>&nbsp;<\/p>\n<p><em>\u201c<\/em><span lang=\"es-US\"><em>Ning\u00fan cr\u00e9dito va a superar el 35 por ciento del ingreso del grupo familiar\u201d<\/em>, dijo Ferraresi en declaraciones radiales, e inform\u00f3 que <em>\u201ctras 10 meses congelamiento, para febrero el aumento para los que tomaron cr\u00e9dito por menos de 120.000 UVA se ajustar\u00e1 un 6% y para los de m\u00e1s de 120.000 UVA, un 9%\u201d.<\/em><\/span><\/p>\n<p>&nbsp;<\/p>\n<p><em>\u201c<\/em><span lang=\"es-US\"><em>Con un aumento salarial promedio del 35% hemos cuidado a los m\u00e1s vulnerables en este aspecto\u201d<\/em>, se\u00f1al\u00f3 Ferraresi, que aclar\u00f3 que a partir de junio <strong><em>\u201cla f\u00f3rmula UVA no existir\u00e1 m\u00e1s sino que ajustar\u00e1 por crecimiento salarial\u201d.<\/em><\/strong><\/span><\/p>\n<p>&nbsp;<\/p>\n<blockquote><p><span lang=\"es-US\">El Estado tiene que estar presente para como nos dice el Presidente (Alberto Fern\u00e1ndez) \u2018primero los \u00faltimos&#8217;\u201d, agreg\u00f3.<\/span><\/p><\/blockquote>\n<p>&nbsp;<\/p>\n<p><span lang=\"es-US\">En ese sentido, Ferraresi explic\u00f3 que para las nuevas construcciones <em>\u201chay dos cambios conceptuales\u201d<\/em>, que consisten en que<strong><em> \u201cno existen m\u00e1s las viviendas sociales sino que tiene que ser para ascenso social\u201d<\/em><\/strong> y que cada beneficiario<strong><em> \u201cpagar\u00e1 en funci\u00f3n del ingreso que tenga y no seg\u00fan un sistema de calificaci\u00f3n bancaria\u201d.<\/em><\/strong><\/span><\/p>\n<p>&nbsp;<\/p>\n<p><span lang=\"es-US\">El ministro expres\u00f3 que \u201c<em><strong>el recupero (del cr\u00e9dito) va a ser solidario<\/strong>, todo el mundo va a pagar en base a lo que gane, esto va a permitir que la gente se desarrolle en el lugar donde naci\u00f3\u201d.<\/em><\/span><\/p>\n<p>&nbsp;<\/p>\n<p><em>\u201c<\/em><span lang=\"es-US\"><em>El arraigo se genera a partir de las oportunidades y es en eso en lo que estamos trabajando\u201d<\/em>, complet\u00f3 Ferraresi.<\/span><\/p>\n<p>&nbsp;<\/p>\n<p><span lang=\"es-US\">Fuente: (DIB)<\/span><\/p>\n","protected":false},"excerpt":{"rendered":"<p>El ministro de H\u00e1bitat, Jorge Ferraresi, indic\u00f3 que las cuotas no podr\u00e1n superar el 35% del ingreso familiar.<\/p>\n","protected":false},"author":5,"featured_media":2375,"comment_status":"closed","ping_status":"closed","sticky":false,"template":"","format":"standard","meta":{"_jetpack_memberships_contains_paid_content":false,"footnotes":""},"categories":[6],"tags":[],"class_list":["post-12158","post","type-post","status-publish","format-standard","has-post-thumbnail","hentry","category-nacionales"],"jetpack_featured_media_url":"https:\/\/i0.wp.com\/cdnoticias.com\/wp-content\/uploads\/2020\/09\/creditos.jpg?fit=770%2C494&ssl=1","jetpack_sharing_enabled":true,"_links":{"self":[{"href":"https:\/\/cdnoticias.com\/index.php\/wp-json\/wp\/v2\/posts\/12158","targetHints":{"allow":["GET"]}}],"collection":[{"href":"https:\/\/cdnoticias.com\/index.php\/wp-json\/wp\/v2\/posts"}],"about":[{"href":"https:\/\/cdnoticias.com\/index.php\/wp-json\/wp\/v2\/types\/post"}],"author":[{"embeddable":true,"href":"https:\/\/cdnoticias.com\/index.php\/wp-json\/wp\/v2\/users\/5"}],"replies":[{"embeddable":true,"href":"https:\/\/cdnoticias.com\/index.php\/wp-json\/wp\/v2\/comments?post=12158"}],"version-history":[{"count":0,"href":"https:\/\/cdnoticias.com\/index.php\/wp-json\/wp\/v2\/posts\/12158\/revisions"}],"wp:featuredmedia":[{"embeddable":true,"href":"https:\/\/cdnoticias.com\/index.php\/wp-json\/wp\/v2\/media\/2375"}],"wp:attachment":[{"href":"https:\/\/cdnoticias.com\/index.php\/wp-json\/wp\/v2\/media?parent=12158"}],"wp:term":[{"taxonomy":"category","embeddable":true,"href":"https:\/\/cdnoticias.com\/index.php\/wp-json\/wp\/v2\/categories?post=12158"},{"taxonomy":"post_tag","embeddable":true,"href":"https:\/\/cdnoticias.com\/index.php\/wp-json\/wp\/v2\/tags?post=12158"}],"curies":[{"name":"wp","href":"https:\/\/api.w.org\/{rel}","templated":true}]}}