{"id":121577,"date":"2024-07-28T11:30:28","date_gmt":"2024-07-28T14:30:28","guid":{"rendered":"https:\/\/cdnoticias.com\/?p=121577"},"modified":"2024-07-29T14:11:18","modified_gmt":"2024-07-29T17:11:18","slug":"en-este-dia-y-cada-dia-el-rock-volvio-a-la-ciudad-de-la-mano-de-la-kermesse","status":"publish","type":"post","link":"https:\/\/cdnoticias.com\/index.php\/2024\/07\/28\/en-este-dia-y-cada-dia-el-rock-volvio-a-la-ciudad-de-la-mano-de-la-kermesse\/","title":{"rendered":"En este d\u00eda y cada d\u00eda: el rock volvi\u00f3 a la ciudad de la mano de La Kermesse"},"content":{"rendered":"\n<p>Una noche exclusivamente redonda se vivi\u00f3 este s\u00e1bado en el gimnasio de Racing Club de la mano de los ex redonditos de ricota. Todos los detalles del recital que promete volver.<\/p>\n\n\n\n<hr class=\"wp-block-separator aligncenter has-alpha-channel-opacity\"\/>\n\n\n\n<p>Con<strong> agite, palmas, cantando canciones y las banderas<\/strong> sobre los hombros de los fan\u00e1ticos que se acercaban al Club Racing, comenz\u00f3 la noche de este s\u00e1bado en la previa sobre avenida Col\u00f3n y un fr\u00edo caracter\u00edstico de las noches de invierno.<\/p>\n\n\n\n<p><\/p>\n\n\n\n<p>Un hombre tocaba una trompeta con los<strong> hits de los redondos<\/strong> mientras las personas esperaban con ansias una noche donde volver\u00edan a escuchar y disfrutar las canciones de una de las <strong>bandas m\u00e1s imponentes del pa\u00eds.<\/strong><\/p>\n\n\n\n<p><\/p>\n\n\n\n<blockquote class=\"wp-block-quote is-layout-flow wp-block-quote-is-layout-flow\">\n<p>No importa si toca El Indio, Skay Beilinson, Los Fundamentalistas, bandas tributo o La Kermesse: los seguidores de los redondos est\u00e1n siempre presentes en cualquiera de sus formas con tal de recordar esas canciones que marcaron alg\u00fan momento de sus vidas.<\/p>\n<\/blockquote>\n\n\n\n<p><\/p>\n\n\n\n<figure class=\"wp-block-image aligncenter size-full\"><img data-recalc-dims=\"1\" loading=\"lazy\" decoding=\"async\" width=\"800\" height=\"454\" src=\"https:\/\/i0.wp.com\/cdnoticias.com\/wp-content\/uploads\/2024\/07\/lakermesse-27jul2024-racing555.jpg?resize=800%2C454&#038;ssl=1\" alt=\"\" class=\"wp-image-121580\" srcset=\"https:\/\/i0.wp.com\/cdnoticias.com\/wp-content\/uploads\/2024\/07\/lakermesse-27jul2024-racing555.jpg?w=900&amp;ssl=1 900w, https:\/\/i0.wp.com\/cdnoticias.com\/wp-content\/uploads\/2024\/07\/lakermesse-27jul2024-racing555.jpg?resize=300%2C170&amp;ssl=1 300w, https:\/\/i0.wp.com\/cdnoticias.com\/wp-content\/uploads\/2024\/07\/lakermesse-27jul2024-racing555.jpg?resize=768%2C436&amp;ssl=1 768w\" sizes=\"auto, (max-width: 800px) 100vw, 800px\" \/><\/figure>\n\n\n\n<p><\/p>\n\n\n\n<p>A las 22 horas puntual la magia comenz\u00f3 otra vez. <strong>La Kermesse subi\u00f3 al escenario, las luces se apagaron y resaltaron los banderines de colores representativos de la banda que, obviamente, quer\u00eda una fiesta<\/strong>. <em>\u201cUn \u00e1ngel para tu soledad<\/em>\u201d fue la primera canci\u00f3n de la noche.<\/p>\n\n\n\n<p><\/p>\n\n\n\n<figure class=\"wp-block-image aligncenter size-full\"><img data-recalc-dims=\"1\" loading=\"lazy\" decoding=\"async\" width=\"800\" height=\"418\" src=\"https:\/\/i0.wp.com\/cdnoticias.com\/wp-content\/uploads\/2024\/07\/lakermesse-27jul2024-racing748.jpg?resize=800%2C418&#038;ssl=1\" alt=\"\" class=\"wp-image-121584\" srcset=\"https:\/\/i0.wp.com\/cdnoticias.com\/wp-content\/uploads\/2024\/07\/lakermesse-27jul2024-racing748.jpg?w=900&amp;ssl=1 900w, https:\/\/i0.wp.com\/cdnoticias.com\/wp-content\/uploads\/2024\/07\/lakermesse-27jul2024-racing748.jpg?resize=300%2C157&amp;ssl=1 300w, https:\/\/i0.wp.com\/cdnoticias.com\/wp-content\/uploads\/2024\/07\/lakermesse-27jul2024-racing748.jpg?resize=768%2C401&amp;ssl=1 768w, https:\/\/i0.wp.com\/cdnoticias.com\/wp-content\/uploads\/2024\/07\/lakermesse-27jul2024-racing748.jpg?resize=390%2C205&amp;ssl=1 390w\" sizes=\"auto, (max-width: 800px) 100vw, 800px\" \/><\/figure>\n\n\n\n<p><\/p>\n\n\n\n<p>A los empujones, saltando, en el pogo, abrazados, bailando y cantando<strong> los presentes recorrieron un sinf\u00edn de canciones puramente de los redondos<\/strong>. Se olvidaron del fr\u00edo y salieron a la luz remeras con el logo de \u201cPR\u201d, remeras de Skay, de bandas de rock, musculosas, en corpi\u00f1o, con banderas en la espalda pero sobre todo, con pasi\u00f3n.<\/p>\n\n\n\n<p><\/p>\n\n\n\n<figure class=\"wp-block-image aligncenter size-full\"><img data-recalc-dims=\"1\" loading=\"lazy\" decoding=\"async\" width=\"800\" height=\"445\" src=\"https:\/\/i0.wp.com\/cdnoticias.com\/wp-content\/uploads\/2024\/07\/lakermesse-27jul2024-racing328.jpg?resize=800%2C445&#038;ssl=1\" alt=\"\" class=\"wp-image-121581\" srcset=\"https:\/\/i0.wp.com\/cdnoticias.com\/wp-content\/uploads\/2024\/07\/lakermesse-27jul2024-racing328.jpg?w=900&amp;ssl=1 900w, https:\/\/i0.wp.com\/cdnoticias.com\/wp-content\/uploads\/2024\/07\/lakermesse-27jul2024-racing328.jpg?resize=300%2C167&amp;ssl=1 300w, https:\/\/i0.wp.com\/cdnoticias.com\/wp-content\/uploads\/2024\/07\/lakermesse-27jul2024-racing328.jpg?resize=768%2C428&amp;ssl=1 768w, https:\/\/i0.wp.com\/cdnoticias.com\/wp-content\/uploads\/2024\/07\/lakermesse-27jul2024-racing328.jpg?resize=800%2C445&amp;ssl=1 800w\" sizes=\"auto, (max-width: 800px) 100vw, 800px\" \/><\/figure>\n\n\n\n<p><\/p>\n\n\n\n<p>La noche transcurri\u00f3 de la mano de<strong> Sergio Dawi, Semilla Bucciarelli, Tito Fargo, Hern\u00e1n Aramberri, Jorge Cabrera, Mariano Pirato y Oscar Kamienomosky. <\/strong>Adem\u00e1s, las cantantes <strong>Leticia Lee y Marian Pelegrino<\/strong> resaltaron con sus voces femeninas llev\u00e1ndose toda la atenci\u00f3n de los presentes.<\/p>\n\n\n\n<p><\/p>\n\n\n\n<p><em>\u201cSuperl\u00f3gico\u201d \u201cLa bestia pop\u201d \u201cSalando las heridas\u201d \u201cJuguetes Perdidos\u201d \u201cPreso en mi ciudad\u201d \u201cTodo un palo\u201d \u201cLas incre\u00edbles andanzas del capit\u00e1n buscapina\u201d<\/em> fueron algunas de las canciones que hicieron que <strong>el recital fuera exclusivamente redondito.<\/strong><\/p>\n\n\n\n<p><\/p>\n\n\n\n<figure class=\"wp-block-image aligncenter size-full\"><img data-recalc-dims=\"1\" loading=\"lazy\" decoding=\"async\" width=\"800\" height=\"447\" src=\"https:\/\/i0.wp.com\/cdnoticias.com\/wp-content\/uploads\/2024\/07\/lakermesse-27jul2024-racing12667.jpg?resize=800%2C447&#038;ssl=1\" alt=\"\" class=\"wp-image-121582\" srcset=\"https:\/\/i0.wp.com\/cdnoticias.com\/wp-content\/uploads\/2024\/07\/lakermesse-27jul2024-racing12667.jpg?w=900&amp;ssl=1 900w, https:\/\/i0.wp.com\/cdnoticias.com\/wp-content\/uploads\/2024\/07\/lakermesse-27jul2024-racing12667.jpg?resize=300%2C168&amp;ssl=1 300w, https:\/\/i0.wp.com\/cdnoticias.com\/wp-content\/uploads\/2024\/07\/lakermesse-27jul2024-racing12667.jpg?resize=768%2C429&amp;ssl=1 768w\" sizes=\"auto, (max-width: 800px) 100vw, 800px\" \/><\/figure>\n\n\n\n<p><\/p>\n\n\n\n<p>Los canticos tambi\u00e9n estuvieron presentes de la mano de los fan\u00e1ticos:<strong> se record\u00f3 a Walter Bulacio<\/strong> y agitaron que \u201cse vayan a tocar a la luna, la luna la vamos a copar\u201d. El cierre fue con <em>\u201cYa nadie va a escuchar tu remera<\/em>\u201d y un <strong>pogo impresionante con las 900 personas que coparon el gimnasio.<\/strong><\/p>\n\n\n\n<p><\/p>\n\n\n\n<p>M\u00e1s all\u00e1 del resto de la banda, <strong>Sergio Dawi demostr\u00f3 una vez m\u00e1s ser el alma del proyecto y un legado puramente redondo que acompa\u00f1\u00f3 a el Indio y Skay en su mayor momento musical.<\/strong> El saxofonista prometi\u00f3 volver \u201cgracias al cari\u00f1o de la gente\u201d y los aplausos cerraron una noche de mucho rock.<\/p>\n\n\n\n<p><\/p>\n\n\n\n<figure class=\"wp-block-image aligncenter size-full\"><img data-recalc-dims=\"1\" loading=\"lazy\" decoding=\"async\" width=\"800\" height=\"503\" src=\"https:\/\/i0.wp.com\/cdnoticias.com\/wp-content\/uploads\/2024\/07\/lakermesse-27jul2024-racing223.jpg?resize=800%2C503&#038;ssl=1\" alt=\"\" class=\"wp-image-121583\" srcset=\"https:\/\/i0.wp.com\/cdnoticias.com\/wp-content\/uploads\/2024\/07\/lakermesse-27jul2024-racing223.jpg?w=894&amp;ssl=1 894w, https:\/\/i0.wp.com\/cdnoticias.com\/wp-content\/uploads\/2024\/07\/lakermesse-27jul2024-racing223.jpg?resize=300%2C189&amp;ssl=1 300w, https:\/\/i0.wp.com\/cdnoticias.com\/wp-content\/uploads\/2024\/07\/lakermesse-27jul2024-racing223.jpg?resize=768%2C483&amp;ssl=1 768w\" sizes=\"auto, (max-width: 800px) 100vw, 800px\" \/><\/figure>\n\n\n\n<p><\/p>\n","protected":false},"excerpt":{"rendered":"<p>Una noche exclusivamente redonda se vivi\u00f3 este s\u00e1bado en el gimnasio de Racing Club de la mano de los ex<\/p>\n","protected":false},"author":6,"featured_media":121586,"comment_status":"closed","ping_status":"closed","sticky":false,"template":"","format":"standard","meta":{"_jetpack_memberships_contains_paid_content":false,"footnotes":""},"categories":[9,1],"tags":[],"class_list":["post-121577","post","type-post","status-publish","format-standard","has-post-thumbnail","hentry","category-cultura","category-portada"],"jetpack_featured_media_url":"https:\/\/i0.wp.com\/cdnoticias.com\/wp-content\/uploads\/2024\/07\/lakermesse-27jul2024-racing222.jpg?fit=900%2C529&ssl=1","jetpack_sharing_enabled":true,"_links":{"self":[{"href":"https:\/\/cdnoticias.com\/index.php\/wp-json\/wp\/v2\/posts\/121577","targetHints":{"allow":["GET"]}}],"collection":[{"href":"https:\/\/cdnoticias.com\/index.php\/wp-json\/wp\/v2\/posts"}],"about":[{"href":"https:\/\/cdnoticias.com\/index.php\/wp-json\/wp\/v2\/types\/post"}],"author":[{"embeddable":true,"href":"https:\/\/cdnoticias.com\/index.php\/wp-json\/wp\/v2\/users\/6"}],"replies":[{"embeddable":true,"href":"https:\/\/cdnoticias.com\/index.php\/wp-json\/wp\/v2\/comments?post=121577"}],"version-history":[{"count":0,"href":"https:\/\/cdnoticias.com\/index.php\/wp-json\/wp\/v2\/posts\/121577\/revisions"}],"wp:featuredmedia":[{"embeddable":true,"href":"https:\/\/cdnoticias.com\/index.php\/wp-json\/wp\/v2\/media\/121586"}],"wp:attachment":[{"href":"https:\/\/cdnoticias.com\/index.php\/wp-json\/wp\/v2\/media?parent=121577"}],"wp:term":[{"taxonomy":"category","embeddable":true,"href":"https:\/\/cdnoticias.com\/index.php\/wp-json\/wp\/v2\/categories?post=121577"},{"taxonomy":"post_tag","embeddable":true,"href":"https:\/\/cdnoticias.com\/index.php\/wp-json\/wp\/v2\/tags?post=121577"}],"curies":[{"name":"wp","href":"https:\/\/api.w.org\/{rel}","templated":true}]}}