{"id":121533,"date":"2024-10-09T10:20:17","date_gmt":"2024-10-09T13:20:17","guid":{"rendered":"https:\/\/cdnoticias.com\/?p=121533"},"modified":"2024-10-09T11:49:11","modified_gmt":"2024-10-09T14:49:11","slug":"del-15-de-octubre-al-2-de-noviembre-actividades-por-el-dia-de-la-mujer-rural","status":"publish","type":"post","link":"https:\/\/cdnoticias.com\/index.php\/2024\/10\/09\/del-15-de-octubre-al-2-de-noviembre-actividades-por-el-dia-de-la-mujer-rural\/","title":{"rendered":"Del 15 de octubre al 2 de noviembre, actividades por el D\u00eda de la Mujer Rural"},"content":{"rendered":"<p>Organiza la Asociaci\u00f3n de Mujeres Rurales en Red. La segunda edici\u00f3n del Encuentro de Mujeres Rurales de Olavarr\u00eda tendr\u00e1 car\u00e1cter provincial.<!--more--><\/p>\n<hr \/>\n<p>Ante el \u00e9xito del<a href=\"https:\/\/cdnoticias.com\/index.php\/2023\/11\/04\/con-gran-convocatoria-se-concreto-el-encuentro-de-mujeres-rurales\/\" target=\"_blank\" rel=\"noopener\"> 1\u00b0 Encuentro de Mujeres Rurales de Olavarr\u00eda y la Regi\u00f3n<\/a> que se realiz\u00f3 el 4 de noviembre de 2023, este a\u00f1o desde la<strong> Asociaci\u00f3n de Mujeres Rurales en Red<\/strong> anunciaron que tendr\u00e1n una agenda de actividades que buscar\u00e1n <strong>instalar en el calendario local y regional<\/strong>. Las propuestas tendr\u00e1n un cierre con el <strong>2\u00b0 Encuentro de Mujeres Rurales de Olavarr\u00eda y la Regi\u00f3n y el 1\u00b0 Encuentro Provincial<\/strong>.<\/p>\n<p>El <strong>15 de octubre<\/strong> es el <strong>D\u00eda Internacional de la Mujer Rural<\/strong> declarado por la Organizaci\u00f3n de las Naciones Unidas. La mujer en la ruralidad es <em>pionera en diferentes actividades sociales, luchadora incansable por el progreso de su familia y el arraigo, pero adem\u00e1s trabaja y pone el cuerpo a la par de sus esposos y\/o compa\u00f1eros de vida, realizando tareas laborales que, en la mayor\u00eda de los casos, no llegan a un reconocimiento econ\u00f3mico<\/em>.<\/p>\n<p><strong>Mujeres Rurales en Red trabaja por quienes habitan y transitan la ruralidad (en Olavarr\u00eda y la regi\u00f3n) desde 2020<\/strong>. A\u00f1o a a\u00f1o, en cada actividad y proyecto, apuestan al crecimiento de cada mujer rural en lo personal y grupal, apuntando a que cada comunidad y\/o cada persona puedan tener herramientas que permitan un mejor y mayor acceso a determinadas cuestiones que hacen a la vida rural e incluso a los derechos de las personas.<\/p>\n<p><img data-recalc-dims=\"1\" loading=\"lazy\" decoding=\"async\" class=\"size-full wp-image-101062 aligncenter\" src=\"https:\/\/i0.wp.com\/cdnoticias.com\/wp-content\/uploads\/2023\/11\/encuentro-de-mujeres-rurales-00.jpg?resize=800%2C445&#038;ssl=1\" alt=\"\" width=\"800\" height=\"445\" srcset=\"https:\/\/i0.wp.com\/cdnoticias.com\/wp-content\/uploads\/2023\/11\/encuentro-de-mujeres-rurales-00.jpg?w=800&amp;ssl=1 800w, https:\/\/i0.wp.com\/cdnoticias.com\/wp-content\/uploads\/2023\/11\/encuentro-de-mujeres-rurales-00.jpg?resize=300%2C167&amp;ssl=1 300w, https:\/\/i0.wp.com\/cdnoticias.com\/wp-content\/uploads\/2023\/11\/encuentro-de-mujeres-rurales-00.jpg?resize=768%2C427&amp;ssl=1 768w\" sizes=\"auto, (max-width: 800px) 100vw, 800px\" \/><\/p>\n<p>Siendo Olavarr\u00eda un Partido que no s\u00f3lo tiene importantes hect\u00e1reas que hacen al sector y comunidades agropecuarias sino que tambi\u00e9n se ubica en el centro de la Provincia de Buenos Aires desde Mujeres Rurales en Red buscan <strong>generar una agenda en el marco de una fecha que conmemora, reconoce y permite poner sobre la mesa las demandas reales<\/strong> del sector.<\/p>\n<blockquote><p>Frente a esto, el pr\u00f3ximo 15 de octubre se llevar\u00e1 a cabo el lanzamiento del 2\u00b0 Encuentro de Mujeres Rurales de Olavarr\u00eda y la regi\u00f3n y el 1\u00b0 Encuentro Provincial. Adem\u00e1s se realizar\u00e1 la inauguraci\u00f3n de una muestra de fotograf\u00eda junto con actividades y talleres que podr\u00e1n disfrutarse hasta el 2 de noviembre donde todo el foco de propuestas se trasladar\u00e1 a Sociedad Rural con mesas de debates, conversatorios y una Pe\u00f1a Encuentro de cierre.<\/p><\/blockquote>\n<p>Durante las pr\u00f3ximas semanas, ante los avances y las reuniones pendientes, se comenzar\u00e1 a informar sobre las tem\u00e1ticas de los conversatorios e incluso los artistas que acompa\u00f1ar\u00e1n la Pe\u00f1a.<\/p>\n<blockquote class=\"instagram-media\" style=\"background: #FFF; border: 0; border-radius: 3px; box-shadow: 0 0 1px 0 rgba(0,0,0,0.5),0 1px 10px 0 rgba(0,0,0,0.15); margin: 1px; max-width: 540px; min-width: 326px; padding: 0; width: calc(100% - 2px);\" data-instgrm-permalink=\"https:\/\/www.instagram.com\/p\/DAzD61BPf1S\/?utm_source=ig_embed&amp;utm_campaign=loading\" data-instgrm-version=\"14\">\n<div style=\"padding: 16px;\">\n<div style=\"display: flex; flex-direction: row; align-items: center;\">\n<div style=\"background-color: #f4f4f4; border-radius: 50%; flex-grow: 0; height: 40px; margin-right: 14px; width: 40px;\"><\/div>\n<div style=\"display: flex; flex-direction: column; flex-grow: 1; justify-content: center;\">\n<div style=\"background-color: #f4f4f4; border-radius: 4px; flex-grow: 0; height: 14px; margin-bottom: 6px; width: 100px;\"><\/div>\n<div style=\"background-color: #f4f4f4; border-radius: 4px; flex-grow: 0; height: 14px; width: 60px;\"><\/div>\n<\/div>\n<\/div>\n<div style=\"padding: 19% 0;\"><\/div>\n<div style=\"display: block; height: 50px; margin: 0 auto 12px; width: 50px;\"><\/div>\n<div style=\"padding-top: 8px;\">\n<div style=\"color: #3897f0; font-family: Arial,sans-serif; font-size: 14px; font-style: normal; font-weight: 550; line-height: 18px;\">Ver esta publicaci\u00f3n en Instagram<\/div>\n<\/div>\n<div style=\"padding: 12.5% 0;\"><\/div>\n<div style=\"display: flex; flex-direction: row; margin-bottom: 14px; align-items: center;\">\n<div>\n<div style=\"background-color: #f4f4f4; border-radius: 50%; height: 12.5px; width: 12.5px; transform: translateX(0px) translateY(7px);\"><\/div>\n<div style=\"background-color: #f4f4f4; height: 12.5px; transform: rotate(-45deg) translateX(3px) translateY(1px); width: 12.5px; flex-grow: 0; margin-right: 14px; margin-left: 2px;\"><\/div>\n<div style=\"background-color: #f4f4f4; border-radius: 50%; height: 12.5px; width: 12.5px; transform: translateX(9px) translateY(-18px);\"><\/div>\n<\/div>\n<div style=\"margin-left: 8px;\">\n<div style=\"background-color: #f4f4f4; border-radius: 50%; flex-grow: 0; height: 20px; width: 20px;\"><\/div>\n<div style=\"width: 0; height: 0; border-top: 2px solid transparent; border-left: 6px solid #f4f4f4; border-bottom: 2px solid transparent; transform: translateX(16px) translateY(-4px) rotate(30deg);\"><\/div>\n<\/div>\n<div style=\"margin-left: auto;\">\n<div style=\"width: 0px; border-top: 8px solid #F4F4F4; border-right: 8px solid transparent; transform: translateY(16px);\"><\/div>\n<div style=\"background-color: #f4f4f4; flex-grow: 0; height: 12px; width: 16px; transform: translateY(-4px);\"><\/div>\n<div style=\"width: 0; height: 0; border-top: 8px solid #F4F4F4; border-left: 8px solid transparent; transform: translateY(-4px) translateX(8px);\"><\/div>\n<\/div>\n<\/div>\n<div style=\"display: flex; flex-direction: column; flex-grow: 1; justify-content: center; margin-bottom: 24px;\">\n<div style=\"background-color: #f4f4f4; border-radius: 4px; flex-grow: 0; height: 14px; margin-bottom: 6px; width: 224px;\"><\/div>\n<div style=\"background-color: #f4f4f4; border-radius: 4px; flex-grow: 0; height: 14px; width: 144px;\"><\/div>\n<\/div>\n<p style=\"color: #c9c8cd; font-family: Arial,sans-serif; font-size: 14px; line-height: 17px; margin-bottom: 0; margin-top: 8px; overflow: hidden; padding: 8px 0 7px; text-align: center; text-overflow: ellipsis; white-space: nowrap;\"><a style=\"color: #c9c8cd; font-family: Arial,sans-serif; font-size: 14px; font-style: normal; font-weight: normal; line-height: 17px; text-decoration: none;\" href=\"https:\/\/www.instagram.com\/p\/DAzD61BPf1S\/?utm_source=ig_embed&amp;utm_campaign=loading\" target=\"_blank\" rel=\"noopener\">Una publicaci\u00f3n compartida por Mujeres Rurales en Red (@mujeresruralesenred)<\/a><\/p>\n<\/div>\n<\/blockquote>\n<p><script async src=\"\/\/www.instagram.com\/embed.js\"><\/script><\/p>\n","protected":false},"excerpt":{"rendered":"<p>Organiza la Asociaci\u00f3n de Mujeres Rurales en Red. La segunda edici\u00f3n del Encuentro de Mujeres Rurales de Olavarr\u00eda tendr\u00e1 car\u00e1cter<\/p>\n","protected":false},"author":4,"featured_media":121532,"comment_status":"closed","ping_status":"closed","sticky":false,"template":"","format":"standard","meta":{"_jetpack_memberships_contains_paid_content":false,"footnotes":""},"categories":[5,1],"tags":[],"class_list":["post-121533","post","type-post","status-publish","format-standard","has-post-thumbnail","hentry","category-informacion-general","category-portada"],"jetpack_featured_media_url":"https:\/\/i0.wp.com\/cdnoticias.com\/wp-content\/uploads\/2024\/07\/Dia-de-la-Mujer-Rural-encuentro-de-mujeres-rurales.jpg?fit=1000%2C556&ssl=1","jetpack_sharing_enabled":true,"_links":{"self":[{"href":"https:\/\/cdnoticias.com\/index.php\/wp-json\/wp\/v2\/posts\/121533","targetHints":{"allow":["GET"]}}],"collection":[{"href":"https:\/\/cdnoticias.com\/index.php\/wp-json\/wp\/v2\/posts"}],"about":[{"href":"https:\/\/cdnoticias.com\/index.php\/wp-json\/wp\/v2\/types\/post"}],"author":[{"embeddable":true,"href":"https:\/\/cdnoticias.com\/index.php\/wp-json\/wp\/v2\/users\/4"}],"replies":[{"embeddable":true,"href":"https:\/\/cdnoticias.com\/index.php\/wp-json\/wp\/v2\/comments?post=121533"}],"version-history":[{"count":0,"href":"https:\/\/cdnoticias.com\/index.php\/wp-json\/wp\/v2\/posts\/121533\/revisions"}],"wp:featuredmedia":[{"embeddable":true,"href":"https:\/\/cdnoticias.com\/index.php\/wp-json\/wp\/v2\/media\/121532"}],"wp:attachment":[{"href":"https:\/\/cdnoticias.com\/index.php\/wp-json\/wp\/v2\/media?parent=121533"}],"wp:term":[{"taxonomy":"category","embeddable":true,"href":"https:\/\/cdnoticias.com\/index.php\/wp-json\/wp\/v2\/categories?post=121533"},{"taxonomy":"post_tag","embeddable":true,"href":"https:\/\/cdnoticias.com\/index.php\/wp-json\/wp\/v2\/tags?post=121533"}],"curies":[{"name":"wp","href":"https:\/\/api.w.org\/{rel}","templated":true}]}}