{"id":121518,"date":"2024-07-27T09:53:32","date_gmt":"2024-07-27T12:53:32","guid":{"rendered":"https:\/\/cdnoticias.com\/?p=121518"},"modified":"2024-07-27T14:02:36","modified_gmt":"2024-07-27T17:02:36","slug":"vacaciones-de-invierno-en-olavarria-las-propuestas-para-este-sabado-3","status":"publish","type":"post","link":"https:\/\/cdnoticias.com\/index.php\/2024\/07\/27\/vacaciones-de-invierno-en-olavarria-las-propuestas-para-este-sabado-3\/","title":{"rendered":"Vacaciones de invierno en Olavarr\u00eda: las propuestas para este s\u00e1bado"},"content":{"rendered":"<p>Las vacaciones se acercan a su fin. Taller de conservaci\u00f3n de especies, kermesse, show y el bus tur\u00edstico. El detalle de lugares y horarios.<!--more--><\/p>\n<hr \/>\n<p>El <strong>Municipio de Olavarr\u00eda<\/strong> difundi\u00f3 el <a href=\"https:\/\/cdnoticias.com\/index.php\/2024\/07\/12\/conoce-todas-las-actividades-de-vacaciones-de-invierno-en-olavarria\/\" target=\"_blank\" rel=\"noopener\">cronograma de propuestas<\/a> para las <strong>vacaciones de invierno<\/strong> con <em>tem\u00e1ticas de ambiente, cultura, patrimonio, arte, historia, deporte, juegos y recreaci\u00f3n, ciencia y tecnolog\u00eda<\/em>.<\/p>\n<p>La intenci\u00f3n es<strong> descubrir y redescubrir los espacios culturales<\/strong> de nuestra ciudad y las localidades y, al mismo tiempo, <strong>explorar lo mejor de nuestra regi\u00f3n<\/strong>.<\/p>\n<h3>La agenda para este s\u00e1bado:<\/h3>\n\n\n<p>14:00 y 16:00 horas. Bioparque Municipal \u201cLa M\u00e1xima\u201d (Av. Pellegrini 4200). <strong>Taller \u201cLas 3 C: conocer, cuidar y conservar\u201d <\/strong>con el objetivo conocer los alcances de los proyectos de investigaci\u00f3n y conservaci\u00f3n de tres especies aut\u00f3ctonas: pecar\u00ed de collar, c\u00f3ndor andino y guacamayo rojo. Duraci\u00f3n: 60 minutos.<\/p>\n\n\n\n<p>14:30 horas. Museo Municipal de Espigas (Calle Borges casi 30 de Octubre). <strong>Kermesse con juegos y show de la Familia Limela<\/strong>.<\/p>\n\n\n\n<p>15:00 horas. Casa del Bicentenario (Bol\u00edvar y Cerrito). <strong>Show de Mechongu\u00e9 y Las Rocker\u00edsticas.<\/strong><\/p>\n\n\n\n<p>15:00 a 18:00 horas.<strong> \u00daltima salida de la edici\u00f3n especial del Bus Tur\u00edstico: \u201cVacaciones sobre ruedas con el Bus\u201d. La Isla, El Socav\u00f3n y La Pedrera.<\/strong> Incluye actividad de <a href=\"https:\/\/cdnoticias.com\/index.php\/2024\/07\/24\/olavarria-en-vacaciones-ultima-salida-del-bus-turistico\/\" data-type=\"post\" data-id=\"121321\">trekking por La Isla y recorrido y demostraci\u00f3n de clase de tenis en La Pedrera<\/a>. INSCRIPCI\u00d3N PREVIA. Cupo m\u00e1ximo: 40 personas. <a href=\"https:\/\/docs.google.com\/forms\/d\/e\/1FAIpQLSf4z_dfLE3DR_isROFKvgAJMqR67pzm9-fI1LyihFbh9SCzrw\/closedform\" target=\"_blank\" rel=\"noreferrer noopener\">Link de inscripci\u00f3n. <\/a>Punto de partida: Centro Cultural Municipal \u201cSan Jos\u00e9\u201d (Riobamba 2949).<\/p>\n\n\n\n<p><\/p>\n\n\nLa agenda completa est\u00e1 <a href=\"https:\/\/www.olavarria.gov.ar\/wp-content\/uploads\/2024\/07\/Cronograma-Vacaciones-de-Invierno-Olavarria-Municipio.pdf\" target=\"_blank\" rel=\"noopener\">disponible en la web de la Municipalidad<\/a> y en las redes sociales <a href=\"https:\/\/www.instagram.com\/olavarriamunicipio\/?hl=es\" target=\"_blank\" rel=\"noopener\">@olavarriamunicipio<\/a> y <a href=\"https:\/\/www.instagram.com\/olavarria.va\/?hl=es\" target=\"_blank\" rel=\"noopener\">@olavarria.va<\/a>, con toda la informaci\u00f3n actualizada de eventos, horarios y sitios de inter\u00e9s.\n\n\n<figure class=\"wp-block-embed is-type-wp-embed is-provider-central-de-noticias-olavarr-a wp-block-embed-central-de-noticias-olavarr-a\"><div class=\"wp-block-embed__wrapper\">\n<blockquote class=\"wp-embedded-content\" data-secret=\"x1aRMA5ZuW\"><a href=\"https:\/\/cdnoticias.com\/index.php\/2024\/07\/25\/olavarria-en-vacaciones-muestras-permanentes-proyecciones-y-actividades-complementarias\/\">\u201cOlavarr\u00eda en vacaciones\u201d: muestras permanentes, proyecciones y actividades complementarias<\/a><\/blockquote><iframe loading=\"lazy\" class=\"wp-embedded-content\" sandbox=\"allow-scripts\" security=\"restricted\" style=\"position: absolute; visibility: hidden;\" title=\"&#8220;\u201cOlavarr\u00eda en vacaciones\u201d: muestras permanentes, proyecciones y actividades complementarias&#8221; &#8212; Central de Noticias | Olavarr\u00eda\" src=\"https:\/\/cdnoticias.com\/index.php\/2024\/07\/25\/olavarria-en-vacaciones-muestras-permanentes-proyecciones-y-actividades-complementarias\/embed\/#?secret=3DU1hUGa4r#?secret=x1aRMA5ZuW\" data-secret=\"x1aRMA5ZuW\" width=\"600\" height=\"338\" frameborder=\"0\" marginwidth=\"0\" marginheight=\"0\" scrolling=\"no\"><\/iframe>\n<\/div><\/figure>\n\n\n\n<figure class=\"wp-block-embed is-type-wp-embed is-provider-central-de-noticias-olavarr-a wp-block-embed-central-de-noticias-olavarr-a\"><div class=\"wp-block-embed__wrapper\">\n<blockquote class=\"wp-embedded-content\" data-secret=\"fnEtqcHQWe\"><a href=\"https:\/\/cdnoticias.com\/index.php\/2024\/07\/15\/vacaciones-de-invierno-con-mas-de-cien-propuestas\/\">Vacaciones de invierno con \u201cm\u00e1s de cien propuestas\u201d<\/a><\/blockquote><iframe loading=\"lazy\" class=\"wp-embedded-content\" sandbox=\"allow-scripts\" security=\"restricted\" style=\"position: absolute; visibility: hidden;\" title=\"&#8220;Vacaciones de invierno con \u201cm\u00e1s de cien propuestas\u201d&#8221; &#8212; Central de Noticias | Olavarr\u00eda\" src=\"https:\/\/cdnoticias.com\/index.php\/2024\/07\/15\/vacaciones-de-invierno-con-mas-de-cien-propuestas\/embed\/#?secret=lLYTHSzr7q#?secret=fnEtqcHQWe\" data-secret=\"fnEtqcHQWe\" width=\"600\" height=\"338\" frameborder=\"0\" marginwidth=\"0\" marginheight=\"0\" scrolling=\"no\"><\/iframe>\n<\/div><\/figure>\n","protected":false},"excerpt":{"rendered":"<p>Las vacaciones se acercan a su fin. Taller de conservaci\u00f3n de especies, kermesse, show y el bus tur\u00edstico. El detalle<\/p>\n","protected":false},"author":4,"featured_media":120779,"comment_status":"closed","ping_status":"closed","sticky":false,"template":"","format":"standard","meta":{"_jetpack_memberships_contains_paid_content":false,"footnotes":""},"categories":[9,1],"tags":[],"class_list":["post-121518","post","type-post","status-publish","format-standard","has-post-thumbnail","hentry","category-cultura","category-portada"],"jetpack_featured_media_url":"https:\/\/i0.wp.com\/cdnoticias.com\/wp-content\/uploads\/2024\/07\/bioparque-lamaxima4.jpg?fit=1143%2C636&ssl=1","jetpack_sharing_enabled":true,"_links":{"self":[{"href":"https:\/\/cdnoticias.com\/index.php\/wp-json\/wp\/v2\/posts\/121518","targetHints":{"allow":["GET"]}}],"collection":[{"href":"https:\/\/cdnoticias.com\/index.php\/wp-json\/wp\/v2\/posts"}],"about":[{"href":"https:\/\/cdnoticias.com\/index.php\/wp-json\/wp\/v2\/types\/post"}],"author":[{"embeddable":true,"href":"https:\/\/cdnoticias.com\/index.php\/wp-json\/wp\/v2\/users\/4"}],"replies":[{"embeddable":true,"href":"https:\/\/cdnoticias.com\/index.php\/wp-json\/wp\/v2\/comments?post=121518"}],"version-history":[{"count":0,"href":"https:\/\/cdnoticias.com\/index.php\/wp-json\/wp\/v2\/posts\/121518\/revisions"}],"wp:featuredmedia":[{"embeddable":true,"href":"https:\/\/cdnoticias.com\/index.php\/wp-json\/wp\/v2\/media\/120779"}],"wp:attachment":[{"href":"https:\/\/cdnoticias.com\/index.php\/wp-json\/wp\/v2\/media?parent=121518"}],"wp:term":[{"taxonomy":"category","embeddable":true,"href":"https:\/\/cdnoticias.com\/index.php\/wp-json\/wp\/v2\/categories?post=121518"},{"taxonomy":"post_tag","embeddable":true,"href":"https:\/\/cdnoticias.com\/index.php\/wp-json\/wp\/v2\/tags?post=121518"}],"curies":[{"name":"wp","href":"https:\/\/api.w.org\/{rel}","templated":true}]}}