{"id":121466,"date":"2024-07-26T17:27:16","date_gmt":"2024-07-26T20:27:16","guid":{"rendered":"https:\/\/cdnoticias.com\/?p=121466"},"modified":"2024-07-26T20:02:28","modified_gmt":"2024-07-26T23:02:28","slug":"el-gobierno-fijo-el-salario-minimo-hasta-octubre-en-que-prestaciones-impacta","status":"publish","type":"post","link":"https:\/\/cdnoticias.com\/index.php\/2024\/07\/26\/el-gobierno-fijo-el-salario-minimo-hasta-octubre-en-que-prestaciones-impacta\/","title":{"rendered":"El Gobierno fij\u00f3 el Salario M\u00ednimo hasta octubre: en qu\u00e9 prestaciones impacta"},"content":{"rendered":"\n<p>Tras fracasar las negociaciones entre empresarios y sindicatos, el Ejecutivo volvi\u00f3 a fijar los incrementos del sueldo b\u00e1sico para los pr\u00f3ximos meses.<\/p>\n\n\n\n<hr class=\"wp-block-separator has-alpha-channel-opacity\"\/>\n\n\n\n<p>Luego de no haber acuerdo entre empresarios y sindicatos en la reuni\u00f3n que mantuvo la semana pasada el <strong>Consejo del Salario M\u00ednimo, Vital y M\u00f3vil (SMVM),<\/strong> el Gobierno nacional volvi\u00f3 a establecer, por tercera vez en el a\u00f1o, los aumentos del salario m\u00ednimo que regir\u00e1n en los pr\u00f3ximos meses.<\/p>\n\n\n\n<p><\/p>\n\n\n\n<p>A trav\u00e9s de la Resoluci\u00f3n 13\/2024, publicada este viernes en el Bolet\u00edn Oficial, <strong>el Poder Ejecutivo fij\u00f3 los incrementos para el haber m\u00ednimo<\/strong>, que sirve de referencia para programas sociales. Los nuevos valores (por mes o por hora) son:<\/p>\n\n\n\n<p><\/p>\n\n\n\n<ul class=\"wp-block-list\">\n<li>A partir del 1\u00b0 de julio $ 254.231,91 o $ 1.271,16 la hora.<\/li>\n\n\n\n<li>A partir del 1\/8\/2024 $ 262.432,93 o 1.312,16 la hora.<\/li>\n\n\n\n<li>A partir del 1\/9\/2024 $ 268.056,50 o $ 1.340,28 la hora.<\/li>\n\n\n\n<li>A partir del 1\/10\/2024 $ 271.571,22 o $ 1.357.86 la hora.<\/li>\n\n\n\n<li><\/li>\n<\/ul>\n\n\n\n<p><\/p>\n\n\n\n<p>De esta manera,<strong> los valores del SMVM son apenas superiores a lo que ofrecieron los empresarios ($ 245.000), pero quedaron muy lejos del reclamo de la CGT ($ 480.000).<\/strong> Y, de acuerdo a los valores de la inflaci\u00f3n que a junio fue del 79,8%, este ingreso perdi\u00f3 claramente: en el semestre se increment\u00f3 un 50,2% al pasar a los actuales $234.315, lo que representa un deterioro del 16,5%.<\/p>\n\n\n\n<p><\/p>\n\n\n\n<p>De acuerdo a un informe del Centro de Investigaci\u00f3n y Formaci\u00f3n (CIFRA) de la Central de los Trabajadores de la Argentina (CTA), <strong>el SMVM tiene un poder de compra 32,1% menor del que ten\u00eda en noviembre del a\u00f1o pasado<\/strong>, ya que \u201clos aumentos nominales sumaron 60,5% respecto de noviembre de 2023, cuando en el mismo per\u00edodo se proyecta acumular una inflaci\u00f3n superior al 136%\u201d.<\/p>\n\n\n\n<p><\/p>\n\n\n\n<p>El salario m\u00ednimo incide en los trabajadores registrados mensualizados o jornalizados que cobran menos del salario m\u00ednimo mensual o por hora. Y de manera indirecta como referencia sobre los trabajadores no registrados o informales.<\/p>\n\n\n\n<p><\/p>\n\n\n\n<p>Adem\u00e1s, <strong>determina que los que se jubilaron con 30 o m\u00e1s a\u00f1os de aportes (sin recurrir a las moratorias) tienen derecho a cobrar el 82% del SMVM.<\/strong> Sin embargo, <strong>en esta oportunidad el 82% del SMVM de julio ($ 208.470) es inferior al haber m\u00ednimo: $ 215.580 <\/strong>por lo que no corresponde el pago de ning\u00fan adicional a esos jubilados y pensionados.<\/p>\n\n\n\n<p><\/p>\n\n\n\n<p>Asimismo, la resoluci\u00f3n estableci\u00f3 que la <strong>Prestaci\u00f3n por Desempleo<\/strong>, tanto para los trabajadores convencionados o no convencionados, ser\u00e1<strong> \u201cequivalente a un 75% del importe neto de la mejor remuneraci\u00f3n mensual, normal y habitual del trabajador en los seis meses anteriores al cese del contrato de trabajo que dio lugar a la situaci\u00f3n de desempleo\u201d.<\/strong><\/p>\n\n\n\n<p><\/p>\n\n\n\n<p>Y remarc\u00f3 que \u201c<strong>en ning\u00fan caso la prestaci\u00f3n mensual podr\u00e1 ser inferior al 50% del Salario M\u00ednimo Vital y M\u00f3vil vigente<\/strong>, ni superior al 100% del Salario M\u00ednimo Vital y M\u00f3vil vigente\u201d.<\/p>\n\n\n\n<p><\/p>\n\n\n\n<p><em>Fuente: DIB.<\/em><\/p>\n","protected":false},"excerpt":{"rendered":"<p>Tras fracasar las negociaciones entre empresarios y sindicatos, el Ejecutivo volvi\u00f3 a fijar los incrementos del sueldo b\u00e1sico para los<\/p>\n","protected":false},"author":2,"featured_media":105779,"comment_status":"closed","ping_status":"closed","sticky":false,"template":"","format":"standard","meta":{"_jetpack_memberships_contains_paid_content":false,"footnotes":""},"categories":[6,1],"tags":[],"class_list":["post-121466","post","type-post","status-publish","format-standard","has-post-thumbnail","hentry","category-nacionales","category-portada"],"jetpack_featured_media_url":"https:\/\/i0.wp.com\/cdnoticias.com\/wp-content\/uploads\/2024\/01\/cajero-plata-696x464-1.jpg?fit=696%2C464&ssl=1","jetpack_sharing_enabled":true,"_links":{"self":[{"href":"https:\/\/cdnoticias.com\/index.php\/wp-json\/wp\/v2\/posts\/121466","targetHints":{"allow":["GET"]}}],"collection":[{"href":"https:\/\/cdnoticias.com\/index.php\/wp-json\/wp\/v2\/posts"}],"about":[{"href":"https:\/\/cdnoticias.com\/index.php\/wp-json\/wp\/v2\/types\/post"}],"author":[{"embeddable":true,"href":"https:\/\/cdnoticias.com\/index.php\/wp-json\/wp\/v2\/users\/2"}],"replies":[{"embeddable":true,"href":"https:\/\/cdnoticias.com\/index.php\/wp-json\/wp\/v2\/comments?post=121466"}],"version-history":[{"count":0,"href":"https:\/\/cdnoticias.com\/index.php\/wp-json\/wp\/v2\/posts\/121466\/revisions"}],"wp:featuredmedia":[{"embeddable":true,"href":"https:\/\/cdnoticias.com\/index.php\/wp-json\/wp\/v2\/media\/105779"}],"wp:attachment":[{"href":"https:\/\/cdnoticias.com\/index.php\/wp-json\/wp\/v2\/media?parent=121466"}],"wp:term":[{"taxonomy":"category","embeddable":true,"href":"https:\/\/cdnoticias.com\/index.php\/wp-json\/wp\/v2\/categories?post=121466"},{"taxonomy":"post_tag","embeddable":true,"href":"https:\/\/cdnoticias.com\/index.php\/wp-json\/wp\/v2\/tags?post=121466"}],"curies":[{"name":"wp","href":"https:\/\/api.w.org\/{rel}","templated":true}]}}