{"id":121462,"date":"2024-07-26T10:12:42","date_gmt":"2024-07-26T13:12:42","guid":{"rendered":"https:\/\/cdnoticias.com\/?p=121462"},"modified":"2024-07-26T16:47:24","modified_gmt":"2024-07-26T19:47:24","slug":"clima-nuevo-frente-de-aire-polar-traera-bajas-marcas-termicas","status":"publish","type":"post","link":"https:\/\/cdnoticias.com\/index.php\/2024\/07\/26\/clima-nuevo-frente-de-aire-polar-traera-bajas-marcas-termicas\/","title":{"rendered":"Clima: nuevo frente de aire polar traer\u00e1 bajas marcas t\u00e9rmicas"},"content":{"rendered":"<p>El SMN adelant\u00f3 que desde este s\u00e1bado se notar\u00e1 la baja de temperatura en las provincias del centro del pa\u00eds. En Olavarr\u00eda las m\u00ednimas bajar\u00e1n hasta -3\u00ba.<!--more--><\/p>\n<hr \/>\n<p>El<strong> \u00faltimo fin de semana del mes ser\u00e1 muy fr\u00edo<\/strong> en casi todo el territorio nacional, por el <strong>ingreso de una masa de aire polar<\/strong>.<\/p>\n<p>El <strong>Servicio Meteorol\u00f3gico Nacional (SMN)<\/strong> anunci\u00f3 que <strong>una nueva masa de aire fr\u00edo se acerca a la Patagonia y a la zona centro del pa\u00eds<\/strong>, por lo que en las pr\u00f3ximas horas<strong> bajar\u00e1n las temperaturas notablemente<\/strong>.<\/p>\n<p>Con este pron\u00f3stico, se estima que <strong>el fin de semana en la provincia de Buenos Aires ser\u00e1 m\u00e1s g\u00e9lido que las \u00faltimas jornadas<\/strong>, en las que hubo marcas t\u00e9rmicas por encima de los 20 grados.<\/p>\n<blockquote class=\"twitter-tweet\">\n<p dir=\"ltr\" lang=\"es\">\ud83d\udd1c Vuelve el <a href=\"https:\/\/twitter.com\/hashtag\/fr%C3%ADo?src=hash&amp;ref_src=twsrc%5Etfw\">#fr\u00edo<\/a> a la regi\u00f3n central \ud83e\udde3\ud83e\udde4<\/p>\n<p>\u27a1\ufe0fEl paso de un frente fr\u00edo generar\u00e1 un descenso de las temperaturas a partir del s\u00e1bado en las provincias del centro del pa\u00eds, con m\u00ednimas de entre -3 \u00b0C y 5 \u00b0C \ud83e\udd76<\/p>\n<p>\ud83d\udcf2 Consult\u00e1 el pron\u00f3stico de tu localidad en <a href=\"https:\/\/t.co\/HR4LGtOd3P\">https:\/\/t.co\/HR4LGtOd3P<\/a> <a href=\"https:\/\/t.co\/pLSEyFfVxi\">pic.twitter.com\/pLSEyFfVxi<\/a><\/p>\n<p>\u2014 SMN Argentina (@SMN_Argentina) <a href=\"https:\/\/twitter.com\/SMN_Argentina\/status\/1816590142343098408?ref_src=twsrc%5Etfw\">July 25, 2024<\/a><\/p><\/blockquote>\n<p><script async src=\"https:\/\/platform.twitter.com\/widgets.js\" charset=\"utf-8\"><\/script><\/p>\n<blockquote><p>\u201cEl paso de un frente fr\u00edo generar\u00e1 un descenso de las temperaturas a partir del s\u00e1bado en las provincias del centro del pa\u00eds, con m\u00ednimas de entre -3 \u00b0C y 5 \u00b0C\u201d inform\u00f3 el SMN que ha emitido alertas por viento y por temperaturas extremas para distintas regiones patag\u00f3nicas con vigencia entre este viernes y el domingo.<\/p><\/blockquote>\n<p>Ya<strong> en la ma\u00f1ana de este jueves, las m\u00ednimas en descenso se percibieron en varios distritos bonaerenses<\/strong>, tras el paso de las lluvias y de la humedad condensada, que fueron protagonistas durante el comienzo de la semana. <strong>A partir del s\u00e1bado, con el avance del frente fr\u00edo retornar\u00e1n las heladas a la regi\u00f3n Pampeana<\/strong>, situaci\u00f3n que se mantendr\u00e1. De esta manera, <em>el mes de julio cerrar\u00e1 casi como comenz\u00f3, con condiciones clim\u00e1ticas dignas de un invierno en la zona m\u00e1s austral del hemisferio sur<\/em>.<\/p>\n<p><img data-recalc-dims=\"1\" loading=\"lazy\" decoding=\"async\" class=\"size-large wp-image-120790 aligncenter\" src=\"https:\/\/i0.wp.com\/cdnoticias.com\/wp-content\/uploads\/2024\/07\/vacaciones-de-invierno-la-maxima3.jpg?resize=800%2C445&#038;ssl=1\" alt=\"\" width=\"800\" height=\"445\" srcset=\"https:\/\/i0.wp.com\/cdnoticias.com\/wp-content\/uploads\/2024\/07\/vacaciones-de-invierno-la-maxima3.jpg?resize=1024%2C570&amp;ssl=1 1024w, https:\/\/i0.wp.com\/cdnoticias.com\/wp-content\/uploads\/2024\/07\/vacaciones-de-invierno-la-maxima3.jpg?resize=300%2C167&amp;ssl=1 300w, https:\/\/i0.wp.com\/cdnoticias.com\/wp-content\/uploads\/2024\/07\/vacaciones-de-invierno-la-maxima3.jpg?resize=768%2C428&amp;ssl=1 768w, https:\/\/i0.wp.com\/cdnoticias.com\/wp-content\/uploads\/2024\/07\/vacaciones-de-invierno-la-maxima3.jpg?resize=800%2C445&amp;ssl=1 800w, https:\/\/i0.wp.com\/cdnoticias.com\/wp-content\/uploads\/2024\/07\/vacaciones-de-invierno-la-maxima3.jpg?w=1072&amp;ssl=1 1072w\" sizes=\"auto, (max-width: 800px) 100vw, 800px\" \/><\/p>\n<blockquote><p>En el caso de Olavarr\u00eda, las marcas m\u00ednimas comenzar\u00e1n a bajar este s\u00e1bado y se mantendr\u00e1 la tendencia hasta el martes. Para el s\u00e1bado se espera una m\u00ednima de 2\u00ba y m\u00e1xima de 14 grados, mientras que para el domingo tambi\u00e9n la m\u00ednima pronosticada es 2\u00ba y la m\u00e1xima baja a 10\u00ba. Para el lunes, en tanto la m\u00ednima prevista es de -3\u00ba y para el martes, es de -2\u00ba.<\/p><\/blockquote>\n<p>En tanto, seg\u00fan indic\u00f3 el sitio especializado Meteored, <strong>donde s\u00ed se presentar\u00e1n novedades m\u00e1s relevantes entre jueves y viernes ser\u00e1 en la Patagonia<\/strong>, la cual ser\u00e1 afectada por fuertes vientos y el ingreso de una nueva masa de aire fr\u00edo de origen polar. El SMN mantiene una<strong> alerta en las provincias de Chubut, Santa Cruz y Tierra del Fuego<\/strong> por vientos del sector sur que podr\u00edan alcanzar r\u00e1fagas de entre 70 y 100 kil\u00f3metros por hora. El organismo tambi\u00e9n sostiene una advertencia de nivel amarillo por nevadas en la zona cordillerana, calculando una acumulaci\u00f3n de nieve de entre 15 y 30 cent\u00edmetros.<\/p>\n<p>Fuente: <em>con informaci\u00f3n de DIB y SMN<\/em><\/p>\n","protected":false},"excerpt":{"rendered":"<p>El SMN adelant\u00f3 que desde este s\u00e1bado se notar\u00e1 la baja de temperatura en las provincias del centro del pa\u00eds.<\/p>\n","protected":false},"author":4,"featured_media":90578,"comment_status":"closed","ping_status":"closed","sticky":false,"template":"","format":"standard","meta":{"_jetpack_memberships_contains_paid_content":false,"footnotes":""},"categories":[5,1],"tags":[],"class_list":["post-121462","post","type-post","status-publish","format-standard","has-post-thumbnail","hentry","category-informacion-general","category-portada"],"jetpack_featured_media_url":"https:\/\/i0.wp.com\/cdnoticias.com\/wp-content\/uploads\/2023\/07\/helada-frio-invierno-01.jpg?fit=800%2C445&ssl=1","jetpack_sharing_enabled":true,"_links":{"self":[{"href":"https:\/\/cdnoticias.com\/index.php\/wp-json\/wp\/v2\/posts\/121462","targetHints":{"allow":["GET"]}}],"collection":[{"href":"https:\/\/cdnoticias.com\/index.php\/wp-json\/wp\/v2\/posts"}],"about":[{"href":"https:\/\/cdnoticias.com\/index.php\/wp-json\/wp\/v2\/types\/post"}],"author":[{"embeddable":true,"href":"https:\/\/cdnoticias.com\/index.php\/wp-json\/wp\/v2\/users\/4"}],"replies":[{"embeddable":true,"href":"https:\/\/cdnoticias.com\/index.php\/wp-json\/wp\/v2\/comments?post=121462"}],"version-history":[{"count":0,"href":"https:\/\/cdnoticias.com\/index.php\/wp-json\/wp\/v2\/posts\/121462\/revisions"}],"wp:featuredmedia":[{"embeddable":true,"href":"https:\/\/cdnoticias.com\/index.php\/wp-json\/wp\/v2\/media\/90578"}],"wp:attachment":[{"href":"https:\/\/cdnoticias.com\/index.php\/wp-json\/wp\/v2\/media?parent=121462"}],"wp:term":[{"taxonomy":"category","embeddable":true,"href":"https:\/\/cdnoticias.com\/index.php\/wp-json\/wp\/v2\/categories?post=121462"},{"taxonomy":"post_tag","embeddable":true,"href":"https:\/\/cdnoticias.com\/index.php\/wp-json\/wp\/v2\/tags?post=121462"}],"curies":[{"name":"wp","href":"https:\/\/api.w.org\/{rel}","templated":true}]}}