{"id":121452,"date":"2024-07-26T09:11:27","date_gmt":"2024-07-26T12:11:27","guid":{"rendered":"https:\/\/cdnoticias.com\/?p=121452"},"modified":"2024-07-26T12:06:10","modified_gmt":"2024-07-26T15:06:10","slug":"ignacio-kovarsky-es-el-nuevo-presidente-de-carbap","status":"publish","type":"post","link":"https:\/\/cdnoticias.com\/index.php\/2024\/07\/26\/ignacio-kovarsky-es-el-nuevo-presidente-de-carbap\/","title":{"rendered":"Ignacio Kovarsky es el nuevo presidente de CARBAP"},"content":{"rendered":"<p>La entidad renov\u00f3 su consejo directivo, que tendr\u00e1 mandato hasta 2026. La Sociedad Rural de Olavarr\u00eda vot\u00f3 en la asamblea a trav\u00e9s de su representante, Sebasti\u00e1n Matrella.<!--more--><\/p>\n<hr \/>\n<p>La <strong>Confederaci\u00f3n de Asociaciones Rurales de Buenos Aires y La Pampa<\/strong> eligi\u00f3 la nueva <strong>Mesa Ejecutiva y Administrativa<\/strong> que regir\u00e1 la entidad durante el periodo 2024-2026 en una reuni\u00f3n de su Consejo Directivo realizada este jueves por la tarde.<\/p>\n<p>De la asamblea<strong> particip\u00f3 la Sociedad Rural de Olavarr\u00eda<\/strong> a trav\u00e9s de su representante,<strong> Sebasti\u00e1n Matrella<\/strong>, quien emiti\u00f3 el voto en la elecci\u00f3n.<\/p>\n<blockquote><p>De acuerdo a lo que inform\u00f3 la entidad, fue electo como presidente Ignacio Kovarsky, quien se desempe\u00f1\u00f3 en el \u00faltimo per\u00edodo como Secretario de CARBAP y anteriormente como prosecretario entre 2020 y 2022.<\/p><\/blockquote>\n<p><img data-recalc-dims=\"1\" loading=\"lazy\" decoding=\"async\" class=\"size-full wp-image-121454 aligncenter\" src=\"https:\/\/i0.wp.com\/cdnoticias.com\/wp-content\/uploads\/2024\/07\/Ignacio-Kovarsky-carbap-00.jpg?resize=800%2C444&#038;ssl=1\" alt=\"\" width=\"800\" height=\"444\" srcset=\"https:\/\/i0.wp.com\/cdnoticias.com\/wp-content\/uploads\/2024\/07\/Ignacio-Kovarsky-carbap-00.jpg?w=900&amp;ssl=1 900w, https:\/\/i0.wp.com\/cdnoticias.com\/wp-content\/uploads\/2024\/07\/Ignacio-Kovarsky-carbap-00.jpg?resize=300%2C166&amp;ssl=1 300w, https:\/\/i0.wp.com\/cdnoticias.com\/wp-content\/uploads\/2024\/07\/Ignacio-Kovarsky-carbap-00.jpg?resize=768%2C426&amp;ssl=1 768w, https:\/\/i0.wp.com\/cdnoticias.com\/wp-content\/uploads\/2024\/07\/Ignacio-Kovarsky-carbap-00.jpg?resize=800%2C445&amp;ssl=1 800w\" sizes=\"auto, (max-width: 800px) 100vw, 800px\" \/><\/p>\n<p>Al mismo tiempo<strong> ingresaron siete nuevos miembros a la Mesa Ejecutiva<\/strong>, los dirigentes <em>Hern\u00e1n Silva (Sociedad Rural de La Plata), Julio Marcelo Rodr\u00edguez (Asociaci\u00f3n Agr\u00edcola Ganadera de La Pampa), Patricia Susana Iglesias (Sociedad Rural de Bol\u00edvar), Pablo Clemente Ginestet (Asociaci\u00f3n Rural de Henderson), Fernando Ferrari (Sociedad Rural de Lobos) , Sebasti\u00e1n Sof\u00eda (Sociedad Rural de Chacabuco) y Santo Rosati (Sociedad Rural de General Lavalle).<\/em><\/p>\n<p>Reemplazan a Roberto Cittadini (Sociedad Rural de Pig\u00fc\u00e9) \u2013 quien cumpli\u00f3 funciones de vicepresidente 1-, Jorge Arocena quien cumpli\u00f3 funciones de vicepresidente 2, Federico Petreigne quien cumpli\u00f3 funciones de vicepresidente 3, Gustavo Frederking de prosecretario, Guillermo Urruty de tesorero y Guillermo Tramontini de protesorero.<\/p>\n<p><strong>\u201cNuestras felicitaciones a la nueva Comisi\u00f3n Ejecutiva- Administrativa, deseamos que lleven adelante una exitosa gesti\u00f3n\u201d<\/strong> expres\u00f3 la <strong>Sociedad Rural de Olavarr\u00eda<\/strong> tras conocerse la definici\u00f3n.<\/p>\n<blockquote class=\"instagram-media\" style=\"background: #FFF; border: 0; border-radius: 3px; box-shadow: 0 0 1px 0 rgba(0,0,0,0.5),0 1px 10px 0 rgba(0,0,0,0.15); margin: 1px; max-width: 540px; min-width: 326px; padding: 0; width: calc(100% - 2px);\" data-instgrm-captioned=\"\" data-instgrm-permalink=\"https:\/\/www.instagram.com\/p\/C93R49AB1Cf\/?utm_source=ig_embed&amp;utm_campaign=loading\" data-instgrm-version=\"14\">\n<div style=\"padding: 16px;\">\n<div style=\"display: flex; flex-direction: row; align-items: center;\">\n<div style=\"background-color: #f4f4f4; border-radius: 50%; flex-grow: 0; height: 40px; margin-right: 14px; width: 40px;\"><\/div>\n<div style=\"display: flex; flex-direction: column; flex-grow: 1; justify-content: center;\">\n<div style=\"background-color: #f4f4f4; border-radius: 4px; flex-grow: 0; height: 14px; margin-bottom: 6px; width: 100px;\"><\/div>\n<div style=\"background-color: #f4f4f4; border-radius: 4px; flex-grow: 0; height: 14px; width: 60px;\"><\/div>\n<\/div>\n<\/div>\n<div style=\"padding: 19% 0;\"><\/div>\n<div style=\"display: block; height: 50px; margin: 0 auto 12px; width: 50px;\"><\/div>\n<div style=\"padding-top: 8px;\">\n<div style=\"color: #3897f0; font-family: Arial,sans-serif; font-size: 14px; font-style: normal; font-weight: 550; line-height: 18px;\">Ver esta publicaci\u00f3n en Instagram<\/div>\n<\/div>\n<div style=\"padding: 12.5% 0;\"><\/div>\n<div style=\"display: flex; flex-direction: row; margin-bottom: 14px; align-items: center;\">\n<div>\n<div style=\"background-color: #f4f4f4; border-radius: 50%; height: 12.5px; width: 12.5px; transform: translateX(0px) translateY(7px);\"><\/div>\n<div style=\"background-color: #f4f4f4; height: 12.5px; transform: rotate(-45deg) translateX(3px) translateY(1px); width: 12.5px; flex-grow: 0; margin-right: 14px; margin-left: 2px;\"><\/div>\n<div style=\"background-color: #f4f4f4; border-radius: 50%; height: 12.5px; width: 12.5px; transform: translateX(9px) translateY(-18px);\"><\/div>\n<\/div>\n<div style=\"margin-left: 8px;\">\n<div style=\"background-color: #f4f4f4; border-radius: 50%; flex-grow: 0; height: 20px; width: 20px;\"><\/div>\n<div style=\"width: 0; height: 0; border-top: 2px solid transparent; border-left: 6px solid #f4f4f4; border-bottom: 2px solid transparent; transform: translateX(16px) translateY(-4px) rotate(30deg);\"><\/div>\n<\/div>\n<div style=\"margin-left: auto;\">\n<div style=\"width: 0px; border-top: 8px solid #F4F4F4; border-right: 8px solid transparent; transform: translateY(16px);\"><\/div>\n<div style=\"background-color: #f4f4f4; flex-grow: 0; height: 12px; width: 16px; transform: translateY(-4px);\"><\/div>\n<div style=\"width: 0; height: 0; border-top: 8px solid #F4F4F4; border-left: 8px solid transparent; transform: translateY(-4px) translateX(8px);\"><\/div>\n<\/div>\n<\/div>\n<div style=\"display: flex; flex-direction: column; flex-grow: 1; justify-content: center; margin-bottom: 24px;\">\n<div style=\"background-color: #f4f4f4; border-radius: 4px; flex-grow: 0; height: 14px; margin-bottom: 6px; width: 224px;\"><\/div>\n<div style=\"background-color: #f4f4f4; border-radius: 4px; flex-grow: 0; height: 14px; width: 144px;\"><\/div>\n<\/div>\n<p style=\"color: #c9c8cd; font-family: Arial,sans-serif; font-size: 14px; line-height: 17px; margin-bottom: 0; margin-top: 8px; overflow: hidden; padding: 8px 0 7px; text-align: center; text-overflow: ellipsis; white-space: nowrap;\"><a style=\"color: #c9c8cd; font-family: Arial,sans-serif; font-size: 14px; font-style: normal; font-weight: normal; line-height: 17px; text-decoration: none;\" href=\"https:\/\/www.instagram.com\/p\/C93R49AB1Cf\/?utm_source=ig_embed&amp;utm_campaign=loading\" target=\"_blank\" rel=\"noopener\">Una publicaci\u00f3n compartida por Sociedad Rural Olavarria Sro (@sociedadruralolavarria)<\/a><\/p>\n<\/div>\n<\/blockquote>\n<p><script async src=\"\/\/www.instagram.com\/embed.js\"><\/script><\/p>\n<h3>Nuevas autoridades<\/h3>\n<p>La <strong>mesa directiva de CARBAP<\/strong> qued\u00f3 constituida de la siguiente manera:<\/p>\n<ul>\n<li><strong>Presidente, Ignacio Kovarsky Arambarri<\/strong> (Sociedad Rural de Trenque Lauquen)<\/li>\n<\/ul>\n<p>40 a\u00f1os, en pareja con Mar\u00eda Jos\u00e9 Cuffia, sin hijos. Tercera generaci\u00f3n de productores lecheros. Ex vicepresidente y presidente del Ateneo Rural de Trenque Lauquen en 2012. Ex vocal y presidente de la Sociedad Rural de Trenque Lauquen 2017-2019, 2021-2023. M\u00e9dico Veterinario UNLP 2008, especializaci\u00f3n producci\u00f3n lechera UBA 2011. Gerente administrador de empresa agr\u00edcola ganadera de accionistas italianos, asesor ganadero externo en rodeos de carne.Liderando el cambio 2020 (Eres Agro), CEIDA 2023 (Centro de Estudios e Investigaci\u00f3n para la Dirigencia Agroindustrial). Actualmente cursando diplomatura en pol\u00edticas p\u00fablicas CRA-UCA. Ex prosecretario entre 2020 y 2022 y ex secretario de CARBAP entre 2022 y 2024.<\/p>\n<ul>\n<li><strong>Vicepresidente 1, Hernan Silva<\/strong> (Sociedad Rural de La Plata)<\/li>\n<\/ul>\n<p>62 a\u00f1os, casado, m\u00e9dico veterinario 1986, productor ganadero, cr\u00eda, due\u00f1o y director t\u00e9cnico vet lataba, coordinador ONCCA l\u00e1cteos, director provincial de ganader\u00eda, actual presidente sociedad rural de la plata,3er mandato.<\/p>\n<ul>\n<li><strong>Vicepresidente 2, Julio Marcelo Rodr\u00edguez<\/strong> (Asociaci\u00f3n Agr\u00edcola Ganadera de La Pampa)<\/li>\n<\/ul>\n<p>59 a\u00f1os, casado, tres hijos. Productor agropecuario en actividad. Vicepresidente primero de la Asociaci\u00f3n Agr\u00edcola Ganadera de La Pampa de los per\u00edodos 2018\/2021. Presidente de la Asociaci\u00f3n Agr\u00edcola Ganadera de La Pampa per\u00edodo 2021\/ 2023, actualmente vicepresidente de dicha Asociaci\u00f3n. Actualmente presidente de Comisi\u00f3n de Enlace de las Rurales de La Pampa desde 2022. Delegado en CARBAP representando a La Asociaci\u00f3n Agr\u00edcola Ganadera de La Pampa.<\/p>\n<ul>\n<li><strong>Vicepresidente 3, Patricia Susana Iglesias<\/strong> (Sociedad Rural de Bol\u00edvar)<\/li>\n<\/ul>\n<p>62 a\u00f1os, 1 hija, Viuda. Productora agropecuaria. Directora en la Asociaci\u00f3n Argentina de Angus, Administradora de El Cabildo. 2009 CD Sociedad Rural de Bol\u00edvar. San Carlos de Bol\u00edvar<\/p>\n<ul>\n<li><strong>Secretario, Pablo Clemente Ginestet<\/strong> (Asociaci\u00f3n Rural de Henderson)<\/li>\n<\/ul>\n<p>47 a\u00f1os, 1 hijo. Productor agropecuario, Lic. en Econom\u00eda y Administraci\u00f3n Agraria. Ex Presidente de la Asociaci\u00f3n Rural de Henderson de 2014 a 2020. Prosecretario de Carbap 2018-2020 y ex vicepresidente 1 de CARBAP entre 2020 y2022. Actual coordinador de las comisiones de Medio ambiente y granos de CARBAP y de Agricultura de CRA. Delegado en CRA y CARBAP en C\u00e1mara Arbitral de cereales y la Bolsa de cereales de bs As, delegado de CRA en la CONASE y ante la CENEIDA<\/p>\n<ul>\n<li><strong>Prosecretario, Fernando Ferrari<\/strong> (Sociedad Rural de Lobos)<\/li>\n<\/ul>\n<p>63 a\u00f1os. Casado. 3 hijos. M\u00e9dico Veterinario (1984) Coordinador Ente Sanitario Lobos. Gerente Sociedad Rural de Lobos. Delegado en Carbap Sociedad Rural de Lobos (2004). Actual coordinador Mesa de Carnes y Sanidad de Carbap. Delegado por Carbap en la Mesa de Carnes de Cra(2016). Ceida (1987) L\u00edder Crea 2013. Concejal de Juntos por el Cambio 2023-2027.<\/p>\n<ul>\n<li><strong>Prosecretario, Sebasti\u00e1n Julio Sof\u00eda<\/strong> (Sociedad Rural de Chacabuco)<\/li>\n<\/ul>\n<p>50 a\u00f1os. Tres hijos. Productor agr\u00edcola ganadero. Presidente de la sociedad rural de Chacabuco. Forma parte de la instituci\u00f3n desde el 2009.<\/p>\n<ul>\n<li><strong>Tesorero, Carlos Miguel Bilbao<\/strong> (Sociedad Rural de Guamini)<\/li>\n<\/ul>\n<p>58 a\u00f1os, casado con Viviana, una hija (Bernarda). Economista Agropecuario, Socio de empresas familiares de tercera generaci\u00f3n. Presidente de la Rural del Partido de Guamini 2001 al 2007, hoy vocal. Concejal por el Pro del 2009 al 2013 y presidente del Pro de Trenque Lauquen del 2009 al 2017 Prosecretario de de Carbap 2022\/24. Responsable de seguimiento parlamentario y representante de CRA en Barbechando.<\/p>\n<ul>\n<li><strong>Protesorero, Santo Alberto Rosati<\/strong> (Sociedad Rural de General Lavalle)<\/li>\n<\/ul>\n<p>75 a\u00f1os, casado, dos hijos, abogado, secretario Sociedad Rural de Gral. Lavalle, Concejal Suplente del Consejo Deliberante de Gral. Lavalle, productor ganadero en actividad delegado ante Carbap por la Sociedad Rural de Gral. Lavalle, Vicepresidente de la Comisi\u00f3n H\u00eddrica y Vial de Gral. Lavalle, Presidente de La Modesta S.A.<\/p>\n<p>Fuente: <em>con informaci\u00f3n de Agencia DIB<\/em><\/p>\n","protected":false},"excerpt":{"rendered":"<p>La entidad renov\u00f3 su consejo directivo, que tendr\u00e1 mandato hasta 2026. La Sociedad Rural de Olavarr\u00eda vot\u00f3 en la asamblea<\/p>\n","protected":false},"author":4,"featured_media":121453,"comment_status":"closed","ping_status":"closed","sticky":false,"template":"","format":"standard","meta":{"_jetpack_memberships_contains_paid_content":false,"footnotes":""},"categories":[5,1],"tags":[],"class_list":["post-121452","post","type-post","status-publish","format-standard","has-post-thumbnail","hentry","category-informacion-general","category-portada"],"jetpack_featured_media_url":"https:\/\/i0.wp.com\/cdnoticias.com\/wp-content\/uploads\/2024\/07\/Ignacio-Kovarsky-carbap-01.jpg?fit=800%2C444&ssl=1","jetpack_sharing_enabled":true,"_links":{"self":[{"href":"https:\/\/cdnoticias.com\/index.php\/wp-json\/wp\/v2\/posts\/121452","targetHints":{"allow":["GET"]}}],"collection":[{"href":"https:\/\/cdnoticias.com\/index.php\/wp-json\/wp\/v2\/posts"}],"about":[{"href":"https:\/\/cdnoticias.com\/index.php\/wp-json\/wp\/v2\/types\/post"}],"author":[{"embeddable":true,"href":"https:\/\/cdnoticias.com\/index.php\/wp-json\/wp\/v2\/users\/4"}],"replies":[{"embeddable":true,"href":"https:\/\/cdnoticias.com\/index.php\/wp-json\/wp\/v2\/comments?post=121452"}],"version-history":[{"count":0,"href":"https:\/\/cdnoticias.com\/index.php\/wp-json\/wp\/v2\/posts\/121452\/revisions"}],"wp:featuredmedia":[{"embeddable":true,"href":"https:\/\/cdnoticias.com\/index.php\/wp-json\/wp\/v2\/media\/121453"}],"wp:attachment":[{"href":"https:\/\/cdnoticias.com\/index.php\/wp-json\/wp\/v2\/media?parent=121452"}],"wp:term":[{"taxonomy":"category","embeddable":true,"href":"https:\/\/cdnoticias.com\/index.php\/wp-json\/wp\/v2\/categories?post=121452"},{"taxonomy":"post_tag","embeddable":true,"href":"https:\/\/cdnoticias.com\/index.php\/wp-json\/wp\/v2\/tags?post=121452"}],"curies":[{"name":"wp","href":"https:\/\/api.w.org\/{rel}","templated":true}]}}