{"id":121434,"date":"2024-07-25T19:00:11","date_gmt":"2024-07-25T22:00:11","guid":{"rendered":"https:\/\/cdnoticias.com\/?p=121434"},"modified":"2024-07-25T20:13:31","modified_gmt":"2024-07-25T23:13:31","slug":"concejales-pro-proponen-bajar-un-50-el-pago-de-la-tasa-de-seguridad-e-higiene","status":"publish","type":"post","link":"https:\/\/cdnoticias.com\/index.php\/2024\/07\/25\/concejales-pro-proponen-bajar-un-50-el-pago-de-la-tasa-de-seguridad-e-higiene\/","title":{"rendered":"Concejales PRO proponen bajar un 50% el pago de la Tasa de Seguridad e Higiene"},"content":{"rendered":"\n<p>El pr\u00f3ximo lunes presentar\u00e1n el proyecto de Ordenanza. \u201cSabemos que se vive una situaci\u00f3n compleja y creemos que desde el Estado Municipal se puede brindar alg\u00fan acompa\u00f1amiento\u201d expresaron los ediles.<\/p>\n\n\n\n<hr class=\"wp-block-separator aligncenter has-alpha-channel-opacity\"\/>\n\n\n\n<p>Concejales PRO presentar\u00e1n -el pr\u00f3ximo lunes en el Honorable Concejo Deliberante- un proyecto de Ordenanza con el fin de <strong>eximir en un 50% el pago de la Tasa de Seguridad e Higiene.<\/strong><\/p>\n\n\n\n<p><\/p>\n\n\n\n<blockquote class=\"wp-block-quote is-layout-flow wp-block-quote-is-layout-flow\">\n<p>Este proyecto tiene como destinatarios aquellos comerciantes alcanzados en la categor\u00eda fija y para aquellos contribuyentes incluidos en la categor\u00eda general, cuyos ingresos anuales durante el Ejercicio 2023 no hayan superado los doscientos millones de pesos ($200.000.000.-), para la liquidaci\u00f3n de las cuotas correspondientes a los periodos de agosto a diciembre de 2024.<\/p>\n<\/blockquote>\n\n\n\n<p><\/p>\n\n\n\n<p>\u201cSabemos que <strong>se vive una situaci\u00f3n compleja y creemos que desde el Estado Municipal se puede brindar alg\u00fan acompa\u00f1amiento.<\/strong> <strong>Ya lo implementamos cuando fuimos gesti\u00f3n con Ezequiel Galli y dio resultado positivo<\/strong>, por eso sostenemos que es una herramienta efectiva para beneficiar a un importante sector olavarriense, de los principales motores del desarrollo econ\u00f3mico del Partido de Olavarr\u00eda\u201d, remarcaron los ediles PRO.<\/p>\n\n\n\n<p><\/p>\n\n\n\n<p>Por \u00faltimo, se\u00f1alaron que <strong><em>\u201cen las propias palabras del Intendente Wesner, se inform\u00f3 que m\u00e1s de 200 negocios bajaron sus persianas en lo que va de este a\u00f1o. Es momento de cuidar a las empresas y comercios y ponerle el hombro a los olavarrienses que la pelean todos los d\u00edas para evitar que se pierdan m\u00e1s fuentes laborales\u201d.<\/em><\/strong><\/p>\n\n\n\n<p><\/p>\n","protected":false},"excerpt":{"rendered":"<p>El pr\u00f3ximo lunes presentar\u00e1n el proyecto de Ordenanza. \u201cSabemos que se vive una situaci\u00f3n compleja y creemos que desde el<\/p>\n","protected":false},"author":6,"featured_media":117852,"comment_status":"closed","ping_status":"closed","sticky":false,"template":"","format":"standard","meta":{"_jetpack_memberships_contains_paid_content":false,"footnotes":""},"categories":[4,1],"tags":[],"class_list":["post-121434","post","type-post","status-publish","format-standard","has-post-thumbnail","hentry","category-politica","category-portada"],"jetpack_featured_media_url":"https:\/\/i0.wp.com\/cdnoticias.com\/wp-content\/uploads\/2024\/06\/HCD-bloque-Pro-00.jpg?fit=700%2C389&ssl=1","jetpack_sharing_enabled":true,"_links":{"self":[{"href":"https:\/\/cdnoticias.com\/index.php\/wp-json\/wp\/v2\/posts\/121434","targetHints":{"allow":["GET"]}}],"collection":[{"href":"https:\/\/cdnoticias.com\/index.php\/wp-json\/wp\/v2\/posts"}],"about":[{"href":"https:\/\/cdnoticias.com\/index.php\/wp-json\/wp\/v2\/types\/post"}],"author":[{"embeddable":true,"href":"https:\/\/cdnoticias.com\/index.php\/wp-json\/wp\/v2\/users\/6"}],"replies":[{"embeddable":true,"href":"https:\/\/cdnoticias.com\/index.php\/wp-json\/wp\/v2\/comments?post=121434"}],"version-history":[{"count":0,"href":"https:\/\/cdnoticias.com\/index.php\/wp-json\/wp\/v2\/posts\/121434\/revisions"}],"wp:featuredmedia":[{"embeddable":true,"href":"https:\/\/cdnoticias.com\/index.php\/wp-json\/wp\/v2\/media\/117852"}],"wp:attachment":[{"href":"https:\/\/cdnoticias.com\/index.php\/wp-json\/wp\/v2\/media?parent=121434"}],"wp:term":[{"taxonomy":"category","embeddable":true,"href":"https:\/\/cdnoticias.com\/index.php\/wp-json\/wp\/v2\/categories?post=121434"},{"taxonomy":"post_tag","embeddable":true,"href":"https:\/\/cdnoticias.com\/index.php\/wp-json\/wp\/v2\/tags?post=121434"}],"curies":[{"name":"wp","href":"https:\/\/api.w.org\/{rel}","templated":true}]}}