{"id":121371,"date":"2024-07-25T11:09:23","date_gmt":"2024-07-25T14:09:23","guid":{"rendered":"https:\/\/cdnoticias.com\/?p=121371"},"modified":"2024-07-26T07:38:44","modified_gmt":"2024-07-26T10:38:44","slug":"robo-dinero-y-celulares-del-interior-de-un-comercio-fue-atrapado","status":"publish","type":"post","link":"https:\/\/cdnoticias.com\/index.php\/2024\/07\/25\/robo-dinero-y-celulares-del-interior-de-un-comercio-fue-atrapado\/","title":{"rendered":"Rob\u00f3 dinero y celulares del interior de un comercio: fue atrapado"},"content":{"rendered":"\n<p>Ocurri\u00f3 en un local ubicado en Bol\u00edvar al 3700. El hombre salt\u00f3 una reja y barrete\u00f3 una ventana para ingresar.<\/p>\n\n\n\n<hr class=\"wp-block-separator has-alpha-channel-opacity\"\/>\n\n\n\n<p>Un joven de 20 a\u00f1os fue aprehendido por personal del Comando de Patrullas luego de <strong>ingresar a un comercio y robar dinero en efectivo y dos celulares.<\/strong><\/p>\n\n\n\n<p><\/p>\n\n\n\n<p>El hecho ocurri\u00f3 en un local de venta de productos l\u00e1cteos ubicado en<strong> Bol\u00edvar al 3700.<\/strong> Seg\u00fan se indic\u00f3, <strong>el joven salt\u00f3 una reja de entrada y violent\u00f3 una ventana <\/strong>para ingresar.<\/p>\n\n\n\n<p><\/p>\n\n\n\n<figure class=\"wp-block-image size-full\"><img data-recalc-dims=\"1\" loading=\"lazy\" decoding=\"async\" width=\"800\" height=\"445\" src=\"https:\/\/i0.wp.com\/cdnoticias.com\/wp-content\/uploads\/2024\/07\/aprehendido1.png?resize=800%2C445&#038;ssl=1\" alt=\"\" class=\"wp-image-121372\" srcset=\"https:\/\/i0.wp.com\/cdnoticias.com\/wp-content\/uploads\/2024\/07\/aprehendido1.png?w=800&amp;ssl=1 800w, https:\/\/i0.wp.com\/cdnoticias.com\/wp-content\/uploads\/2024\/07\/aprehendido1.png?resize=300%2C167&amp;ssl=1 300w, https:\/\/i0.wp.com\/cdnoticias.com\/wp-content\/uploads\/2024\/07\/aprehendido1.png?resize=768%2C427&amp;ssl=1 768w\" sizes=\"auto, (max-width: 800px) 100vw, 800px\" \/><\/figure>\n\n\n\n<p><\/p>\n\n\n\n<p>Personal del Comando de Patrullas logr\u00f3 atraparlo y <strong>secuestr\u00f3 una bicicleta y una barreta de hierro.<\/strong><\/p>\n\n\n\n<p><\/p>\n\n\n\n<p>El aprehendido fue trasladado a la Comisar\u00eda Primera a disposici\u00f3n de la UFI N\u00b0 7. La causa est\u00e1 caratulada como<strong> \u201crobo infraganti delito agravado por escalamiento\u201d.<\/strong><\/p>\n","protected":false},"excerpt":{"rendered":"<p>Ocurri\u00f3 en un local ubicado en Bol\u00edvar al 3700. El hombre salt\u00f3 una reja y barrete\u00f3 una ventana para ingresar.<\/p>\n","protected":false},"author":2,"featured_media":121373,"comment_status":"closed","ping_status":"closed","sticky":false,"template":"","format":"standard","meta":{"_jetpack_memberships_contains_paid_content":false,"footnotes":""},"categories":[14,1],"tags":[],"class_list":["post-121371","post","type-post","status-publish","format-standard","has-post-thumbnail","hentry","category-policiales","category-portada"],"jetpack_featured_media_url":"https:\/\/i0.wp.com\/cdnoticias.com\/wp-content\/uploads\/2024\/07\/aprehendido2.png?fit=800%2C445&ssl=1","jetpack_sharing_enabled":true,"_links":{"self":[{"href":"https:\/\/cdnoticias.com\/index.php\/wp-json\/wp\/v2\/posts\/121371","targetHints":{"allow":["GET"]}}],"collection":[{"href":"https:\/\/cdnoticias.com\/index.php\/wp-json\/wp\/v2\/posts"}],"about":[{"href":"https:\/\/cdnoticias.com\/index.php\/wp-json\/wp\/v2\/types\/post"}],"author":[{"embeddable":true,"href":"https:\/\/cdnoticias.com\/index.php\/wp-json\/wp\/v2\/users\/2"}],"replies":[{"embeddable":true,"href":"https:\/\/cdnoticias.com\/index.php\/wp-json\/wp\/v2\/comments?post=121371"}],"version-history":[{"count":0,"href":"https:\/\/cdnoticias.com\/index.php\/wp-json\/wp\/v2\/posts\/121371\/revisions"}],"wp:featuredmedia":[{"embeddable":true,"href":"https:\/\/cdnoticias.com\/index.php\/wp-json\/wp\/v2\/media\/121373"}],"wp:attachment":[{"href":"https:\/\/cdnoticias.com\/index.php\/wp-json\/wp\/v2\/media?parent=121371"}],"wp:term":[{"taxonomy":"category","embeddable":true,"href":"https:\/\/cdnoticias.com\/index.php\/wp-json\/wp\/v2\/categories?post=121371"},{"taxonomy":"post_tag","embeddable":true,"href":"https:\/\/cdnoticias.com\/index.php\/wp-json\/wp\/v2\/tags?post=121371"}],"curies":[{"name":"wp","href":"https:\/\/api.w.org\/{rel}","templated":true}]}}