{"id":121362,"date":"2024-07-25T07:59:41","date_gmt":"2024-07-25T10:59:41","guid":{"rendered":"https:\/\/cdnoticias.com\/?p=121362"},"modified":"2024-07-25T09:36:37","modified_gmt":"2024-07-25T12:36:37","slug":"vacaciones-de-invierno-en-olavarria-las-propuestas-para-este-jueves-2","status":"publish","type":"post","link":"https:\/\/cdnoticias.com\/index.php\/2024\/07\/25\/vacaciones-de-invierno-en-olavarria-las-propuestas-para-este-jueves-2\/","title":{"rendered":"Vacaciones de invierno en Olavarr\u00eda: las propuestas para este jueves"},"content":{"rendered":"\n<p>Visitas guiadas, talleres y circo entre las actividades previstas por el Municipio para la jornada.<\/p>\n\n\n\n<hr class=\"wp-block-separator has-alpha-channel-opacity\"\/>\n\n\n\n<p>El Municipio de Olavarr\u00eda difundi\u00f3 el cronograma de <a href=\"https:\/\/cdnoticias.com\/index.php\/2024\/07\/12\/conoce-todas-las-actividades-de-vacaciones-de-invierno-en-olavarria\/\" data-type=\"link\" data-id=\"https:\/\/cdnoticias.com\/index.php\/2024\/07\/12\/conoce-todas-las-actividades-de-vacaciones-de-invierno-en-olavarria\/\">propuestas para las vacaciones de invierno<\/a> con tem\u00e1ticas de ambiente, cultura, patrimonio, arte, historia, deporte, juegos y recreaci\u00f3n, ciencia y tecnolog\u00eda.<\/p>\n\n\n\n<p><\/p>\n\n\n\n<p><strong>La agenda de este jueves 25 de julio:<\/strong><\/p>\n\n\n\n<p><\/p>\n\n\n\n<p>14:00 a 16:00 horas. Centro Interdisciplinario de Investigaci\u00f3n y Tecnolog\u00eda (CIIT) en el Museo de las Ciencias (Av. Pellegrini 4200). Mundo Robot. Esta propuesta pretende poner manos a la obra para compartir en familia un momento de entretenimiento. Se podr\u00e1n colorear im\u00e1genes de robots o armar robots de papel que se llevar\u00e1n a sus hogares.<\/p>\n\n\n\n<p><\/p>\n\n\n\n<p><strong>14:00 y 16:00 horas. Bioparque Municipal \u201cLa M\u00e1xima\u201d<\/strong> (Av. Pellegrini 4200). Taller \u201cLas 3 C: conocer, cuidar y conservar\u201d con el objetivo conocer los alcances de los proyectos de investigaci\u00f3n y conservaci\u00f3n de tres especies aut\u00f3ctonas: pecar\u00ed de collar, c\u00f3ndor andino y guacamayo rojo. Duraci\u00f3n: 60 minutos.<\/p>\n\n\n\n<p><\/p>\n\n\n\n<p><strong>15:00 horas. Museo Municipal de los Alemanes del Volga \u201cAriel Chi\u00e9rico\u201d de Colonia Hinojo<\/strong> (Av. De los Fundadores y Juan Scharle). Taller \u201cDibujando\u201d, a cargo del ilustrador Diego Sequeira.<\/p>\n\n\n\n<p><\/p>\n\n\n\n<p><strong>15:00 horas. Museo Hogar Municipal de Loma Negra<\/strong> (Sarmiento 830). Cine de invierno, actividad conjunta con el CAPS de Loma Negra.<\/p>\n\n\n\n<p><\/p>\n\n\n\n<p><strong>15:00 horas. Museo D\u00e1maso Arce (<\/strong>San Mart\u00edn 2862). Taller \u201cEscudados\u201d. INSCRIPCI\u00d3N PREVIA. Cupo m\u00e1ximo: 20 personas. <a href=\"https:\/\/docs.google.com\/forms\/d\/e\/1FAIpQLScevL9YVY50-HJUz8HFxiWIwnH3dBOSoNA9TC6VCoOUPM6-DQ\/viewform\" data-type=\"link\" data-id=\"https:\/\/docs.google.com\/forms\/d\/e\/1FAIpQLScevL9YVY50-HJUz8HFxiWIwnH3dBOSoNA9TC6VCoOUPM6-DQ\/viewform\">Link de inscripci\u00f3n<\/a><\/p>\n\n\n\n<p><\/p>\n\n\n\n<p><strong>15:00 horas. Museo Municipal \u201cHermanos Emiliozzi\u201d<\/strong> (Necochea 3229). Juego \u201cBuscando a los Emiliozzi\u201d, a partir de ilustraciones y consignas. INSCRIPCI\u00d3N PREVIA. Cupo m\u00e1ximo: 20 personas. <a href=\"https:\/\/docs.google.com\/forms\/d\/e\/1FAIpQLScd58lpF74yXXMkhfsmcDJUVRlUdUZnTx9kcXHkvOjNXsi2xA\/viewform\" data-type=\"link\" data-id=\"https:\/\/docs.google.com\/forms\/d\/e\/1FAIpQLScd58lpF74yXXMkhfsmcDJUVRlUdUZnTx9kcXHkvOjNXsi2xA\/viewform\">Link de inscripci\u00f3n<\/a><\/p>\n\n\n\n<p><\/p>\n\n\n\n<p><strong>15:00 horas. Villa Aurora <\/strong>(Los Gladiolos 2285). Clase de Freestyle.<\/p>\n\n\n\n<p><\/p>\n\n\n\n<p><strong>15:00 horas. Centro Cultural de Sierras Bayas<\/strong> (Julio Argentina Roca y Colombo). Show de Circo Tab\u00fa.<\/p>\n\n\n\n<p><\/p>\n\n\n\n<p><strong>15:00 horas. Casa del Bicentenario<\/strong> (Bol\u00edvar y Cerrito). Taller de origami.<\/p>\n\n\n\n<p><\/p>\n\n\n\n<p><strong>16:00 horas. Bioparque Municipal \u201cLa M\u00e1xima\u201d <\/strong>(Av. Pellegrini 4200). El Dr. Juan Pablo Arrabal, brindar\u00e1 una charla sobre el \u00abProyecto Yaguaret\u00e9\u00bb que se est\u00e1 llevando a cabo en las provincias de Misiones y Chaco. Duraci\u00f3n: 60 MINUTOS.<\/p>\n","protected":false},"excerpt":{"rendered":"<p>Visitas guiadas, talleres y circo entre las actividades previstas por el Municipio para la jornada. El Municipio de Olavarr\u00eda difundi\u00f3<\/p>\n","protected":false},"author":2,"featured_media":120787,"comment_status":"closed","ping_status":"closed","sticky":false,"template":"","format":"standard","meta":{"_jetpack_memberships_contains_paid_content":false,"footnotes":""},"categories":[9,1],"tags":[],"class_list":["post-121362","post","type-post","status-publish","format-standard","has-post-thumbnail","hentry","category-cultura","category-portada"],"jetpack_featured_media_url":"https:\/\/i0.wp.com\/cdnoticias.com\/wp-content\/uploads\/2024\/07\/vacaciones-de-invierno-la-maxima.jpg?fit=1072%2C597&ssl=1","jetpack_sharing_enabled":true,"_links":{"self":[{"href":"https:\/\/cdnoticias.com\/index.php\/wp-json\/wp\/v2\/posts\/121362","targetHints":{"allow":["GET"]}}],"collection":[{"href":"https:\/\/cdnoticias.com\/index.php\/wp-json\/wp\/v2\/posts"}],"about":[{"href":"https:\/\/cdnoticias.com\/index.php\/wp-json\/wp\/v2\/types\/post"}],"author":[{"embeddable":true,"href":"https:\/\/cdnoticias.com\/index.php\/wp-json\/wp\/v2\/users\/2"}],"replies":[{"embeddable":true,"href":"https:\/\/cdnoticias.com\/index.php\/wp-json\/wp\/v2\/comments?post=121362"}],"version-history":[{"count":0,"href":"https:\/\/cdnoticias.com\/index.php\/wp-json\/wp\/v2\/posts\/121362\/revisions"}],"wp:featuredmedia":[{"embeddable":true,"href":"https:\/\/cdnoticias.com\/index.php\/wp-json\/wp\/v2\/media\/120787"}],"wp:attachment":[{"href":"https:\/\/cdnoticias.com\/index.php\/wp-json\/wp\/v2\/media?parent=121362"}],"wp:term":[{"taxonomy":"category","embeddable":true,"href":"https:\/\/cdnoticias.com\/index.php\/wp-json\/wp\/v2\/categories?post=121362"},{"taxonomy":"post_tag","embeddable":true,"href":"https:\/\/cdnoticias.com\/index.php\/wp-json\/wp\/v2\/tags?post=121362"}],"curies":[{"name":"wp","href":"https:\/\/api.w.org\/{rel}","templated":true}]}}