{"id":121344,"date":"2024-07-26T18:00:12","date_gmt":"2024-07-26T21:00:12","guid":{"rendered":"https:\/\/cdnoticias.com\/?p=121344"},"modified":"2024-07-26T18:00:15","modified_gmt":"2024-07-26T21:00:15","slug":"convocatoria-para-feriantes-en-el-marco-del-dia-de-las-infancias","status":"publish","type":"post","link":"https:\/\/cdnoticias.com\/index.php\/2024\/07\/26\/convocatoria-para-feriantes-en-el-marco-del-dia-de-las-infancias\/","title":{"rendered":"Convocatoria para feriantes en el marco del D\u00eda de las Infancias"},"content":{"rendered":"\n<p>La inscripci\u00f3n se realizar\u00e1 de manera presencial en la Secretar\u00eda de Desarrollo Econ\u00f3mico por orden de llegada, hasta que se completen los cupos disponibles.<\/p>\n\n\n\n<hr class=\"wp-block-separator aligncenter has-alpha-channel-opacity\"\/>\n\n\n\n<p>El Municipio de Olavarr\u00eda, a trav\u00e9s de la Coordinaci\u00f3n de Econom\u00eda Popular de la Secretar\u00eda de Desarrollo Econ\u00f3mico y Productivo <strong>convoca a feriantes, en el marco de la feria en v\u00edsperas del D\u00eda de las Infancias.<\/strong><\/p>\n\n\n\n<p><\/p>\n\n\n\n<p>La propuesta se desarrollar\u00e1 el <strong>s\u00e1bado 10 de agosto, de 13:00 a 17:00 horas,<\/strong> en la <strong>Plaza Aguado<\/strong> ubicada en avenida Del Valle y Brown, donde participar\u00e1n tambi\u00e9n los productores de <strong>Mercados Bonaerenses.<\/strong><\/p>\n\n\n\n<p><\/p>\n\n\n\n<blockquote class=\"wp-block-quote is-layout-flow wp-block-quote-is-layout-flow\">\n<p>La inscripci\u00f3n se realizar\u00e1 de manera presencial en la Secretar\u00eda de Desarrollo Econ\u00f3mico (Moreno 2765) de 8:00 a 14:00 horas, por orden de llegada, hasta que se completen los cupos disponibles. En caso de que estos se agoten, se permitir\u00e1 la inscripci\u00f3n en calidad de suplente.<\/p>\n<\/blockquote>\n\n\n\n<p><\/p>\n\n\n\n<p>Es importante destacar que <strong>la inscripci\u00f3n no garantiza autom\u00e1ticamente la participaci\u00f3n en la feria<\/strong>. La confirmaci\u00f3n oficial ser\u00e1 comunicada por la Coordinaci\u00f3n de Econom\u00eda Popular.<\/p>\n\n\n\n<p><\/p>\n\n\n\n<p>Se requiere que los participantes cumplan con ciertos requisitos, dependiendo de su rubro, que incluyen actividades de producci\u00f3n\/intervenci\u00f3n y prestaciones de servicio.<\/p>\n\n\n\n<p><\/p>\n\n\n\n<p>En el caso de aquellos que se dedican a la elaboraci\u00f3n de alimentos, se solicita la presentaci\u00f3n del Certificado REPUPA, PUPAA, Puesto Fijo y\/o Habilitaci\u00f3n Municipal correspondiente.<\/p>\n\n\n\n<p><\/p>\n\n\n\n<p>Por \u00faltimo, es <strong>requisito obligatorio estar inscripto en el Registro Municipal de Emprendedores y Trabajadores de la Econom\u00eda Popular <\/strong>que se puede realizar en el<a href=\"https:\/\/docs.google.com\/forms\/d\/e\/1FAIpQLSeILU4JR44cbf2Kn92oLPHaOI9wxoe9urYPepbOcj98TNI1NA\/viewform\" target=\"_blank\" rel=\"noreferrer noopener\"> siguiente link.<\/a><\/p>\n\n\n\n<p><\/p>\n","protected":false},"excerpt":{"rendered":"<p>La inscripci\u00f3n se realizar\u00e1 de manera presencial en la Secretar\u00eda de Desarrollo Econ\u00f3mico por orden de llegada, hasta que se<\/p>\n","protected":false},"author":6,"featured_media":106637,"comment_status":"closed","ping_status":"closed","sticky":false,"template":"","format":"standard","meta":{"_jetpack_memberships_contains_paid_content":false,"footnotes":""},"categories":[9,1],"tags":[],"class_list":["post-121344","post","type-post","status-publish","format-standard","has-post-thumbnail","hentry","category-cultura","category-portada"],"jetpack_featured_media_url":"https:\/\/i0.wp.com\/cdnoticias.com\/wp-content\/uploads\/2024\/01\/atardecer-de-feria-16-scaled.jpg?fit=2560%2C1424&ssl=1","jetpack_sharing_enabled":true,"_links":{"self":[{"href":"https:\/\/cdnoticias.com\/index.php\/wp-json\/wp\/v2\/posts\/121344","targetHints":{"allow":["GET"]}}],"collection":[{"href":"https:\/\/cdnoticias.com\/index.php\/wp-json\/wp\/v2\/posts"}],"about":[{"href":"https:\/\/cdnoticias.com\/index.php\/wp-json\/wp\/v2\/types\/post"}],"author":[{"embeddable":true,"href":"https:\/\/cdnoticias.com\/index.php\/wp-json\/wp\/v2\/users\/6"}],"replies":[{"embeddable":true,"href":"https:\/\/cdnoticias.com\/index.php\/wp-json\/wp\/v2\/comments?post=121344"}],"version-history":[{"count":0,"href":"https:\/\/cdnoticias.com\/index.php\/wp-json\/wp\/v2\/posts\/121344\/revisions"}],"wp:featuredmedia":[{"embeddable":true,"href":"https:\/\/cdnoticias.com\/index.php\/wp-json\/wp\/v2\/media\/106637"}],"wp:attachment":[{"href":"https:\/\/cdnoticias.com\/index.php\/wp-json\/wp\/v2\/media?parent=121344"}],"wp:term":[{"taxonomy":"category","embeddable":true,"href":"https:\/\/cdnoticias.com\/index.php\/wp-json\/wp\/v2\/categories?post=121344"},{"taxonomy":"post_tag","embeddable":true,"href":"https:\/\/cdnoticias.com\/index.php\/wp-json\/wp\/v2\/tags?post=121344"}],"curies":[{"name":"wp","href":"https:\/\/api.w.org\/{rel}","templated":true}]}}