{"id":121337,"date":"2024-07-24T19:31:02","date_gmt":"2024-07-24T22:31:02","guid":{"rendered":"https:\/\/cdnoticias.com\/?p=121337"},"modified":"2024-07-24T19:31:04","modified_gmt":"2024-07-24T22:31:04","slug":"concejales-de-la-ucr-mantuvieron-un-encuentro-con-brisa-baroni","status":"publish","type":"post","link":"https:\/\/cdnoticias.com\/index.php\/2024\/07\/24\/concejales-de-la-ucr-mantuvieron-un-encuentro-con-brisa-baroni\/","title":{"rendered":"Concejales de la UCR mantuvieron un encuentro con Brisa Baroni"},"content":{"rendered":"\n<p>Se trata de una estudiante del CEPT N\u00b0 8 de Espigas, quien present\u00f3 en el HCD Estudiantil un proyecto para la creaci\u00f3n de una residencia para estudiantes de zonas rurales.<\/p>\n\n\n\n<hr class=\"wp-block-separator aligncenter has-alpha-channel-opacity\"\/>\n\n\n\n<p>En los \u00faltimos d\u00edas, el <strong>bloque de concejales de la Uni\u00f3n C\u00edvica Radical <\/strong>mantuvo un encuentro con <strong>Brisa Baroni<\/strong>, una <strong>estudiante del CEPT N\u00b0 8 de Espigas <\/strong>que present\u00f3 una interesante iniciativa en el HCD Estudiantil durante 2023.<\/p>\n\n\n\n<p><\/p>\n\n\n\n<p>Tambi\u00e9n estuvieron presentes en la reuni\u00f3n una docente del CEPT N\u00b0 8 y representantes de la <strong>agrupaci\u00f3n Mujeres Rurales en Red.<\/strong><\/p>\n\n\n\n<p><\/p>\n\n\n\n<blockquote class=\"wp-block-quote is-layout-flow wp-block-quote-is-layout-flow\">\n<p>La propuesta establece la creaci\u00f3n de una residencia para estudiantes que pertenecen a la zona rural del Partido que quieran estudiar carreras terciarias, universitarias u oficios en la ciudad.<\/p>\n<\/blockquote>\n\n\n\n<p><\/p>\n\n\n\n<figure class=\"wp-block-image aligncenter size-full\"><img data-recalc-dims=\"1\" loading=\"lazy\" decoding=\"async\" width=\"800\" height=\"463\" src=\"https:\/\/i0.wp.com\/cdnoticias.com\/wp-content\/uploads\/2024\/07\/ucr-brisa-rural2.png?resize=800%2C463&#038;ssl=1\" alt=\"\" class=\"wp-image-121340\" srcset=\"https:\/\/i0.wp.com\/cdnoticias.com\/wp-content\/uploads\/2024\/07\/ucr-brisa-rural2.png?w=890&amp;ssl=1 890w, https:\/\/i0.wp.com\/cdnoticias.com\/wp-content\/uploads\/2024\/07\/ucr-brisa-rural2.png?resize=300%2C174&amp;ssl=1 300w, https:\/\/i0.wp.com\/cdnoticias.com\/wp-content\/uploads\/2024\/07\/ucr-brisa-rural2.png?resize=768%2C444&amp;ssl=1 768w\" sizes=\"auto, (max-width: 800px) 100vw, 800px\" \/><\/figure>\n\n\n\n<p><\/p>\n\n\n\n<p>\u201cSe trata de una necesidad que se viene planteando desde hace much\u00edsimos a\u00f1os y que es sumamente importante que se transforme en una realidad\u201d expresaron.<\/p>\n\n\n\n<p><\/p>\n\n\n\n<p>Desde el bloque de concejales radicales ya se ven\u00eda trabajando en un proyecto de similares caracter\u00edsticas, por lo cual se comprometieron a acompa\u00f1arla. De all\u00ed surgi\u00f3 la reuni\u00f3n que tuvo como objetivo el an\u00e1lisis del expediente y la realizaci\u00f3n de modificaciones para que su aprobaci\u00f3n y posterior ejecuci\u00f3n sea viable.<\/p>\n\n\n\n<p><\/p>\n\n\n\n<p>En este sentido, <strong>el edil Sebasti\u00e1n Matrella <\/strong>indic\u00f3: \u201c<em>No dudamos ni un instante en apoyar e impulsar este proyecto de Brisa Baroni que pertenece al Consejo Estudiantil. Es m\u00e1s, nosotros est\u00e1bamos trabajando en algo similar para darle oportunidades e igualdad a los chicos de zonas rurales para poder seguir alguna carrera en Olavarr\u00eda. Esta iniciativa, si bien no soluciona todo, ayuda en gran medida a la igualdad de oportunidades\u201d.<\/em><\/p>\n\n\n\n<p><\/p>\n\n\n\n<figure class=\"wp-block-image aligncenter size-full\"><img data-recalc-dims=\"1\" loading=\"lazy\" decoding=\"async\" width=\"800\" height=\"498\" src=\"https:\/\/i0.wp.com\/cdnoticias.com\/wp-content\/uploads\/2024\/07\/ucr-brisa-rural.png?resize=800%2C498&#038;ssl=1\" alt=\"\" class=\"wp-image-121338\" srcset=\"https:\/\/i0.wp.com\/cdnoticias.com\/wp-content\/uploads\/2024\/07\/ucr-brisa-rural.png?w=891&amp;ssl=1 891w, https:\/\/i0.wp.com\/cdnoticias.com\/wp-content\/uploads\/2024\/07\/ucr-brisa-rural.png?resize=300%2C187&amp;ssl=1 300w, https:\/\/i0.wp.com\/cdnoticias.com\/wp-content\/uploads\/2024\/07\/ucr-brisa-rural.png?resize=768%2C478&amp;ssl=1 768w\" sizes=\"auto, (max-width: 800px) 100vw, 800px\" \/><\/figure>\n\n\n\n<p><\/p>\n","protected":false},"excerpt":{"rendered":"<p>Se trata de una estudiante del CEPT N\u00b0 8 de Espigas, quien present\u00f3 en el HCD Estudiantil un proyecto para<\/p>\n","protected":false},"author":6,"featured_media":121339,"comment_status":"closed","ping_status":"closed","sticky":false,"template":"","format":"standard","meta":{"_jetpack_memberships_contains_paid_content":false,"footnotes":""},"categories":[4,1],"tags":[],"class_list":["post-121337","post","type-post","status-publish","format-standard","has-post-thumbnail","hentry","category-politica","category-portada"],"jetpack_featured_media_url":"https:\/\/i0.wp.com\/cdnoticias.com\/wp-content\/uploads\/2024\/07\/ucr-brisa-rural1.jpg?fit=900%2C675&ssl=1","jetpack_sharing_enabled":true,"_links":{"self":[{"href":"https:\/\/cdnoticias.com\/index.php\/wp-json\/wp\/v2\/posts\/121337","targetHints":{"allow":["GET"]}}],"collection":[{"href":"https:\/\/cdnoticias.com\/index.php\/wp-json\/wp\/v2\/posts"}],"about":[{"href":"https:\/\/cdnoticias.com\/index.php\/wp-json\/wp\/v2\/types\/post"}],"author":[{"embeddable":true,"href":"https:\/\/cdnoticias.com\/index.php\/wp-json\/wp\/v2\/users\/6"}],"replies":[{"embeddable":true,"href":"https:\/\/cdnoticias.com\/index.php\/wp-json\/wp\/v2\/comments?post=121337"}],"version-history":[{"count":0,"href":"https:\/\/cdnoticias.com\/index.php\/wp-json\/wp\/v2\/posts\/121337\/revisions"}],"wp:featuredmedia":[{"embeddable":true,"href":"https:\/\/cdnoticias.com\/index.php\/wp-json\/wp\/v2\/media\/121339"}],"wp:attachment":[{"href":"https:\/\/cdnoticias.com\/index.php\/wp-json\/wp\/v2\/media?parent=121337"}],"wp:term":[{"taxonomy":"category","embeddable":true,"href":"https:\/\/cdnoticias.com\/index.php\/wp-json\/wp\/v2\/categories?post=121337"},{"taxonomy":"post_tag","embeddable":true,"href":"https:\/\/cdnoticias.com\/index.php\/wp-json\/wp\/v2\/tags?post=121337"}],"curies":[{"name":"wp","href":"https:\/\/api.w.org\/{rel}","templated":true}]}}