{"id":121313,"date":"2024-07-24T11:00:35","date_gmt":"2024-07-24T14:00:35","guid":{"rendered":"https:\/\/cdnoticias.com\/?p=121313"},"modified":"2024-07-24T17:28:36","modified_gmt":"2024-07-24T20:28:36","slug":"ex-delegado-de-espigas-el-no-viene-de-la-politica-y-puede-haber-cometido-un-error","status":"publish","type":"post","link":"https:\/\/cdnoticias.com\/index.php\/2024\/07\/24\/ex-delegado-de-espigas-el-no-viene-de-la-politica-y-puede-haber-cometido-un-error\/","title":{"rendered":"Ex delegado de Espigas: \u201c\u00c9l no viene de la pol\u00edtica y puede haber cometido un error\u201d"},"content":{"rendered":"<p>Lo expres\u00f3 el abogado Sergio Rold\u00e1n, representante legal de Luis Mansur. Defini\u00f3 lo sucedido como \u201ccarpetazo\u201d. Dijo que se encuentra \u201cpreocupado y muy amargado\u201d.<!--more--><\/p>\n<hr \/>\n<p>Este martes fue<strong> notificado formalmente Luis Mansur de su desplazamiento del cargo de delegado de Espigas<\/strong>. As\u00ed lo confirm\u00f3 su <strong>representante legal, Sergio Rold\u00e1n<\/strong>, en una entrevista con el programa Levantate en FM Sapiens (102.7).<\/p>\n<p>Expres\u00f3 que<strong> \u201cLuis Mansur hoy es ex delegado, porque hay una resoluci\u00f3n del d\u00eda 22 (de julio) que nunca le fue notificada<\/strong>. Primero le fue notificada a la prensa. <strong>En el d\u00eda de ayer a las 5 de la tarde se apersonaron en una camioneta de la Municipalidad a su domicilio\u201d<\/strong>. Agreg\u00f3 que as\u00ed le fue<strong> entregada \u201cla resoluci\u00f3n que firm\u00f3 el se\u00f1or intendente Wesner\u201d.<\/strong><\/p>\n<p>Cabe recordar que, <a href=\"https:\/\/cdnoticias.com\/index.php\/2024\/07\/22\/tras-una-auditoria-interna-desplazaron-al-delegado-de-espigas\/\" target=\"_blank\" rel=\"noopener\">en base a la informaci\u00f3n oficial de la Municipalidad<\/a>,<strong> la medida se defini\u00f3 tras una \u201cauditor\u00eda interna\u201d<\/strong> en la que se constat\u00f3 \u201cun accionar sostenido en el tiempo que no corresponde con las facultades que tiene un delegado\u201d. Si bien no se brindaron oficialmente m\u00e1s detalles, se supo que <a href=\"https:\/\/cdnoticias.com\/index.php\/2024\/07\/22\/investigan-al-ex-delegado-de-espigas-por-ceder-terrenos-a-vecinos\/\" target=\"_blank\" rel=\"noopener\">la acusaci\u00f3n se relaciona con la cesi\u00f3n de terrenos<\/a> que impuls\u00f3 Mansur en las \u00faltimas semanas. <a href=\"https:\/\/cdnoticias.com\/index.php\/2024\/07\/22\/el-ex-delegado-de-espigas-admitio-que-cedio-terrenos-de-una-empresa-privada\/\" target=\"_blank\" rel=\"noopener\">El propio acusado admiti\u00f3 lo sucedido<\/a> y su representante dio a conocer que son <strong>70 los lotes entregados<\/strong>.<\/p>\n<figure id=\"attachment_79457\" aria-describedby=\"caption-attachment-79457\" style=\"width: 800px\" class=\"wp-caption aligncenter\"><img data-recalc-dims=\"1\" loading=\"lazy\" decoding=\"async\" class=\"wp-image-79457 size-full\" src=\"https:\/\/i0.wp.com\/cdnoticias.com\/wp-content\/uploads\/2023\/03\/sergio-roldan-00.jpg?resize=800%2C445&#038;ssl=1\" alt=\"\" width=\"800\" height=\"445\" srcset=\"https:\/\/i0.wp.com\/cdnoticias.com\/wp-content\/uploads\/2023\/03\/sergio-roldan-00.jpg?w=800&amp;ssl=1 800w, https:\/\/i0.wp.com\/cdnoticias.com\/wp-content\/uploads\/2023\/03\/sergio-roldan-00.jpg?resize=300%2C167&amp;ssl=1 300w, https:\/\/i0.wp.com\/cdnoticias.com\/wp-content\/uploads\/2023\/03\/sergio-roldan-00.jpg?resize=768%2C427&amp;ssl=1 768w\" sizes=\"auto, (max-width: 800px) 100vw, 800px\" \/><figcaption id=\"caption-attachment-79457\" class=\"wp-caption-text\">Sergio Rold\u00e1n: \u201cLo convenc\u00ed de que se vuelva a presentar a las elecciones del 25 de agosto&#8221;.<\/figcaption><\/figure>\n<blockquote><p>El abogado Rold\u00e1n afirm\u00f3 que \u201cno hay ning\u00fan tipo de ilegalidad\u201d sobre el accionar de su defendido, e inmediatamente admiti\u00f3 que \u201c\u00e9l no est\u00e1 autorizado a ceder terrenos, el autorizado mediante un poder que representa a la Compa\u00f1\u00eda Burs\u00e1til Financiera Sociedad Limitada es un se\u00f1or de apellido Alberto Jos\u00e9 Fort\u00edn, que es quien viene a la escriban\u00eda local en momentos en que se hace la cesi\u00f3n de alg\u00fan terreno para firmar las escrituras. Eso est\u00e1 todo legal\u201d. Defini\u00f3 la acusaci\u00f3n contra el espiguense como \u201ccarpetazo\u201d para agregar que el mismo accionar mantuvieron delegados anteriores.<\/p><\/blockquote>\n<p>Asimismo, subray\u00f3 que <strong>el propio Mansur pudo construir su casa sobre un terreno cedido de la misma manera<\/strong> por esa empresa \u201chace 15 a\u00f1os\u201d. Y agreg\u00f3 que \u201cno lo pod\u00e9s ver nunca como un delito. Te repito, <strong>\u00e9l no viene de la pol\u00edtica y puede haber cometido un error ah\u00ed. Un exceso, digamos, en su funci\u00f3n. No un delito\u201d.<\/strong><\/p>\n<p>M\u00e1s adelante Rold\u00e1n destac\u00f3 que <strong>Mansur fue electo \u201cpor el 44% de los votantes de Espigas<\/strong>, acordate que es de los delegados al que m\u00e1s gente lo vot\u00f3\u201d y que <strong>tras esta acusaci\u00f3n se encuentra \u201cpreocupado y muy amargado\u201d<\/strong>.<\/p>\n<p>Tal como hab\u00eda informado <strong>Central de Noticias<\/strong>, <strong>Mansur se anot\u00f3 para ser reelecto como delegado<\/strong>. Sobre ese tema, el abogado afirm\u00f3 en la entrevista radial que <strong>\u201clo convenc\u00ed de que se vuelva a presentar a las elecciones del 25 de agosto, porque no tiene ninguna prohibici\u00f3n<\/strong>. Tiene los avales de los vecinos y les va a volver a ganar. Despu\u00e9s que hagan lo que quieran\u201d dijo en referencia a la potestad del Intendente de avalar el resultado de las elecciones, que son no vinculantes.<\/p>\n<p>Foto de tapa: <em>Zona Campo<\/em><\/p>\n","protected":false},"excerpt":{"rendered":"<p>Lo expres\u00f3 el abogado Sergio Rold\u00e1n, representante legal de Luis Mansur. Defini\u00f3 lo sucedido como \u201ccarpetazo\u201d. Dijo que se encuentra<\/p>\n","protected":false},"author":4,"featured_media":121316,"comment_status":"closed","ping_status":"closed","sticky":false,"template":"","format":"standard","meta":{"_jetpack_memberships_contains_paid_content":false,"footnotes":""},"categories":[5,1],"tags":[],"class_list":["post-121313","post","type-post","status-publish","format-standard","has-post-thumbnail","hentry","category-informacion-general","category-portada"],"jetpack_featured_media_url":"https:\/\/i0.wp.com\/cdnoticias.com\/wp-content\/uploads\/2024\/07\/luis-mansur-delegado-de-espigas.jpg?fit=800%2C445&ssl=1","jetpack_sharing_enabled":true,"_links":{"self":[{"href":"https:\/\/cdnoticias.com\/index.php\/wp-json\/wp\/v2\/posts\/121313","targetHints":{"allow":["GET"]}}],"collection":[{"href":"https:\/\/cdnoticias.com\/index.php\/wp-json\/wp\/v2\/posts"}],"about":[{"href":"https:\/\/cdnoticias.com\/index.php\/wp-json\/wp\/v2\/types\/post"}],"author":[{"embeddable":true,"href":"https:\/\/cdnoticias.com\/index.php\/wp-json\/wp\/v2\/users\/4"}],"replies":[{"embeddable":true,"href":"https:\/\/cdnoticias.com\/index.php\/wp-json\/wp\/v2\/comments?post=121313"}],"version-history":[{"count":0,"href":"https:\/\/cdnoticias.com\/index.php\/wp-json\/wp\/v2\/posts\/121313\/revisions"}],"wp:featuredmedia":[{"embeddable":true,"href":"https:\/\/cdnoticias.com\/index.php\/wp-json\/wp\/v2\/media\/121316"}],"wp:attachment":[{"href":"https:\/\/cdnoticias.com\/index.php\/wp-json\/wp\/v2\/media?parent=121313"}],"wp:term":[{"taxonomy":"category","embeddable":true,"href":"https:\/\/cdnoticias.com\/index.php\/wp-json\/wp\/v2\/categories?post=121313"},{"taxonomy":"post_tag","embeddable":true,"href":"https:\/\/cdnoticias.com\/index.php\/wp-json\/wp\/v2\/tags?post=121313"}],"curies":[{"name":"wp","href":"https:\/\/api.w.org\/{rel}","templated":true}]}}