{"id":12130,"date":"2021-01-23T20:30:24","date_gmt":"2021-01-23T23:30:24","guid":{"rendered":"http:\/\/www.centraldenoticias.com.ar\/?p=12130"},"modified":"2021-01-24T08:59:22","modified_gmt":"2021-01-24T11:59:22","slug":"tras-la-autopsia-al-joven-fallecido-en-accidente-catalogan-la-causa-de-homicidio-culposo","status":"publish","type":"post","link":"https:\/\/cdnoticias.com\/index.php\/2021\/01\/23\/tras-la-autopsia-al-joven-fallecido-en-accidente-catalogan-la-causa-de-homicidio-culposo\/","title":{"rendered":"Tras la autopsia al joven fallecido en accidente, catalogan la causa de \u201chomicidio culposo\u201d"},"content":{"rendered":"<p>Realizar\u00e1n un relevamiento para verificar si hay c\u00e1maras de seguridad de privados dado que no hay disponibles de monitoreo. Tambi\u00e9n se aguardar\u00e1n las pericias accidentol\u00f3gicas.<!--more--><\/p>\n<hr \/>\n<p>Luego de conocerse <a href=\"https:\/\/cdnoticias.com\/index.php\/2021\/01\/22\/fatal-accidente-en-del-valle-y-lamadrid-un-joven-fallecido\/\" target=\"_blank\" rel=\"noopener\">el lamentable fallecimiento de un joven de 25 a\u00f1os en un impactante accidente en Del Valle y Lamadrid<\/a>, se conocieron <strong>algunos detalles de la investigaci\u00f3n que buscar\u00e1 dilucidar c\u00f3mo se dieron las circunstancias que llevaron al fatal desenlace.<\/strong><\/p>\n<p>&nbsp;<\/p>\n<p>En principio, seg\u00fan lo indicaron fuentes vinculadas a la causa a Central de Noticias, <strong>la autopsia fue realizada en la jornada de este s\u00e1bado en Azul.<\/strong> Estableci\u00f3 que la muerte fue <em>\u201cpor un golpe en la cabeza\u201d.<\/em><\/p>\n<p>&nbsp;<\/p>\n<p>De todas maneras,<strong> la causa est\u00e1 caratulada como \u201cHomicidio culposo\u201d y est\u00e1 a cargo de la UFI N.\u00ba 7 encabezada por el doctor Christian Url\u00e9zaga.<\/strong><\/p>\n<p>&nbsp;<\/p>\n<p>Un detalle a tener en cuenta es que <strong>no hay im\u00e1genes ni registros del sistema de monitoreo, por lo que se realizar\u00e1 un relevamiento para verificar si hay im\u00e1genes de c\u00e1maras de seguridad de privados<\/strong> y de esta forma dilucidar, con mayor detalle, c\u00f3mo se dieron las condiciones en las que se produjo el accidente.<\/p>\n<p>&nbsp;<\/p>\n<blockquote><p>Respecto a la conductora del veh\u00edculo Gol Trend, no se tomaron medidas y se aguardar\u00e1n las pericias para citarla a realizar la declaraci\u00f3n correspondiente.<\/p><\/blockquote>\n<p>&nbsp;<\/p>\n<p>Finalmente, lo que se espera con mayor importancia es la pericia accidentol\u00f3gica para establecer no s\u00f3lo c\u00f3mo fue el impacto, sino c\u00f3mo circulaban, las velocidades y otros detalles para determinar si hubo negligencia o alguna irregularidad que <a href=\"https:\/\/cdnoticias.com\/index.php\/2021\/01\/23\/se-conocio-la-identidad-del-joven-fallecido-en-el-accidente\/\" target=\"_blank\" rel=\"noopener\">deriv\u00f3 en el tr\u00e1gico desenlace.<\/a><\/p>\n","protected":false},"excerpt":{"rendered":"<p>Realizar\u00e1n un relevamiento para verificar si hay c\u00e1maras de seguridad de privados dado que no hay disponibles de monitoreo. Tambi\u00e9n<\/p>\n","protected":false},"author":2,"featured_media":12085,"comment_status":"closed","ping_status":"closed","sticky":false,"template":"","format":"standard","meta":{"_jetpack_memberships_contains_paid_content":false,"footnotes":""},"categories":[14,1],"tags":[],"class_list":["post-12130","post","type-post","status-publish","format-standard","has-post-thumbnail","hentry","category-policiales","category-portada"],"jetpack_featured_media_url":"https:\/\/i0.wp.com\/cdnoticias.com\/wp-content\/uploads\/2021\/01\/accidente-delvalle-lamadrid2.jpg?fit=632%2C432&ssl=1","jetpack_sharing_enabled":true,"_links":{"self":[{"href":"https:\/\/cdnoticias.com\/index.php\/wp-json\/wp\/v2\/posts\/12130","targetHints":{"allow":["GET"]}}],"collection":[{"href":"https:\/\/cdnoticias.com\/index.php\/wp-json\/wp\/v2\/posts"}],"about":[{"href":"https:\/\/cdnoticias.com\/index.php\/wp-json\/wp\/v2\/types\/post"}],"author":[{"embeddable":true,"href":"https:\/\/cdnoticias.com\/index.php\/wp-json\/wp\/v2\/users\/2"}],"replies":[{"embeddable":true,"href":"https:\/\/cdnoticias.com\/index.php\/wp-json\/wp\/v2\/comments?post=12130"}],"version-history":[{"count":0,"href":"https:\/\/cdnoticias.com\/index.php\/wp-json\/wp\/v2\/posts\/12130\/revisions"}],"wp:featuredmedia":[{"embeddable":true,"href":"https:\/\/cdnoticias.com\/index.php\/wp-json\/wp\/v2\/media\/12085"}],"wp:attachment":[{"href":"https:\/\/cdnoticias.com\/index.php\/wp-json\/wp\/v2\/media?parent=12130"}],"wp:term":[{"taxonomy":"category","embeddable":true,"href":"https:\/\/cdnoticias.com\/index.php\/wp-json\/wp\/v2\/categories?post=12130"},{"taxonomy":"post_tag","embeddable":true,"href":"https:\/\/cdnoticias.com\/index.php\/wp-json\/wp\/v2\/tags?post=12130"}],"curies":[{"name":"wp","href":"https:\/\/api.w.org\/{rel}","templated":true}]}}