{"id":121299,"date":"2024-07-24T07:51:48","date_gmt":"2024-07-24T10:51:48","guid":{"rendered":"https:\/\/cdnoticias.com\/?p=121299"},"modified":"2024-07-24T11:01:11","modified_gmt":"2024-07-24T14:01:11","slug":"vacaciones-de-invierno-en-olavarria-las-propuestas-para-este-miercoles-2","status":"publish","type":"post","link":"https:\/\/cdnoticias.com\/index.php\/2024\/07\/24\/vacaciones-de-invierno-en-olavarria-las-propuestas-para-este-miercoles-2\/","title":{"rendered":"Vacaciones de invierno en Olavarr\u00eda: las propuestas para este mi\u00e9rcoles"},"content":{"rendered":"\n<p>La jornada estar\u00e1 repleta de actividades en distintos espacios municipales. Talleres, visitas guiadas, actividades recreativas, espect\u00e1culos y cuentos.<\/p>\n\n\n\n<hr class=\"wp-block-separator has-alpha-channel-opacity\"\/>\n\n\n\n<p>El Municipio de Olavarr\u00eda difundi\u00f3 el cronograma de propuestas para las vacaciones de invierno con tem\u00e1ticas de ambiente, cultura, patrimonio, arte, historia, deporte, juegos y recreaci\u00f3n, ciencia y tecnolog\u00eda.<\/p>\n\n\n\n<p><\/p>\n\n\n\n<p>La intenci\u00f3n es descubrir y redescubrir los espacios culturales de nuestra ciudad y las localidades y, al mismo tiempo, explorar lo mejor de nuestra regi\u00f3n.<\/p>\n\n\n\n<p><\/p>\n\n\n\n<p><strong>La agenda para este mi\u00e9rcoles:<\/strong><\/p>\n\n\n\n<p><\/p>\n\n\n\n<p><strong>13:30 horas. Parque \u201cHelios Eseverri\u201d. <\/strong>Actividades recreativas: Softbol, f\u00fatbol tenis y f\u00fatbol.<\/p>\n\n\n\n<p><\/p>\n\n\n\n<p><strong>14:00 horas. Visita guiada al Bioparque Municipal \u201cLa M\u00e1xima\u201d (AV. Pellegrini 4200). <\/strong>Se incluye un circuito que permite explorar y conocer gran variedad de fauna y flora. Duraci\u00f3n: 60 minutos.<\/p>\n\n\n\n<p><\/p>\n\n\n\n<p><strong>14:00 a 16:00 horas. Centro Interdisciplinario de Investigaci\u00f3n y Tecnolog\u00eda (CIIT) en el Museo de las Ciencias (Av. Pellegrini 4200). <\/strong>Mundo Robot. Esta propuesta pretende poner manos a la obra para compartir en familia un momento de entretenimiento. Se podr\u00e1n colorear im\u00e1genes de robots o armar robots de papel que se llevar\u00e1n a sus hogares.<\/p>\n\n\n\n<p><\/p>\n\n\n\n<p><strong>14:30 horas. Taller \u00bfA qu\u00e9 jug\u00e1bamos cu\u00e1ndo \u00e9ramos chicos?<\/strong> en los Museos Municipales de Colonia San Miguel, Sierra Chica, Espigas, Sierras Bayas y Loma Negra.<\/p>\n\n\n\n<p><\/p>\n\n\n\n<p><strong>14:30 horas. Museo Municipal de las Ciencias \u201cIng. Rita Toniutti\u201d (Av. Pellegrini 4200). <\/strong>Taller \u201cArque\u00f3logos\/as por un d\u00eda\u201d. Un viaje al pasado de Olavarr\u00eda que se remonta hace 10.000 a\u00f1os. Jugaremos a ser paleont\u00f3logos y arque\u00f3logos por un d\u00eda descubriendo juntos las huellas del pasado. Edad: 6 a 12 a\u00f1os. INSCRIPCI\u00d3N PREVIA. Cupo m\u00e1ximo: 15 personas. <a href=\"https:\/\/docs.google.com\/forms\/d\/e\/1FAIpQLSfLC6N0gQDaJe5x44Qnm1QpS83cbm_cAudS3HBiL0abtXSscg\/closedform\" data-type=\"link\" data-id=\"https:\/\/docs.google.com\/forms\/d\/e\/1FAIpQLSfLC6N0gQDaJe5x44Qnm1QpS83cbm_cAudS3HBiL0abtXSscg\/closedform\">Link de inscripci\u00f3n<\/a><\/p>\n\n\n\n<p><\/p>\n\n\n\n<p><strong>15:00 horas. Museo Municipal de La Estaci\u00f3n de Sierras Bayas (San Mart\u00edn s\/n (cruce con calle Centenario). <\/strong>Taller \u201cArmando trenes\u201d y \u201cDibujando\u201d, en conmemoraci\u00f3n de los 126 a\u00f1os de la llegada al ferrocarril a Sierras Bayas. INSCRIPCI\u00d3N PREVIA. Cupo m\u00e1ximo: 20 personas. <a href=\"https:\/\/docs.google.com\/forms\/d\/e\/1FAIpQLSea93HR5SewM6UWmEFTjF-prHFVpZvkfckkO53cpLnuAjG7mg\/viewform\" data-type=\"link\" data-id=\"https:\/\/docs.google.com\/forms\/d\/e\/1FAIpQLSea93HR5SewM6UWmEFTjF-prHFVpZvkfckkO53cpLnuAjG7mg\/viewform\">Link de inscripci\u00f3n<\/a><\/p>\n\n\n\n<p><\/p>\n\n\n\n<p><strong>15:00 horas. Museo Municipal \u201cHermanos Emiliozzi\u201d (Necochea 3229). <\/strong>Taller \u201cArmando Galeras\u201d con materiales reciclables. INSCRIPCI\u00d3N PREVIA. Cupo m\u00e1ximo: 20 personas. <a href=\"https:\/\/docs.google.com\/forms\/d\/e\/1FAIpQLSczmVas43ml_Dwb3Gyryz8kfMN2pW-IpNV65c-ffGQj2wBeqg\/closedform\" data-type=\"link\" data-id=\"https:\/\/docs.google.com\/forms\/d\/e\/1FAIpQLSczmVas43ml_Dwb3Gyryz8kfMN2pW-IpNV65c-ffGQj2wBeqg\/closedform\">Link de inscripci\u00f3n<\/a><\/p>\n\n\n\n<p><\/p>\n\n\n\n<p><strong>15:00 horas. Museo D\u00e1maso Arce (San Mart\u00edn 2862). <\/strong>Taller Laboratorio de Personajes. INSCRIPCI\u00d3N PREVIA. Cupo m\u00e1ximo: 20 personas. <a href=\"https:\/\/docs.google.com\/forms\/d\/e\/1FAIpQLScRqqEv0CkTZTooQz-izASLgV83wR7N0UGb2JXkrdS1SGx7bw\/closedform\" data-type=\"link\" data-id=\"https:\/\/docs.google.com\/forms\/d\/e\/1FAIpQLScRqqEv0CkTZTooQz-izASLgV83wR7N0UGb2JXkrdS1SGx7bw\/closedform\">Link de inscripci\u00f3n<\/a><\/p>\n\n\n\n<p><\/p>\n\n\n\n<p><strong>15:00 horas. Museo Municipal de Mapis (ex estaci\u00f3n de ferrocarril). <\/strong>Taller \u201cEstaci\u00f3n Infancia\u201d. Visita guiada, tomando como referencias im\u00e1genes de patrimonio del museo y localidad. Cuentos, relatos y actividades art\u00edsticas.<\/p>\n\n\n\n<p><\/p>\n\n\n\n<p><strong>15:00 horas. Centro Cultural Municipal \u201cSan Jos\u00e9\u201d (Riobamba 2949). <\/strong>Taller de acuarelas, a cargo de Pamela Bardy. En este segundo encuentro se trabajar\u00e1 en aplicaciones de t\u00e9cnicas a contraluz. Materiales: l\u00e1piz de dibujo, acuarelas, mezclador o platos descartables, pinceles, acr\u00edlico blanco, microfibra negra, servilletas y hojas acuarelables. INSCRIPCI\u00d3N PREVIA. Cupo m\u00e1ximo: 25 personas.<a href=\"https:\/\/docs.google.com\/forms\/d\/e\/1FAIpQLSedQZ-D0D7Rdpn_RcRJIAbvV15QSUYSedw60ypzUPt2XKfzsA\/closedform\" data-type=\"link\" data-id=\"https:\/\/docs.google.com\/forms\/d\/e\/1FAIpQLSedQZ-D0D7Rdpn_RcRJIAbvV15QSUYSedw60ypzUPt2XKfzsA\/closedform\"> Link de inscripci\u00f3n<\/a><\/p>\n\n\n\n<p><\/p>\n\n\n\n<p><strong>15:00 horas. Sociedad de Fomento Amparo Castro (Aguilar 2250). <\/strong>Clase de danzas urbanas.<\/p>\n\n\n\n<p><\/p>\n\n\n\n<p><strong>15:00 horas. Servicio Territorial N\u00ba 1 (Av. Alberdi y Fassina).<\/strong> Clase de Freestyle.<\/p>\n\n\n\n<p><\/p>\n\n\n\n<p><strong>16:00 horas. Visita guiada al Bioparque Municipal \u201cLa M\u00e1xima\u201d (Av. Pellegrini 4200). <\/strong>Se incluye un circuito que permite explorar y conocer gran variedad de fauna y flora. Duraci\u00f3n: 60 minutos.<\/p>\n\n\n\n<p><\/p>\n\n\n\n<p><strong>16:00 horas. Museo D\u00e1maso Arce (San Mart\u00edn 2862). <\/strong>Taller de onomatopeyas. La onomatopeya consiste en crear o utilizar palabras que imitan el sonido de aquello que describen, a trav\u00e9s de la t\u00e9cnica de tinta y presi\u00f3n realizaremos onomatopeyas.<\/p>\n\n\n\n<p><\/p>\n\n\n\n<p><strong>16:00 horas. Museo Municipal de Colonia San Miguel \u201cMiguel Stoessel M\u00fcller\u201d (Av. San Miguel Arc\u00e1ngel s\/n \u2013 cruce con calle San Mart\u00edn). <\/strong>Show de Circo Ancestral.<\/p>\n","protected":false},"excerpt":{"rendered":"<p>La jornada estar\u00e1 repleta de actividades en distintos espacios municipales. Talleres, visitas guiadas, actividades recreativas, espect\u00e1culos y cuentos. El Municipio<\/p>\n","protected":false},"author":2,"featured_media":120947,"comment_status":"closed","ping_status":"closed","sticky":false,"template":"","format":"standard","meta":{"_jetpack_memberships_contains_paid_content":false,"footnotes":""},"categories":[9,1],"tags":[],"class_list":["post-121299","post","type-post","status-publish","format-standard","has-post-thumbnail","hentry","category-cultura","category-portada"],"jetpack_featured_media_url":"https:\/\/i0.wp.com\/cdnoticias.com\/wp-content\/uploads\/2024\/07\/vacaciones-de-invierno-centro-cultural-02.jpg?fit=800%2C445&ssl=1","jetpack_sharing_enabled":true,"_links":{"self":[{"href":"https:\/\/cdnoticias.com\/index.php\/wp-json\/wp\/v2\/posts\/121299","targetHints":{"allow":["GET"]}}],"collection":[{"href":"https:\/\/cdnoticias.com\/index.php\/wp-json\/wp\/v2\/posts"}],"about":[{"href":"https:\/\/cdnoticias.com\/index.php\/wp-json\/wp\/v2\/types\/post"}],"author":[{"embeddable":true,"href":"https:\/\/cdnoticias.com\/index.php\/wp-json\/wp\/v2\/users\/2"}],"replies":[{"embeddable":true,"href":"https:\/\/cdnoticias.com\/index.php\/wp-json\/wp\/v2\/comments?post=121299"}],"version-history":[{"count":0,"href":"https:\/\/cdnoticias.com\/index.php\/wp-json\/wp\/v2\/posts\/121299\/revisions"}],"wp:featuredmedia":[{"embeddable":true,"href":"https:\/\/cdnoticias.com\/index.php\/wp-json\/wp\/v2\/media\/120947"}],"wp:attachment":[{"href":"https:\/\/cdnoticias.com\/index.php\/wp-json\/wp\/v2\/media?parent=121299"}],"wp:term":[{"taxonomy":"category","embeddable":true,"href":"https:\/\/cdnoticias.com\/index.php\/wp-json\/wp\/v2\/categories?post=121299"},{"taxonomy":"post_tag","embeddable":true,"href":"https:\/\/cdnoticias.com\/index.php\/wp-json\/wp\/v2\/tags?post=121299"}],"curies":[{"name":"wp","href":"https:\/\/api.w.org\/{rel}","templated":true}]}}