{"id":121282,"date":"2024-07-23T19:39:55","date_gmt":"2024-07-23T22:39:55","guid":{"rendered":"https:\/\/cdnoticias.com\/?p=121282"},"modified":"2024-07-24T07:52:06","modified_gmt":"2024-07-24T10:52:06","slug":"se-nego-a-entregar-documentacion-de-su-moto-le-pego-con-el-casco-a-un-policia-y-termino-preso","status":"publish","type":"post","link":"https:\/\/cdnoticias.com\/index.php\/2024\/07\/23\/se-nego-a-entregar-documentacion-de-su-moto-le-pego-con-el-casco-a-un-policia-y-termino-preso\/","title":{"rendered":"Se neg\u00f3 a entregar documentaci\u00f3n de su moto, le peg\u00f3 con el casco a un polic\u00eda y termin\u00f3 preso"},"content":{"rendered":"\n<p>Fue en Del Valle y La Rioja este martes. El joven de 18 a\u00f1os iba en un veh\u00edculo sin patente y ten\u00eda pedido de secuestro por robo calificado en abril de 2024.<\/p>\n\n\n\n<hr class=\"wp-block-separator aligncenter has-alpha-channel-opacity\"\/>\n\n\n\n<p>Este martes<strong>, personal de motopolic\u00eda aprehendi\u00f3 a un joven de 18 a\u00f1os que manejaba una moto que ten\u00eda secuestro activo por robo calificado. Al solicitar la documentaci\u00f3n, adem\u00e1s, agredi\u00f3 con el casco a un efectivo.<\/strong><\/p>\n\n\n\n<p>El hecho se produjo en el <strong>cruce de La Rioja y Del Valle, en un control.<\/strong> All\u00ed, los efectivos interceptaron a un joven a bordo de una Honda Wave 110cc sin chapa patente, por lo que se le solicit\u00f3 la documentaci\u00f3n.<\/p>\n\n\n\n<p>En ese momento,<strong> el joven se neg\u00f3 y tambi\u00e9n intent\u00f3 impedir la inspecci\u00f3n del rodad. Tal es as\u00ed, que en un forcejeo el acusado agredi\u00f3 con el casco a un efectivo. Al llevar casco tambi\u00e9n, no le produjo heridas.<\/strong><\/p>\n\n\n\n<p>Por ese hecho, inmediatamente fue aprehendido. En paralelo, tras revisar la documentaci\u00f3n y cruzar los datos,<strong> la moto ten\u00eda pedido de secuestro activo por un robo agravado de abril de este a\u00f1o, en una causa que tramita la UFI N\u00b04.<\/strong><\/p>\n\n\n\n<p>El joven fue trasladado a Comisar\u00eda Segunda y ahora enfrenta cargos por <strong><em>\u201cAtentado, resistencia a la autoridad y encubrimiento\u201d<\/em><\/strong> en una causa que interviene la UFI N\u00b07, a cargo del doctor Url\u00e9zaga.<\/p>\n","protected":false},"excerpt":{"rendered":"<p>Fue en Del Valle y La Rioja este martes. El joven de 18 a\u00f1os iba en un veh\u00edculo sin patente<\/p>\n","protected":false},"author":2,"featured_media":121284,"comment_status":"closed","ping_status":"closed","sticky":false,"template":"","format":"standard","meta":{"_jetpack_memberships_contains_paid_content":false,"footnotes":""},"categories":[14,1],"tags":[],"class_list":["post-121282","post","type-post","status-publish","format-standard","has-post-thumbnail","hentry","category-policiales","category-portada"],"jetpack_featured_media_url":"https:\/\/i0.wp.com\/cdnoticias.com\/wp-content\/uploads\/2024\/07\/WhatsApp-Image-2024-07-23-at-19.25.53.jpeg?fit=420%2C251&ssl=1","jetpack_sharing_enabled":true,"_links":{"self":[{"href":"https:\/\/cdnoticias.com\/index.php\/wp-json\/wp\/v2\/posts\/121282","targetHints":{"allow":["GET"]}}],"collection":[{"href":"https:\/\/cdnoticias.com\/index.php\/wp-json\/wp\/v2\/posts"}],"about":[{"href":"https:\/\/cdnoticias.com\/index.php\/wp-json\/wp\/v2\/types\/post"}],"author":[{"embeddable":true,"href":"https:\/\/cdnoticias.com\/index.php\/wp-json\/wp\/v2\/users\/2"}],"replies":[{"embeddable":true,"href":"https:\/\/cdnoticias.com\/index.php\/wp-json\/wp\/v2\/comments?post=121282"}],"version-history":[{"count":0,"href":"https:\/\/cdnoticias.com\/index.php\/wp-json\/wp\/v2\/posts\/121282\/revisions"}],"wp:featuredmedia":[{"embeddable":true,"href":"https:\/\/cdnoticias.com\/index.php\/wp-json\/wp\/v2\/media\/121284"}],"wp:attachment":[{"href":"https:\/\/cdnoticias.com\/index.php\/wp-json\/wp\/v2\/media?parent=121282"}],"wp:term":[{"taxonomy":"category","embeddable":true,"href":"https:\/\/cdnoticias.com\/index.php\/wp-json\/wp\/v2\/categories?post=121282"},{"taxonomy":"post_tag","embeddable":true,"href":"https:\/\/cdnoticias.com\/index.php\/wp-json\/wp\/v2\/tags?post=121282"}],"curies":[{"name":"wp","href":"https:\/\/api.w.org\/{rel}","templated":true}]}}