{"id":121275,"date":"2024-07-23T19:10:06","date_gmt":"2024-07-23T22:10:06","guid":{"rendered":"https:\/\/cdnoticias.com\/?p=121275"},"modified":"2024-07-24T07:41:56","modified_gmt":"2024-07-24T10:41:56","slug":"programa-giro-comenzaron-las-recorridas-de-promotoras-ambientales","status":"publish","type":"post","link":"https:\/\/cdnoticias.com\/index.php\/2024\/07\/23\/programa-giro-comenzaron-las-recorridas-de-promotoras-ambientales\/","title":{"rendered":"Programa GIRO: comenzaron las recorridas de promotoras ambientales"},"content":{"rendered":"\n<p>Pertenecen a la Cooperativa Viento en Contra. Recorrieron Barrio Luj\u00e1n y estar\u00e1n este mi\u00e9rcoles en barrio Hip\u00f3lito Yrigoyen, la denominada \u201cruta rosa\u201d.<\/p>\n\n\n\n<hr class=\"wp-block-separator aligncenter has-alpha-channel-opacity\"\/>\n\n\n\n<p>En los \u00faltimos d\u00edas,<strong> las promotoras ambientales de la Cooperativa \u201cViento en contra\u201d comenzaron una recorrida por barrios de la ciudad para informar y capacitar sobre el programa GIRO en la ciudad.<\/strong><\/p>\n\n\n\n<p>Es desde la Coordinaci\u00f3n de Ambiente, dependiente de la Secretar\u00eda de Desarrollo Econ\u00f3mico y Productivo.<strong> Este martes por la ma\u00f1ana se llev\u00f3 a cabo una jornada informativa en la Plaza Libertad del barrio Luj\u00e1n, ubicada en Dean Funes y \u00c1lvaro Barros.<\/strong><\/p>\n\n\n\n<blockquote class=\"wp-block-quote is-layout-flow wp-block-quote-is-layout-flow\">\n<p>Este mi\u00e9rcoles, por su parte, estar\u00e1n en la Plaza Los Ni\u00f1os Primero (Yrigoyen y Aguilar), en el barrio Hip\u00f3lito Yrigoyen.<\/p>\n<\/blockquote>\n\n\n\n<p>La metodolog\u00eda de trabajo es la siguiente:<strong> el grupo de promotoras ambientales recorrer\u00e1 puerta a puerta distintos barrios que corresponden a la denominada Ruta Rosa que comprende Villa Floresta, Luj\u00e1n, Jard\u00edn e Hip\u00f3lito Yrigoyen para luego ir avanzando sobre otras rutas.<\/strong><\/p>\n\n\n\n<figure class=\"wp-block-image size-large\"><img data-recalc-dims=\"1\" loading=\"lazy\" decoding=\"async\" width=\"800\" height=\"532\" src=\"https:\/\/i0.wp.com\/cdnoticias.com\/wp-content\/uploads\/2024\/07\/giro-ambiente1.jpg?resize=800%2C532&#038;ssl=1\" alt=\"\" class=\"wp-image-121277\" srcset=\"https:\/\/i0.wp.com\/cdnoticias.com\/wp-content\/uploads\/2024\/07\/giro-ambiente1.jpg?resize=1024%2C681&amp;ssl=1 1024w, https:\/\/i0.wp.com\/cdnoticias.com\/wp-content\/uploads\/2024\/07\/giro-ambiente1.jpg?resize=300%2C200&amp;ssl=1 300w, https:\/\/i0.wp.com\/cdnoticias.com\/wp-content\/uploads\/2024\/07\/giro-ambiente1.jpg?resize=768%2C511&amp;ssl=1 768w, https:\/\/i0.wp.com\/cdnoticias.com\/wp-content\/uploads\/2024\/07\/giro-ambiente1.jpg?resize=272%2C182&amp;ssl=1 272w, https:\/\/i0.wp.com\/cdnoticias.com\/wp-content\/uploads\/2024\/07\/giro-ambiente1.jpg?w=1400&amp;ssl=1 1400w\" sizes=\"auto, (max-width: 800px) 100vw, 800px\" \/><\/figure>\n\n\n\n<p>En cada recorrido<strong> se le recuerda a la comunidad sobre el d\u00eda de reciclables que le corresponde a cada ruta, c\u00f3mo separar los residuos en casa, qu\u00e9 residuos se pueden reciclar, horarios en qu\u00e9 pasa el cami\u00f3n recolector y d\u00f3nde van esos residuos.<\/strong> Tambi\u00e9n, las promotoras ayudar\u00e1n a completar el im\u00e1n con el calendario de recolecci\u00f3n y responder\u00e1n distintas preguntas y dudas que surjan de los vecinos.<\/p>\n\n\n\n<p>Como parte de las actividades de concientizaci\u00f3n,<strong> tambi\u00e9n se contar\u00e1 con el acompa\u00f1amiento del GIRO Tr\u00e1iler que estar\u00e1 en las diferentes plazas de los barrios para brindar informaci\u00f3n a vecinos y vecinas que se acerquen. <\/strong>Como as\u00ed tambi\u00e9n la posibilidad de entregar material informativo.<\/p>\n\n\n\n<p>Entre los objetivos que se plantean, al mismo tiempo,<strong> se buscar\u00e1 mejorar la calidad del material separado y especialmente en el caso de la poblaci\u00f3n que a\u00fan no ha comenzado a separar, se buscar\u00e1 promover la participaci\u00f3n proporcionando herramientas que faciliten la separaci\u00f3n en origen dentro del hogar.<\/strong><\/p>\n\n\n\n<figure class=\"wp-block-image size-large\"><img data-recalc-dims=\"1\" loading=\"lazy\" decoding=\"async\" width=\"800\" height=\"532\" src=\"https:\/\/i0.wp.com\/cdnoticias.com\/wp-content\/uploads\/2024\/07\/giro-ambiente2.jpg?resize=800%2C532&#038;ssl=1\" alt=\"\" class=\"wp-image-121278\" srcset=\"https:\/\/i0.wp.com\/cdnoticias.com\/wp-content\/uploads\/2024\/07\/giro-ambiente2.jpg?resize=1024%2C681&amp;ssl=1 1024w, https:\/\/i0.wp.com\/cdnoticias.com\/wp-content\/uploads\/2024\/07\/giro-ambiente2.jpg?resize=300%2C200&amp;ssl=1 300w, https:\/\/i0.wp.com\/cdnoticias.com\/wp-content\/uploads\/2024\/07\/giro-ambiente2.jpg?resize=768%2C511&amp;ssl=1 768w, https:\/\/i0.wp.com\/cdnoticias.com\/wp-content\/uploads\/2024\/07\/giro-ambiente2.jpg?resize=272%2C182&amp;ssl=1 272w, https:\/\/i0.wp.com\/cdnoticias.com\/wp-content\/uploads\/2024\/07\/giro-ambiente2.jpg?w=1400&amp;ssl=1 1400w\" sizes=\"auto, (max-width: 800px) 100vw, 800px\" \/><\/figure>\n\n\n\n<p>Adem\u00e1s se plantean <strong>acciones espec\u00edficas para los hogares, comercios e instituciones, as\u00ed como otro tipo de intervenciones para los edificios.<\/strong><\/p>\n\n\n\n<p>Cabe remarcar que<strong> la recolecci\u00f3n se diferenciar\u00e1 en dos corrientes: reciclables y basura. Para la fracci\u00f3n de compostables se trabajar\u00e1 en el marco del Programa Olavarr\u00eda Composta, brindando talleres para la comunidad, instituciones educativas, realizando composteras comunitarias para que cada vez sean m\u00e1s los olavarrienses que transforman sus restos org\u00e1nicos de residuos en compost.<\/strong><\/p>\n\n\n\n<p><strong>El Programa Municipal GIRO, es instrumentado a trav\u00e9s de la Secretar\u00eda de Desarrollo Econ\u00f3mico y Productivo<\/strong>, mediante la Coordinaci\u00f3n de Ambiente y busca mejorar el tratamiento de los residuos reciclables a trav\u00e9s del trabajo articulado con La Cooperativa Viento en Contra que cuenta una amplia trayectoria en el tratamiento de los mismos.<\/p>\n\n\n\n<figure class=\"wp-block-image size-large\"><img data-recalc-dims=\"1\" loading=\"lazy\" decoding=\"async\" width=\"800\" height=\"532\" src=\"https:\/\/i0.wp.com\/cdnoticias.com\/wp-content\/uploads\/2024\/07\/giro-ambiente.jpg?resize=800%2C532&#038;ssl=1\" alt=\"\" class=\"wp-image-121276\" srcset=\"https:\/\/i0.wp.com\/cdnoticias.com\/wp-content\/uploads\/2024\/07\/giro-ambiente.jpg?resize=1024%2C681&amp;ssl=1 1024w, https:\/\/i0.wp.com\/cdnoticias.com\/wp-content\/uploads\/2024\/07\/giro-ambiente.jpg?resize=300%2C200&amp;ssl=1 300w, https:\/\/i0.wp.com\/cdnoticias.com\/wp-content\/uploads\/2024\/07\/giro-ambiente.jpg?resize=768%2C511&amp;ssl=1 768w, https:\/\/i0.wp.com\/cdnoticias.com\/wp-content\/uploads\/2024\/07\/giro-ambiente.jpg?resize=272%2C182&amp;ssl=1 272w, https:\/\/i0.wp.com\/cdnoticias.com\/wp-content\/uploads\/2024\/07\/giro-ambiente.jpg?w=1400&amp;ssl=1 1400w\" sizes=\"auto, (max-width: 800px) 100vw, 800px\" \/><\/figure>\n\n\n\n<p>Cabe recordar que<strong> desde el 1\u00ba de julio, a partir de un convenio suscripto por el plazo de 12 meses, la Cooperativa \u201cViento en Contra\u201d se encuentra a cargo de la Operaci\u00f3n y Mantenimiento de la Planta de Recuperaci\u00f3n de Materiales Reciclables en el Relleno Sanitario.<\/strong><\/p>\n","protected":false},"excerpt":{"rendered":"<p>Pertenecen a la Cooperativa Viento en Contra. Recorrieron Barrio Luj\u00e1n y estar\u00e1n este mi\u00e9rcoles en barrio Hip\u00f3lito Yrigoyen, la denominada<\/p>\n","protected":false},"author":2,"featured_media":121279,"comment_status":"closed","ping_status":"closed","sticky":false,"template":"","format":"standard","meta":{"_jetpack_memberships_contains_paid_content":false,"footnotes":""},"categories":[5,1],"tags":[],"class_list":["post-121275","post","type-post","status-publish","format-standard","has-post-thumbnail","hentry","category-informacion-general","category-portada"],"jetpack_featured_media_url":"https:\/\/i0.wp.com\/cdnoticias.com\/wp-content\/uploads\/2024\/07\/giro-ambiente3.jpg?fit=1400%2C931&ssl=1","jetpack_sharing_enabled":true,"_links":{"self":[{"href":"https:\/\/cdnoticias.com\/index.php\/wp-json\/wp\/v2\/posts\/121275","targetHints":{"allow":["GET"]}}],"collection":[{"href":"https:\/\/cdnoticias.com\/index.php\/wp-json\/wp\/v2\/posts"}],"about":[{"href":"https:\/\/cdnoticias.com\/index.php\/wp-json\/wp\/v2\/types\/post"}],"author":[{"embeddable":true,"href":"https:\/\/cdnoticias.com\/index.php\/wp-json\/wp\/v2\/users\/2"}],"replies":[{"embeddable":true,"href":"https:\/\/cdnoticias.com\/index.php\/wp-json\/wp\/v2\/comments?post=121275"}],"version-history":[{"count":0,"href":"https:\/\/cdnoticias.com\/index.php\/wp-json\/wp\/v2\/posts\/121275\/revisions"}],"wp:featuredmedia":[{"embeddable":true,"href":"https:\/\/cdnoticias.com\/index.php\/wp-json\/wp\/v2\/media\/121279"}],"wp:attachment":[{"href":"https:\/\/cdnoticias.com\/index.php\/wp-json\/wp\/v2\/media?parent=121275"}],"wp:term":[{"taxonomy":"category","embeddable":true,"href":"https:\/\/cdnoticias.com\/index.php\/wp-json\/wp\/v2\/categories?post=121275"},{"taxonomy":"post_tag","embeddable":true,"href":"https:\/\/cdnoticias.com\/index.php\/wp-json\/wp\/v2\/tags?post=121275"}],"curies":[{"name":"wp","href":"https:\/\/api.w.org\/{rel}","templated":true}]}}