{"id":121249,"date":"2024-07-23T12:32:03","date_gmt":"2024-07-23T15:32:03","guid":{"rendered":"https:\/\/cdnoticias.com\/?p=121249"},"modified":"2024-07-23T19:10:24","modified_gmt":"2024-07-23T22:10:24","slug":"perros-envenenados-en-sierra-chica-nueva-manifestacion-esta-vez-frente-a-la-fiscalia","status":"publish","type":"post","link":"https:\/\/cdnoticias.com\/index.php\/2024\/07\/23\/perros-envenenados-en-sierra-chica-nueva-manifestacion-esta-vez-frente-a-la-fiscalia\/","title":{"rendered":"Perros envenenados en Sierra Chica: nueva manifestaci\u00f3n, esta vez frente a la Fiscal\u00eda"},"content":{"rendered":"<p>Vecinos de la localidad y miembros de la protectora Patitas Rescatadas reiteraron el pedido de \u201cjusticia\u201d este martes. En Sierra Chica \u201csigue el dolor\u201d dijo Gustavo Gregorini.<!--more--><\/p>\n<hr \/>\n<p>Este martes se concret\u00f3 la<strong> tercera manifestaci\u00f3n para visibilizar los casos de perros envenenados<\/strong> que el mes pasado se registraron <a href=\"https:\/\/cdnoticias.com\/index.php\/2024\/06\/18\/preocupacion-en-sierra-chica-por-la-aparicion-de-perros-envenenados\/\" target=\"_blank\" rel=\"noopener\">de forma numerosa <strong>en Sierra Chica<\/strong><\/a>. <strong>Vecinos de la localidad y miembros de la protectora Patitas Rescatadas<\/strong> estuvieron <strong>frente a la sede del Poder Judicial<\/strong> de Olavarr\u00eda a donde llevaron globos negros.<\/p>\n<p>Los manifestantes reclamaron por el <strong>esclarecimiento<\/strong> del caso. <strong>Gustavo Gregorini, uno de los denunciantes<\/strong>, inform\u00f3 que cuenta con el respaldo de un estudio jur\u00eddico de San Nicol\u00e1s y que<strong> aguarda los resultados de las pericias realizadas por la UFI N\u00ba 10 local<\/strong>. <em>\u201cEsto no puede ser, no va a quedar impune. Se lo puedo asegurar yo.<\/em> Nosotros somos pac\u00edficos, somos gente educada, no queremos ir al centro para evitar problemas, trastornos, ni molestar. Somos pac\u00edficos, no queremos quemar gomas, no somos piqueteros, somos gente que<strong> queremos un di\u00e1logo, queremos ayuda sobre todo para que esto se aclare\u201d<\/strong> subray\u00f3.<\/p>\n<p><img data-recalc-dims=\"1\" loading=\"lazy\" decoding=\"async\" class=\"alignnone size-full wp-image-121253\" src=\"https:\/\/i0.wp.com\/cdnoticias.com\/wp-content\/uploads\/2024\/07\/manifestacion-perritos-sierra-chica-fiscalia-03-mariela-sanchez-gustavo-gregorini.jpg?resize=800%2C445&#038;ssl=1\" alt=\"\" width=\"800\" height=\"445\" srcset=\"https:\/\/i0.wp.com\/cdnoticias.com\/wp-content\/uploads\/2024\/07\/manifestacion-perritos-sierra-chica-fiscalia-03-mariela-sanchez-gustavo-gregorini.jpg?w=1000&amp;ssl=1 1000w, https:\/\/i0.wp.com\/cdnoticias.com\/wp-content\/uploads\/2024\/07\/manifestacion-perritos-sierra-chica-fiscalia-03-mariela-sanchez-gustavo-gregorini.jpg?resize=300%2C167&amp;ssl=1 300w, https:\/\/i0.wp.com\/cdnoticias.com\/wp-content\/uploads\/2024\/07\/manifestacion-perritos-sierra-chica-fiscalia-03-mariela-sanchez-gustavo-gregorini.jpg?resize=768%2C427&amp;ssl=1 768w, https:\/\/i0.wp.com\/cdnoticias.com\/wp-content\/uploads\/2024\/07\/manifestacion-perritos-sierra-chica-fiscalia-03-mariela-sanchez-gustavo-gregorini.jpg?resize=800%2C445&amp;ssl=1 800w\" sizes=\"auto, (max-width: 800px) 100vw, 800px\" \/><\/p>\n<p><img data-recalc-dims=\"1\" loading=\"lazy\" decoding=\"async\" class=\"alignnone size-full wp-image-121254\" src=\"https:\/\/i0.wp.com\/cdnoticias.com\/wp-content\/uploads\/2024\/07\/manifestacion-perritos-sierra-chica-fiscalia-poder-judicial-04.jpg?resize=800%2C445&#038;ssl=1\" alt=\"\" width=\"800\" height=\"445\" srcset=\"https:\/\/i0.wp.com\/cdnoticias.com\/wp-content\/uploads\/2024\/07\/manifestacion-perritos-sierra-chica-fiscalia-poder-judicial-04.jpg?w=1000&amp;ssl=1 1000w, https:\/\/i0.wp.com\/cdnoticias.com\/wp-content\/uploads\/2024\/07\/manifestacion-perritos-sierra-chica-fiscalia-poder-judicial-04.jpg?resize=300%2C167&amp;ssl=1 300w, https:\/\/i0.wp.com\/cdnoticias.com\/wp-content\/uploads\/2024\/07\/manifestacion-perritos-sierra-chica-fiscalia-poder-judicial-04.jpg?resize=768%2C427&amp;ssl=1 768w, https:\/\/i0.wp.com\/cdnoticias.com\/wp-content\/uploads\/2024\/07\/manifestacion-perritos-sierra-chica-fiscalia-poder-judicial-04.jpg?resize=800%2C445&amp;ssl=1 800w\" sizes=\"auto, (max-width: 800px) 100vw, 800px\" \/><\/p>\n<p>Apunt\u00f3 a que <strong>cuando se conozcan los resultados de la pericia de autopsia y toxicol\u00f3gica, \u201clo primero que tendr\u00edan que hacer es saber de qu\u00e9 laboratorio sali\u00f3<\/strong>. Ese laboratorio, a qui\u00e9n distribuye. De ah\u00ed en m\u00e1s que ser\u00eda muy f\u00e1cil llegar\u201d indic\u00f3. Gregorini <strong>asegur\u00f3 que tiene presunciones acerca de cu\u00e1l fue el veneno utilizado<\/strong>, <em>\u201ces un veneno de los m\u00e1s potentes en estos momentos, donde le hace convulsi\u00f3n al animal y lo revienta en segundos. Nosotros tenemos mucha informaci\u00f3n\u201d<\/em>.<\/p>\n<blockquote><p>M\u00e1s adelante sostuvo que en la localidad \u201csigue el dolor\u201d a un mes del inicio de los hallazgos para describir la afectaci\u00f3n a sus vecinos, especialmente a las personas adultas mayores. \u201cYo no se lo voy a permitir. Voy a luchar hasta el final, como se lo dije siempre. El domingo fue el aniversario de los perritos, el D\u00eda Mundial del Perro, y yo no lo tengo\u201d agreg\u00f3 emocionado.<\/p><\/blockquote>\n<p><img data-recalc-dims=\"1\" loading=\"lazy\" decoding=\"async\" class=\"alignnone size-full wp-image-121252\" src=\"https:\/\/i0.wp.com\/cdnoticias.com\/wp-content\/uploads\/2024\/07\/manifestacion-perritos-sierra-chica-fiscalia-02.jpg?resize=800%2C445&#038;ssl=1\" alt=\"\" width=\"800\" height=\"445\" srcset=\"https:\/\/i0.wp.com\/cdnoticias.com\/wp-content\/uploads\/2024\/07\/manifestacion-perritos-sierra-chica-fiscalia-02.jpg?w=1000&amp;ssl=1 1000w, https:\/\/i0.wp.com\/cdnoticias.com\/wp-content\/uploads\/2024\/07\/manifestacion-perritos-sierra-chica-fiscalia-02.jpg?resize=300%2C167&amp;ssl=1 300w, https:\/\/i0.wp.com\/cdnoticias.com\/wp-content\/uploads\/2024\/07\/manifestacion-perritos-sierra-chica-fiscalia-02.jpg?resize=768%2C427&amp;ssl=1 768w, https:\/\/i0.wp.com\/cdnoticias.com\/wp-content\/uploads\/2024\/07\/manifestacion-perritos-sierra-chica-fiscalia-02.jpg?resize=800%2C445&amp;ssl=1 800w\" sizes=\"auto, (max-width: 800px) 100vw, 800px\" \/><\/p>\n<p><img data-recalc-dims=\"1\" loading=\"lazy\" decoding=\"async\" class=\"alignnone size-full wp-image-121251\" src=\"https:\/\/i0.wp.com\/cdnoticias.com\/wp-content\/uploads\/2024\/07\/manifestacion-perritos-sierra-chica-fiscalia-01-mariela-sanchez-gustavo-gregorini.jpg?resize=800%2C450&#038;ssl=1\" alt=\"\" width=\"800\" height=\"450\" srcset=\"https:\/\/i0.wp.com\/cdnoticias.com\/wp-content\/uploads\/2024\/07\/manifestacion-perritos-sierra-chica-fiscalia-01-mariela-sanchez-gustavo-gregorini.jpg?w=1000&amp;ssl=1 1000w, https:\/\/i0.wp.com\/cdnoticias.com\/wp-content\/uploads\/2024\/07\/manifestacion-perritos-sierra-chica-fiscalia-01-mariela-sanchez-gustavo-gregorini.jpg?resize=300%2C169&amp;ssl=1 300w, https:\/\/i0.wp.com\/cdnoticias.com\/wp-content\/uploads\/2024\/07\/manifestacion-perritos-sierra-chica-fiscalia-01-mariela-sanchez-gustavo-gregorini.jpg?resize=768%2C432&amp;ssl=1 768w\" sizes=\"auto, (max-width: 800px) 100vw, 800px\" \/><\/p>\n<p>El vecino de Sierra Chica afirm\u00f3 que los casos se siguen registrando: <strong>\u201ctenemos unos audios, tenemos videos de que han encontrado perros muertos en Sierra Bayas, en Hinojo frente al hospital dos perritos muertos\u201d<\/strong>. Agreg\u00f3 m\u00e1s adelante que<strong> tambi\u00e9n en Olavarr\u00eda, \u201cen el Cors\u00f3dromo, en barrio Pellegrini atr\u00e1s de La M\u00e1xima, en Villa Mail\u00edn<\/strong>. Est\u00e1n apareciendo animalitos muertos en muchos lados, \u00bfqu\u00e9 hay un solo psic\u00f3pata suelto en esta zona?\u201d se pregunt\u00f3.<\/p>\n<p>Por su lado, <strong>Mariela S\u00e1nchez, de la ONG Patitas Rescatadas<\/strong>, se quej\u00f3 de que no acompa\u00f1aron la manifestaci\u00f3n otras asociaciones protectoras locales. \u201cCuando un perro muerde y mata a una criatura, tanta movilizaci\u00f3n. \u00bfY qu\u00e9 pasa ahora que el ser humano mat\u00f3 a nuestros amiguitos de cuatro patas? No pasa nada. No hay movilizaciones. \u00bfD\u00f3nde est\u00e1n las protectoras en Olavarr\u00eda?\u201d.<\/p>\n","protected":false},"excerpt":{"rendered":"<p>Vecinos de la localidad y miembros de la protectora Patitas Rescatadas reiteraron el pedido de \u201cjusticia\u201d este martes. En Sierra<\/p>\n","protected":false},"author":4,"featured_media":121250,"comment_status":"closed","ping_status":"closed","sticky":false,"template":"","format":"standard","meta":{"_jetpack_memberships_contains_paid_content":false,"footnotes":""},"categories":[5,1],"tags":[],"class_list":["post-121249","post","type-post","status-publish","format-standard","has-post-thumbnail","hentry","category-informacion-general","category-portada"],"jetpack_featured_media_url":"https:\/\/i0.wp.com\/cdnoticias.com\/wp-content\/uploads\/2024\/07\/manifestacion-perritos-sierra-chica-fiscalia-00.jpg?fit=1000%2C556&ssl=1","jetpack_sharing_enabled":true,"_links":{"self":[{"href":"https:\/\/cdnoticias.com\/index.php\/wp-json\/wp\/v2\/posts\/121249","targetHints":{"allow":["GET"]}}],"collection":[{"href":"https:\/\/cdnoticias.com\/index.php\/wp-json\/wp\/v2\/posts"}],"about":[{"href":"https:\/\/cdnoticias.com\/index.php\/wp-json\/wp\/v2\/types\/post"}],"author":[{"embeddable":true,"href":"https:\/\/cdnoticias.com\/index.php\/wp-json\/wp\/v2\/users\/4"}],"replies":[{"embeddable":true,"href":"https:\/\/cdnoticias.com\/index.php\/wp-json\/wp\/v2\/comments?post=121249"}],"version-history":[{"count":0,"href":"https:\/\/cdnoticias.com\/index.php\/wp-json\/wp\/v2\/posts\/121249\/revisions"}],"wp:featuredmedia":[{"embeddable":true,"href":"https:\/\/cdnoticias.com\/index.php\/wp-json\/wp\/v2\/media\/121250"}],"wp:attachment":[{"href":"https:\/\/cdnoticias.com\/index.php\/wp-json\/wp\/v2\/media?parent=121249"}],"wp:term":[{"taxonomy":"category","embeddable":true,"href":"https:\/\/cdnoticias.com\/index.php\/wp-json\/wp\/v2\/categories?post=121249"},{"taxonomy":"post_tag","embeddable":true,"href":"https:\/\/cdnoticias.com\/index.php\/wp-json\/wp\/v2\/tags?post=121249"}],"curies":[{"name":"wp","href":"https:\/\/api.w.org\/{rel}","templated":true}]}}