{"id":121247,"date":"2024-08-04T09:22:39","date_gmt":"2024-08-04T12:22:39","guid":{"rendered":"https:\/\/cdnoticias.com\/?p=121247"},"modified":"2024-08-04T09:22:41","modified_gmt":"2024-08-04T12:22:41","slug":"clasica-y-solidaria-esta-vez-a-beneficio-de-ideo","status":"publish","type":"post","link":"https:\/\/cdnoticias.com\/index.php\/2024\/08\/04\/clasica-y-solidaria-esta-vez-a-beneficio-de-ideo\/","title":{"rendered":"\u201cCl\u00e1sica y Solidaria\u201d esta vez a beneficio de IDEO"},"content":{"rendered":"\n<p>Ser\u00e1 el s\u00e1bado 17 de agosto a las 20:00 en el Teatro Municipal. La entrada es libre y gratuita, pero quienes quieran colaborar con la instituci\u00f3n pueden hacerlo mediante la donaci\u00f3n de dinero en efectivo o a trav\u00e9s de un c\u00f3digo QR.<\/p>\n\n\n\n<hr class=\"wp-block-separator has-alpha-channel-opacity\"\/>\n\n\n\n<p>Desde la Subsecretar\u00eda de Cultura del Municipio de Olavarr\u00eda se confirm\u00f3 la <strong>nueva fecha del ciclo \u201cCl\u00e1sica y Solidaria\u201d<\/strong>, que une el arte y la solidaridad, para colaborar con las instituciones que desarrollan una importante labor en nuestra comunidad.<\/p>\n\n\n\n<p><\/p>\n\n\n\n<p>El <strong>s\u00e1bado 17 de agosto, a las 20 horas, en el Teatro Municipal,<\/strong> se realizar\u00e1 el pr\u00f3ximo concierto de la Orquesta Sinf\u00f3nica Municipal \u201cMtro. Mario Patan\u00e9\u201d a beneficio de <strong>Instituto de Ense\u00f1anza Oral IDEO.<\/strong><\/p>\n\n\n\n<p><\/p>\n\n\n\n<p>En esta oportunidad, el repertorio estar\u00e1 basado en obras de R. Carpio (1900-1986) Nocturno, J. S. Bach (1685-1750) Concierto para 2 violines en re menor, BWV 1043 con los m\u00fasicos solistas: Gast\u00f3n Orlando (viol\u00edn) \u2013 Ra\u00fal Minnig (viol\u00edn) e Invitado: Jes\u00fas Ca\u00f1ete (continuo); F. Danzi (1763-1826) Concertino para clarinete y fagot, en Si bemol, Op. 47 con los m\u00fasicos solistas: Ezequiel Lurbe (clarinete) \u2013 Diego Lurbe (fagot), Diego Lurbe (adaptaci\u00f3n); G. Bizet (1838-1875) Fantas\u00eda sobre \u201cCarmen\u201d con la solista: Mar\u00eda Luz Romero (flauta). La direcci\u00f3n estar\u00e1 a cargo del Mtro. Diego Lurbe y Mtro. Walter Salvareschi.<\/p>\n\n\n\n<p><\/p>\n\n\n\n<blockquote class=\"wp-block-quote is-layout-flow wp-block-quote-is-layout-flow\">\n<p>La modalidad es con entrada libre y gratuita pero quienes deseen colaborar con la instituci\u00f3n podr\u00e1n hacerlo mediante una donaci\u00f3n en efectivo por sobre o por billetera virtual a trav\u00e9s de un c\u00f3digo QR.<\/p>\n<\/blockquote>\n\n\n\n<p><\/p>\n\n\n\n<p><strong>\u201cCl\u00e1sica y Solidaria\u201d naci\u00f3 en el a\u00f1o 2013 <\/strong>tras un proyecto de unir la m\u00fasica con la solidaridad, y donde adem\u00e1s, se pudiera visibilizar el trabajo que hacen las instituciones que trabajan con las \u00e1reas m\u00e1s sensibles de nuestra sociedad. Con los a\u00f1os, esta propuesta se fue fortaleciendo transform\u00e1ndose en una gran posibilidad no solo para las instituciones que reciben un apoyo econ\u00f3mico sino tambi\u00e9n abrir la m\u00fasica cl\u00e1sica a un p\u00fablico m\u00e1s diverso.<\/p>\n","protected":false},"excerpt":{"rendered":"<p>Ser\u00e1 el s\u00e1bado 17 de agosto a las 20:00 en el Teatro Municipal. La entrada es libre y gratuita, pero<\/p>\n","protected":false},"author":2,"featured_media":115785,"comment_status":"closed","ping_status":"closed","sticky":false,"template":"","format":"standard","meta":{"_jetpack_memberships_contains_paid_content":false,"footnotes":""},"categories":[9,1],"tags":[],"class_list":["post-121247","post","type-post","status-publish","format-standard","has-post-thumbnail","hentry","category-cultura","category-portada"],"jetpack_featured_media_url":"https:\/\/i0.wp.com\/cdnoticias.com\/wp-content\/uploads\/2024\/05\/1o-Concierto-Clasica-y-Solidaria-10-1024x652-1.jpg?fit=800%2C445&ssl=1","jetpack_sharing_enabled":true,"_links":{"self":[{"href":"https:\/\/cdnoticias.com\/index.php\/wp-json\/wp\/v2\/posts\/121247","targetHints":{"allow":["GET"]}}],"collection":[{"href":"https:\/\/cdnoticias.com\/index.php\/wp-json\/wp\/v2\/posts"}],"about":[{"href":"https:\/\/cdnoticias.com\/index.php\/wp-json\/wp\/v2\/types\/post"}],"author":[{"embeddable":true,"href":"https:\/\/cdnoticias.com\/index.php\/wp-json\/wp\/v2\/users\/2"}],"replies":[{"embeddable":true,"href":"https:\/\/cdnoticias.com\/index.php\/wp-json\/wp\/v2\/comments?post=121247"}],"version-history":[{"count":0,"href":"https:\/\/cdnoticias.com\/index.php\/wp-json\/wp\/v2\/posts\/121247\/revisions"}],"wp:featuredmedia":[{"embeddable":true,"href":"https:\/\/cdnoticias.com\/index.php\/wp-json\/wp\/v2\/media\/115785"}],"wp:attachment":[{"href":"https:\/\/cdnoticias.com\/index.php\/wp-json\/wp\/v2\/media?parent=121247"}],"wp:term":[{"taxonomy":"category","embeddable":true,"href":"https:\/\/cdnoticias.com\/index.php\/wp-json\/wp\/v2\/categories?post=121247"},{"taxonomy":"post_tag","embeddable":true,"href":"https:\/\/cdnoticias.com\/index.php\/wp-json\/wp\/v2\/tags?post=121247"}],"curies":[{"name":"wp","href":"https:\/\/api.w.org\/{rel}","templated":true}]}}