{"id":12122,"date":"2021-01-23T18:10:10","date_gmt":"2021-01-23T21:10:10","guid":{"rendered":"http:\/\/www.centraldenoticias.com.ar\/?p=12122"},"modified":"2021-01-23T18:20:57","modified_gmt":"2021-01-23T21:20:57","slug":"abigeatos-decomisan-14-kilos-de-carne-de-un-comercio-por-irregularidades","status":"publish","type":"post","link":"https:\/\/cdnoticias.com\/index.php\/2021\/01\/23\/abigeatos-decomisan-14-kilos-de-carne-de-un-comercio-por-irregularidades\/","title":{"rendered":"Abigeatos: Decomisan 14 kilos de carne de un comercio por irregularidades"},"content":{"rendered":"<p>Se realiz\u00f3 un operativo entre el Comando de Prevenci\u00f3n rural y personal de Bromatolog\u00eda Municipal. El comercio est\u00e1 ubicado en Fassina al 2200.<!--more--><\/p>\n<hr \/>\n<p>En la jornada de este s\u00e1bado, <strong>personal de Comando de Prevenci\u00f3n Rural y de Bromatolog\u00eda Municipal decomisaron alrededor de 14 kilos de carne de un comercio en Fassina al 2200 por presentar diversas irregularidades de habilitaci\u00f3n y certificaci\u00f3n de la mercader\u00eda.<\/strong> Todo, en el marco de investigaci\u00f3n por hechos de abigeo.<\/p>\n<p>&nbsp;<\/p>\n<blockquote><p>Tras diversas tareas investigativas luego de conocerse varios abigeatos, se realiz\u00f3 el procedimiento en una despensa donde encontraron aproximadamente 14 kilos de carne de dudosa procedencia.<\/p><\/blockquote>\n<p>&nbsp;<\/p>\n<p>Seg\u00fan el parte oficial, <strong>estaba discriminada por varios cortes y hab\u00eda tambi\u00e9n 4kg de milanesas preparadas<\/strong>. Fue decomisada, adem\u00e1s de por no tener habilitaci\u00f3n municipal para funcionar como comercio, por<em> \u201ccarecer factura y\/o remito de dicha mercader\u00eda\u201d.<\/em><\/p>\n<p>&nbsp;<\/p>\n<p>En presencia del titular de la UFI N.\u00ba 19, el doctor Lucas Moyano, <strong>se ordeno el recogimiento de la carne para su secuestro y correspondiente peritaje.<\/strong><\/p>\n<p>&nbsp;<\/p>\n<p>Con respecto a los imputados, se les notific\u00f3 la formaci\u00f3n de causa y se labraron actuaciones por infraccionar el art\u00edculo 206 del C\u00f3digo Penal, as\u00ed como tambi\u00e9n a la ordenanza 3027\/06 y 294\/85, estas \u00faltimas con injerencia del Juzgado de Faltas local, a cargo del doctor Luciano Blanco.<\/p>\n","protected":false},"excerpt":{"rendered":"<p>Se realiz\u00f3 un operativo entre el Comando de Prevenci\u00f3n rural y personal de Bromatolog\u00eda Municipal. El comercio est\u00e1 ubicado en<\/p>\n","protected":false},"author":2,"featured_media":12123,"comment_status":"closed","ping_status":"closed","sticky":false,"template":"","format":"standard","meta":{"_jetpack_memberships_contains_paid_content":false,"footnotes":""},"categories":[14,1],"tags":[],"class_list":["post-12122","post","type-post","status-publish","format-standard","has-post-thumbnail","hentry","category-policiales","category-portada"],"jetpack_featured_media_url":"https:\/\/i0.wp.com\/cdnoticias.com\/wp-content\/uploads\/2021\/01\/WhatsApp-Image-2021-01-23-at-16.33.12.jpeg?fit=1280%2C639&ssl=1","jetpack_sharing_enabled":true,"_links":{"self":[{"href":"https:\/\/cdnoticias.com\/index.php\/wp-json\/wp\/v2\/posts\/12122","targetHints":{"allow":["GET"]}}],"collection":[{"href":"https:\/\/cdnoticias.com\/index.php\/wp-json\/wp\/v2\/posts"}],"about":[{"href":"https:\/\/cdnoticias.com\/index.php\/wp-json\/wp\/v2\/types\/post"}],"author":[{"embeddable":true,"href":"https:\/\/cdnoticias.com\/index.php\/wp-json\/wp\/v2\/users\/2"}],"replies":[{"embeddable":true,"href":"https:\/\/cdnoticias.com\/index.php\/wp-json\/wp\/v2\/comments?post=12122"}],"version-history":[{"count":0,"href":"https:\/\/cdnoticias.com\/index.php\/wp-json\/wp\/v2\/posts\/12122\/revisions"}],"wp:featuredmedia":[{"embeddable":true,"href":"https:\/\/cdnoticias.com\/index.php\/wp-json\/wp\/v2\/media\/12123"}],"wp:attachment":[{"href":"https:\/\/cdnoticias.com\/index.php\/wp-json\/wp\/v2\/media?parent=12122"}],"wp:term":[{"taxonomy":"category","embeddable":true,"href":"https:\/\/cdnoticias.com\/index.php\/wp-json\/wp\/v2\/categories?post=12122"},{"taxonomy":"post_tag","embeddable":true,"href":"https:\/\/cdnoticias.com\/index.php\/wp-json\/wp\/v2\/tags?post=12122"}],"curies":[{"name":"wp","href":"https:\/\/api.w.org\/{rel}","templated":true}]}}