{"id":121209,"date":"2024-07-22T18:38:20","date_gmt":"2024-07-22T21:38:20","guid":{"rendered":"https:\/\/cdnoticias.com\/?p=121209"},"modified":"2024-07-22T19:42:03","modified_gmt":"2024-07-22T22:42:03","slug":"corte-de-luz-en-un-sector-de-microcentro","status":"publish","type":"post","link":"https:\/\/cdnoticias.com\/index.php\/2024\/07\/22\/corte-de-luz-en-un-sector-de-microcentro\/","title":{"rendered":"Corte de luz en un sector de Microcentro"},"content":{"rendered":"\n<p>Ser\u00e1 este martes durante la ma\u00f1ana por motivos de mantenimiento de la red.<\/p>\n\n\n\n<hr class=\"wp-block-separator has-alpha-channel-opacity\"\/>\n\n\n\n<p>Desde Coopelectric se se\u00f1al\u00f3 que este martes 23 de julio se producir\u00e1 la <strong>interrupci\u00f3n del servicio de energ\u00eda en un sector del Microcentro.<\/strong><\/p>\n\n\n\n<p><\/p>\n\n\n\n<blockquote class=\"wp-block-quote is-layout-flow wp-block-quote-is-layout-flow\">\n<p>Seg\u00fan se indic\u00f3, el sector afectado est\u00e1 comprendido por Brown, avenida Col\u00f3n, Vicente L\u00f3pez y \u00c1lvaro Barros.<\/p>\n<\/blockquote>\n\n\n\n<p><\/p>\n\n\n\n<p>El corte se producir\u00e1 en el horario de <strong>7:30 a 8:00 <\/strong>y las tareas pueden ser reprogramadas si las condiciones clim\u00e1ticas son adversas.<\/p>\n","protected":false},"excerpt":{"rendered":"<p>Ser\u00e1 este martes durante la ma\u00f1ana por motivos de mantenimiento de la red. Desde Coopelectric se se\u00f1al\u00f3 que este martes<\/p>\n","protected":false},"author":2,"featured_media":41402,"comment_status":"closed","ping_status":"closed","sticky":false,"template":"","format":"standard","meta":{"_jetpack_memberships_contains_paid_content":false,"footnotes":""},"categories":[5,1],"tags":[],"class_list":["post-121209","post","type-post","status-publish","format-standard","has-post-thumbnail","hentry","category-informacion-general","category-portada"],"jetpack_featured_media_url":"https:\/\/i0.wp.com\/cdnoticias.com\/wp-content\/uploads\/2021\/12\/coopelectric-camion1.jpg?fit=1540%2C856&ssl=1","jetpack_sharing_enabled":true,"_links":{"self":[{"href":"https:\/\/cdnoticias.com\/index.php\/wp-json\/wp\/v2\/posts\/121209","targetHints":{"allow":["GET"]}}],"collection":[{"href":"https:\/\/cdnoticias.com\/index.php\/wp-json\/wp\/v2\/posts"}],"about":[{"href":"https:\/\/cdnoticias.com\/index.php\/wp-json\/wp\/v2\/types\/post"}],"author":[{"embeddable":true,"href":"https:\/\/cdnoticias.com\/index.php\/wp-json\/wp\/v2\/users\/2"}],"replies":[{"embeddable":true,"href":"https:\/\/cdnoticias.com\/index.php\/wp-json\/wp\/v2\/comments?post=121209"}],"version-history":[{"count":0,"href":"https:\/\/cdnoticias.com\/index.php\/wp-json\/wp\/v2\/posts\/121209\/revisions"}],"wp:featuredmedia":[{"embeddable":true,"href":"https:\/\/cdnoticias.com\/index.php\/wp-json\/wp\/v2\/media\/41402"}],"wp:attachment":[{"href":"https:\/\/cdnoticias.com\/index.php\/wp-json\/wp\/v2\/media?parent=121209"}],"wp:term":[{"taxonomy":"category","embeddable":true,"href":"https:\/\/cdnoticias.com\/index.php\/wp-json\/wp\/v2\/categories?post=121209"},{"taxonomy":"post_tag","embeddable":true,"href":"https:\/\/cdnoticias.com\/index.php\/wp-json\/wp\/v2\/tags?post=121209"}],"curies":[{"name":"wp","href":"https:\/\/api.w.org\/{rel}","templated":true}]}}