{"id":121200,"date":"2024-07-22T17:30:55","date_gmt":"2024-07-22T20:30:55","guid":{"rendered":"https:\/\/cdnoticias.com\/?p=121200"},"modified":"2024-07-22T20:27:21","modified_gmt":"2024-07-22T23:27:21","slug":"el-ex-delegado-de-espigas-admitio-que-cedio-terrenos-de-una-empresa-privada","status":"publish","type":"post","link":"https:\/\/cdnoticias.com\/index.php\/2024\/07\/22\/el-ex-delegado-de-espigas-admitio-que-cedio-terrenos-de-una-empresa-privada\/","title":{"rendered":"El ex delegado de Espigas admiti\u00f3 que cedi\u00f3 terrenos de una empresa privada"},"content":{"rendered":"\n<p>Luis Mansur habl\u00f3 tras ser desplazado de su cargo por el Municipio. Indic\u00f3 que fueron otorgados a \u201cgente que lo necesita\u201d y que era \u201cuna pr\u00e1ctica com\u00fan de otros delegados municipales\u201d.<\/p>\n\n\n\n<hr class=\"wp-block-separator has-alpha-channel-opacity\"\/>\n\n\n\n<p>Luego de conocerse la decisi\u00f3n del Municipio de<a href=\"https:\/\/cdnoticias.com\/index.php\/2024\/07\/22\/tras-una-auditoria-interna-desplazaron-al-delegado-de-espigas\/\" data-type=\"link\" data-id=\"https:\/\/cdnoticias.com\/index.php\/2024\/07\/22\/tras-una-auditoria-interna-desplazaron-al-delegado-de-espigas\/\"> desplazar de su cargo el delegado de Espigas Luis Mansur<\/a> admiti\u00f3 que <a href=\"https:\/\/cdnoticias.com\/index.php\/2024\/07\/22\/investigan-al-ex-delegado-de-espigas-por-ceder-terrenos-a-vecinos\/\" data-type=\"link\" data-id=\"https:\/\/cdnoticias.com\/index.php\/2024\/07\/22\/investigan-al-ex-delegado-de-espigas-por-ceder-terrenos-a-vecinos\/\">cedi\u00f3 terrenos <\/a>de una empresa privada.<\/p>\n\n\n\n<p><\/p>\n\n\n\n<p>En di\u00e1logo <strong>con la periodista Claudia Bilbao para \u201cDesayuno con Noticias\u201d <\/strong>cont\u00f3 que se neg\u00f3 a firmar una nota en el Municipio dado que se\u00f1alaba que \u00e9l hab\u00eda vendido terrenos y \u201ceso no es cierto\u201d. Admiti\u00f3 que \u201che cedido terrenos de la compa\u00f1\u00eda La Burs\u00e1til SRL. Esta compa\u00f1\u00eda compr\u00f3 terrenos hace cincuenta a\u00f1os ac\u00e1 en Espigas. <strong>Yo lo que hice fue ceder terrenos a gente que realmente lo necesita<\/strong>\u201d.<\/p>\n\n\n\n<p><\/p>\n\n\n\n<p>Y agreg\u00f3 que era una pr\u00e1ctica habitual en la localidd: \u201cel terreno que tengo yo ac\u00e1 en mi casa, que hace 30 a\u00f1os que estoy, me lo cedi\u00f3 el delegado de ese momento que era Carlos Fortunato. Despu\u00e9s pas\u00f3 otra Delegada que tambi\u00e9n cedi\u00f3 muchos terrenos de esta compa\u00f1\u00eda\u201d.<\/p>\n\n\n\n<p><\/p>\n\n\n\n<blockquote class=\"wp-block-quote is-layout-flow wp-block-quote-is-layout-flow\">\n<p>Luis Mansur asegur\u00f3 que \u201ctengo el aval del apoderado (de la empresa La Burs\u00e1til SRL) que es Carlos Fort\u00edn. Me comuniqu\u00e9 con \u00e9l porque quedaban muchos terrenos y<strong> quer\u00eda ced\u00e9rselo a gente que realmente necesita. <\/strong>Estoy tranquilo porque yo ced\u00ed terrenos a gente que realmente lo necesita\u201d, dijo Mansur<\/p>\n<\/blockquote>\n\n\n\n<p><\/p>\n\n\n\n<p>Luis Mansur explic\u00f3 el camino recorrido y dijo que cuando \u201cse juntan unos 15 terrenos que cede \u00e9l (en referencia al apoderado) viene la Escriban\u00eda Lucas, como ha venido toda la vida, firma la Escritura. No se ha hecho nada fuera de la Ley\u201d.<\/p>\n\n\n\n<p><\/p>\n\n\n\n<p>Por otra parte, se\u00f1al\u00f3 que los terrenos fueron cedidos<strong> \u201chace un mes y pico atr\u00e1s\u201d <\/strong>y que \u201cla semana pasada y la anterior vino un agrimensor que estuvo midiendo los terrenos de la gente que le ced\u00ed para hacerle la c\u00e9dula para que esta gente pueda ir a la Escriban\u00eda Lucas a escriturar\u201d.<\/p>\n\n\n\n<p><\/p>\n\n\n\n<blockquote class=\"wp-block-quote is-layout-flow wp-block-quote-is-layout-flow\">\n<p>\u201cYo le hice un papel aclar\u00e1ndole a la persona que le ced\u00ed el terreno cu\u00e1l era su parcela as\u00ed se lo mostraba al agrimensor\u201d, cont\u00f3 Masur y afirm\u00f3 que \u201cac\u00e1 no se agarr\u00f3 un peso de nada\u201d.<\/p>\n<\/blockquote>\n\n\n\n<p><\/p>\n\n\n\n<p><strong>\u201cPara m\u00ed esto es una pol\u00edtica sucia\u201d<\/strong>, continu\u00f3 Mansur y resalt\u00f3 que \u201clo que pasa es que la nueva gesti\u00f3n tal vez no me quiera a m\u00ed como delegado y quiera poner a otra persona. Entonces quienes embarrar la cancha. Mi nombre y apellido no me lo van a ensuciar\u201d, concluy\u00f3.<\/p>\n\n\n\n<p><\/p>\n\n\n\n<p><blockquote class=\"wp-embedded-content\" data-secret=\"GTF4WtArFk\"><a href=\"https:\/\/cdnoticias.com\/index.php\/2024\/07\/22\/investigan-al-ex-delegado-de-espigas-por-ceder-terrenos-a-vecinos\/\">Investigan al ex delegado de Espigas por ceder terrenos a vecinos<\/a><\/blockquote><iframe loading=\"lazy\" class=\"wp-embedded-content\" sandbox=\"allow-scripts\" security=\"restricted\" style=\"position: absolute; clip: rect(1px, 1px, 1px, 1px);\" title=\"&#8220;Investigan al ex delegado de Espigas por ceder terrenos a vecinos&#8221; &#8212; Central de Noticias | Olavarr\u00eda\" src=\"https:\/\/cdnoticias.com\/index.php\/2024\/07\/22\/investigan-al-ex-delegado-de-espigas-por-ceder-terrenos-a-vecinos\/embed\/#?secret=OWUjVnVEj4#?secret=GTF4WtArFk\" data-secret=\"GTF4WtArFk\" width=\"600\" height=\"338\" frameborder=\"0\" marginwidth=\"0\" marginheight=\"0\" scrolling=\"no\"><\/iframe><\/p>\n\n\n\n<p><\/p>\n","protected":false},"excerpt":{"rendered":"<p>Luis Mansur habl\u00f3 tras ser desplazado de su cargo por el Municipio. Indic\u00f3 que fueron otorgados a \u201cgente que lo<\/p>\n","protected":false},"author":2,"featured_media":121202,"comment_status":"closed","ping_status":"closed","sticky":false,"template":"","format":"standard","meta":{"_jetpack_memberships_contains_paid_content":false,"footnotes":""},"categories":[5,1],"tags":[],"class_list":["post-121200","post","type-post","status-publish","format-standard","has-post-thumbnail","hentry","category-informacion-general","category-portada"],"jetpack_featured_media_url":"https:\/\/i0.wp.com\/cdnoticias.com\/wp-content\/uploads\/2024\/07\/Plaza-Espigas-6.jpg?fit=800%2C445&ssl=1","jetpack_sharing_enabled":true,"_links":{"self":[{"href":"https:\/\/cdnoticias.com\/index.php\/wp-json\/wp\/v2\/posts\/121200","targetHints":{"allow":["GET"]}}],"collection":[{"href":"https:\/\/cdnoticias.com\/index.php\/wp-json\/wp\/v2\/posts"}],"about":[{"href":"https:\/\/cdnoticias.com\/index.php\/wp-json\/wp\/v2\/types\/post"}],"author":[{"embeddable":true,"href":"https:\/\/cdnoticias.com\/index.php\/wp-json\/wp\/v2\/users\/2"}],"replies":[{"embeddable":true,"href":"https:\/\/cdnoticias.com\/index.php\/wp-json\/wp\/v2\/comments?post=121200"}],"version-history":[{"count":0,"href":"https:\/\/cdnoticias.com\/index.php\/wp-json\/wp\/v2\/posts\/121200\/revisions"}],"wp:featuredmedia":[{"embeddable":true,"href":"https:\/\/cdnoticias.com\/index.php\/wp-json\/wp\/v2\/media\/121202"}],"wp:attachment":[{"href":"https:\/\/cdnoticias.com\/index.php\/wp-json\/wp\/v2\/media?parent=121200"}],"wp:term":[{"taxonomy":"category","embeddable":true,"href":"https:\/\/cdnoticias.com\/index.php\/wp-json\/wp\/v2\/categories?post=121200"},{"taxonomy":"post_tag","embeddable":true,"href":"https:\/\/cdnoticias.com\/index.php\/wp-json\/wp\/v2\/tags?post=121200"}],"curies":[{"name":"wp","href":"https:\/\/api.w.org\/{rel}","templated":true}]}}