{"id":12120,"date":"2021-01-23T17:28:35","date_gmt":"2021-01-23T20:28:35","guid":{"rendered":"http:\/\/www.centraldenoticias.com.ar\/?p=12120"},"modified":"2021-01-24T08:48:31","modified_gmt":"2021-01-24T11:48:31","slug":"tomas-trepichio-tomi-q-e-p-d","status":"publish","type":"post","link":"https:\/\/cdnoticias.com\/index.php\/2021\/01\/23\/tomas-trepichio-tomi-q-e-p-d\/","title":{"rendered":"Tom\u00e1s Trepichio &#8220;Tomi&#8221; (Q.E.P.D.)"},"content":{"rendered":"<p>Falleci\u00f3 en Olavarr\u00eda el 22 de enero a los 24 a\u00f1os de edad. Sus padres Sergio y Mar\u00eda Cristina; su hermano Manuel; sus amigos y dem\u00e1s deudos participan su fallecimiento. Integrantes del Cuerpo de Delegados de la Cooperativa de Electricidad de Olavarr\u00eda acompa\u00f1an a su familia en el dolor.<\/p>\n<p>&nbsp;<\/p>\n<p>Sus restos ser\u00e1n velados en la sala de Espa\u00f1a 2942 departamento \u201cD\u201d desde las 06.30 de este domingo, e inhumados en el Cementerio de Sierras Bayas a las 08.30 horas. Nacido en Olavarr\u00eda, vecino de barrio Luj\u00e1n, protesista.<\/p>\n","protected":false},"excerpt":{"rendered":"<p>Falleci\u00f3 en Olavarr\u00eda el 22 de enero a los 24 a\u00f1os de edad. Sus padres Sergio y Mar\u00eda Cristina; su<\/p>\n","protected":false},"author":2,"featured_media":0,"comment_status":"closed","ping_status":"closed","sticky":false,"template":"","format":"standard","meta":{"_jetpack_memberships_contains_paid_content":false,"footnotes":""},"categories":[10],"tags":[],"class_list":["post-12120","post","type-post","status-publish","format-standard","hentry","category-necrologicas"],"jetpack_featured_media_url":"","jetpack_sharing_enabled":true,"_links":{"self":[{"href":"https:\/\/cdnoticias.com\/index.php\/wp-json\/wp\/v2\/posts\/12120","targetHints":{"allow":["GET"]}}],"collection":[{"href":"https:\/\/cdnoticias.com\/index.php\/wp-json\/wp\/v2\/posts"}],"about":[{"href":"https:\/\/cdnoticias.com\/index.php\/wp-json\/wp\/v2\/types\/post"}],"author":[{"embeddable":true,"href":"https:\/\/cdnoticias.com\/index.php\/wp-json\/wp\/v2\/users\/2"}],"replies":[{"embeddable":true,"href":"https:\/\/cdnoticias.com\/index.php\/wp-json\/wp\/v2\/comments?post=12120"}],"version-history":[{"count":0,"href":"https:\/\/cdnoticias.com\/index.php\/wp-json\/wp\/v2\/posts\/12120\/revisions"}],"wp:attachment":[{"href":"https:\/\/cdnoticias.com\/index.php\/wp-json\/wp\/v2\/media?parent=12120"}],"wp:term":[{"taxonomy":"category","embeddable":true,"href":"https:\/\/cdnoticias.com\/index.php\/wp-json\/wp\/v2\/categories?post=12120"},{"taxonomy":"post_tag","embeddable":true,"href":"https:\/\/cdnoticias.com\/index.php\/wp-json\/wp\/v2\/tags?post=12120"}],"curies":[{"name":"wp","href":"https:\/\/api.w.org\/{rel}","templated":true}]}}